{"id":23474,"date":"2021-03-17T12:40:33","date_gmt":"2021-03-17T15:40:33","guid":{"rendered":"https:\/\/insurancecorp.com.br\/pt\/?p=23474"},"modified":"2021-03-17T12:40:33","modified_gmt":"2021-03-17T15:40:33","slug":"podcast-ans-diretor-de-fiscalizacao-fala-sobre-resolucao-de-conflitos","status":"publish","type":"post","link":"https:\/\/insurancecorp.com.br\/pt\/2021\/03\/17\/podcast-ans-diretor-de-fiscalizacao-fala-sobre-resolucao-de-conflitos\/","title":{"rendered":"Podcast ANS &#8211; diretor de Fiscaliza\u00e7\u00e3o fala sobre resolu\u00e7\u00e3o de conflitos"},"content":{"rendered":"<p>Est\u00e1 no ar o terceiro epis\u00f3dio do podcast ANS em Pauta &#8211; Planos de Sa\u00fade, produzido pela Ag\u00eancia Nacional de Sa\u00fade Suplementar. Neste programa, disponibilizado aos ouvintes na semana em que \u00e9 celebrado o Dia Mundial do Consumidor, conversamos com o diretor de Fiscaliza\u00e7\u00e3o substituto, Maur\u00edcio Nunes.<br \/>\nNa entrevista, ele aborda um dos instrumentos mais importantes na rela\u00e7\u00e3o com os benefici\u00e1rios &#8211; a Notifica\u00e7\u00e3o de Intermedia\u00e7\u00e3o Preliminar (NIP), ferramenta que objetiva resolver, de forma r\u00e1pida, as reclama\u00e7\u00f5es contra planos de sa\u00fade recebidas pelos canais de atendimento da ANS.<br \/>\nO podcast ANS em Pauta \u2013 Planos de Sa\u00fade \u00e9 divulgado no portal da reguladora e em plataformas de m\u00eddia como Spotify, Apple Podcasts, Google Podcasts, Breaker, Pocket Casts, Radio Public e Anchor.<br \/>\nAcesse e confira o Podcast ANS em Pauta: <a href=\"http:\/\/www.ans.gov.br\/images\/stories\/audios\/EP03_ANS_em_Pauta.mp3\">www.ans.gov.br\/images\/stories\/audios\/EP03_ANS_em_Pauta.mp3<\/a><\/p>\n<p><strong>Assessoria de Imprensa ANS<\/strong><\/p>\n","protected":false},"excerpt":{"rendered":"<p>Est\u00e1 no ar o terceiro epis\u00f3dio do podcast ANS em Pauta &#8211; Planos de Sa\u00fade, produzido pela Ag\u00eancia Nacional de Sa\u00fade Suplementar. Neste programa, disponibilizado aos ouvintes na semana em que \u00e9 celebrado o Dia Mundial do Consumidor, conversamos com o diretor de Fiscaliza\u00e7\u00e3o substituto, Maur\u00edcio Nunes. Na entrevista, ele aborda um dos instrumentos mais [&hellip;]<\/p>\n","protected":false},"author":2,"featured_media":23476,"comment_status":"open","ping_status":"open","sticky":false,"template":"","format":"standard","meta":[],"categories":[380],"tags":[],"jetpack_featured_media_url":"https:\/\/insurancecorp.com.br\/pt\/wp-content\/uploads\/2021\/03\/Agnaldo-4.jpg","yoast_head":"<!-- This site is optimized with the Yoast SEO plugin v14.8 - https:\/\/yoast.com\/wordpress\/plugins\/seo\/ -->\n<title>Podcast ANS - diretor de Fiscaliza\u00e7\u00e3o fala sobre resolu\u00e7\u00e3o de conflitos | Revista Insurance Corp | PT-BR<\/title>\n<meta name=\"robots\" content=\"index, follow\" \/>\n<meta name=\"googlebot\" content=\"index, follow, max-snippet:-1, max-image-preview:large, max-video-preview:-1\" \/>\n<meta name=\"bingbot\" content=\"index, follow, max-snippet:-1, max-image-preview:large, max-video-preview:-1\" \/>\n<link rel=\"canonical\" href=\"https:\/\/insurancecorp.com.br\/pt\/2021\/03\/17\/podcast-ans-diretor-de-fiscalizacao-fala-sobre-resolucao-de-conflitos\/\" \/>\n<meta property=\"og:locale\" content=\"pt_BR\" \/>\n<meta property=\"og:type\" content=\"article\" \/>\n<meta property=\"og:title\" content=\"Podcast ANS - diretor de Fiscaliza\u00e7\u00e3o fala sobre resolu\u00e7\u00e3o de conflitos | Revista Insurance Corp | PT-BR\" \/>\n<meta property=\"og:description\" content=\"Est\u00e1 no ar o terceiro epis\u00f3dio do podcast ANS em Pauta &#8211; Planos de Sa\u00fade, produzido pela Ag\u00eancia Nacional de Sa\u00fade Suplementar. Neste programa, disponibilizado aos ouvintes na semana em que \u00e9 celebrado o Dia Mundial do Consumidor, conversamos com o diretor de Fiscaliza\u00e7\u00e3o substituto, Maur\u00edcio Nunes. Na entrevista, ele aborda um dos instrumentos mais [&hellip;]\" \/>\n<meta property=\"og:url\" content=\"https:\/\/insurancecorp.com.br\/pt\/2021\/03\/17\/podcast-ans-diretor-de-fiscalizacao-fala-sobre-resolucao-de-conflitos\/\" \/>\n<meta property=\"og:site_name\" content=\"Revista Insurance Corp | PT-BR\" \/>\n<meta property=\"article:publisher\" content=\"https:\/\/www.facebook.com\/RevistaInsuranceCorp\/\" \/>\n<meta property=\"article:published_time\" content=\"2021-03-17T15:40:33+00:00\" \/>\n<meta property=\"og:image\" content=\"https:\/\/insurancecorp.com.br\/pt\/wp-content\/uploads\/2021\/03\/Agnaldo-4.jpg\" \/>\n\t<meta property=\"og:image:width\" content=\"547\" \/>\n\t<meta property=\"og:image:height\" content=\"435\" \/>\n<meta name=\"twitter:card\" content=\"summary\" \/>\n<script type=\"application\/ld+json\" class=\"yoast-schema-graph\">{\"@context\":\"https:\/\/schema.org\",\"@graph\":[{\"@type\":\"Organization\",\"@id\":\"https:\/\/insurancecorp.com.br\/pt\/#organization\",\"name\":\"Revista Insurance Corp\",\"url\":\"https:\/\/insurancecorp.com.br\/pt\/\",\"sameAs\":[\"https:\/\/www.facebook.com\/RevistaInsuranceCorp\/\"],\"logo\":{\"@type\":\"ImageObject\",\"@id\":\"https:\/\/insurancecorp.com.br\/pt\/#logo\",\"inLanguage\":\"pt-BR\",\"url\":\"\",\"caption\":\"Revista Insurance Corp\"},\"image\":{\"@id\":\"https:\/\/insurancecorp.com.br\/pt\/#logo\"}},{\"@type\":\"WebSite\",\"@id\":\"https:\/\/insurancecorp.com.br\/pt\/#website\",\"url\":\"https:\/\/insurancecorp.com.br\/pt\/\",\"name\":\"Revista Insurance Corp | PT-BR\",\"description\":\"A \\u00fanica revista bil\\u00edngue voltada ao mercado de seguro.\",\"publisher\":{\"@id\":\"https:\/\/insurancecorp.com.br\/pt\/#organization\"},\"potentialAction\":[{\"@type\":\"SearchAction\",\"target\":\"https:\/\/insurancecorp.com.br\/pt\/?s={search_term_string}\",\"query-input\":\"required name=search_term_string\"}],\"inLanguage\":\"pt-BR\"},{\"@type\":\"ImageObject\",\"@id\":\"https:\/\/insurancecorp.com.br\/pt\/2021\/03\/17\/podcast-ans-diretor-de-fiscalizacao-fala-sobre-resolucao-de-conflitos\/#primaryimage\",\"inLanguage\":\"pt-BR\",\"url\":\"https:\/\/insurancecorp.com.br\/pt\/wp-content\/uploads\/2021\/03\/Agnaldo-4.jpg\",\"width\":547,\"height\":435},{\"@type\":\"WebPage\",\"@id\":\"https:\/\/insurancecorp.com.br\/pt\/2021\/03\/17\/podcast-ans-diretor-de-fiscalizacao-fala-sobre-resolucao-de-conflitos\/#webpage\",\"url\":\"https:\/\/insurancecorp.com.br\/pt\/2021\/03\/17\/podcast-ans-diretor-de-fiscalizacao-fala-sobre-resolucao-de-conflitos\/\",\"name\":\"Podcast ANS - diretor de Fiscaliza\\u00e7\\u00e3o fala sobre resolu\\u00e7\\u00e3o de conflitos | Revista Insurance Corp | PT-BR\",\"isPartOf\":{\"@id\":\"https:\/\/insurancecorp.com.br\/pt\/#website\"},\"primaryImageOfPage\":{\"@id\":\"https:\/\/insurancecorp.com.br\/pt\/2021\/03\/17\/podcast-ans-diretor-de-fiscalizacao-fala-sobre-resolucao-de-conflitos\/#primaryimage\"},\"datePublished\":\"2021-03-17T15:40:33+00:00\",\"dateModified\":\"2021-03-17T15:40:33+00:00\",\"inLanguage\":\"pt-BR\",\"potentialAction\":[{\"@type\":\"ReadAction\",\"target\":[\"https:\/\/insurancecorp.com.br\/pt\/2021\/03\/17\/podcast-ans-diretor-de-fiscalizacao-fala-sobre-resolucao-de-conflitos\/\"]}]},{\"@type\":\"Article\",\"@id\":\"https:\/\/insurancecorp.com.br\/pt\/2021\/03\/17\/podcast-ans-diretor-de-fiscalizacao-fala-sobre-resolucao-de-conflitos\/#article\",\"isPartOf\":{\"@id\":\"https:\/\/insurancecorp.com.br\/pt\/2021\/03\/17\/podcast-ans-diretor-de-fiscalizacao-fala-sobre-resolucao-de-conflitos\/#webpage\"},\"author\":{\"@id\":\"https:\/\/insurancecorp.com.br\/pt\/#\/schema\/person\/1b69c8cf325f0b7167f1b171f52df4af\"},\"headline\":\"Podcast ANS &#8211; diretor de Fiscaliza\\u00e7\\u00e3o fala sobre resolu\\u00e7\\u00e3o de conflitos\",\"datePublished\":\"2021-03-17T15:40:33+00:00\",\"dateModified\":\"2021-03-17T15:40:33+00:00\",\"mainEntityOfPage\":{\"@id\":\"https:\/\/insurancecorp.com.br\/pt\/2021\/03\/17\/podcast-ans-diretor-de-fiscalizacao-fala-sobre-resolucao-de-conflitos\/#webpage\"},\"commentCount\":0,\"publisher\":{\"@id\":\"https:\/\/insurancecorp.com.br\/pt\/#organization\"},\"image\":{\"@id\":\"https:\/\/insurancecorp.com.br\/pt\/2021\/03\/17\/podcast-ans-diretor-de-fiscalizacao-fala-sobre-resolucao-de-conflitos\/#primaryimage\"},\"articleSection\":\"ANS\",\"inLanguage\":\"pt-BR\",\"potentialAction\":[{\"@type\":\"CommentAction\",\"name\":\"Comment\",\"target\":[\"https:\/\/insurancecorp.com.br\/pt\/2021\/03\/17\/podcast-ans-diretor-de-fiscalizacao-fala-sobre-resolucao-de-conflitos\/#respond\"]}]},{\"@type\":\"Person\",\"@id\":\"https:\/\/insurancecorp.com.br\/pt\/#\/schema\/person\/1b69c8cf325f0b7167f1b171f52df4af\",\"name\":\"Publica\\u00e7\\u00e3o\",\"image\":{\"@type\":\"ImageObject\",\"@id\":\"https:\/\/insurancecorp.com.br\/pt\/#personlogo\",\"inLanguage\":\"pt-BR\",\"url\":\"https:\/\/secure.gravatar.com\/avatar\/17226f1f60486eb25d4c6b301ffed37f?s=96&d=mm&r=g\",\"caption\":\"Publica\\u00e7\\u00e3o\"}}]}<\/script>\n<!-- \/ Yoast SEO plugin. -->","_links":{"self":[{"href":"https:\/\/insurancecorp.com.br\/pt\/wp-json\/wp\/v2\/posts\/23474"}],"collection":[{"href":"https:\/\/insurancecorp.com.br\/pt\/wp-json\/wp\/v2\/posts"}],"about":[{"href":"https:\/\/insurancecorp.com.br\/pt\/wp-json\/wp\/v2\/types\/post"}],"author":[{"embeddable":true,"href":"https:\/\/insurancecorp.com.br\/pt\/wp-json\/wp\/v2\/users\/2"}],"replies":[{"embeddable":true,"href":"https:\/\/insurancecorp.com.br\/pt\/wp-json\/wp\/v2\/comments?post=23474"}],"version-history":[{"count":1,"href":"https:\/\/insurancecorp.com.br\/pt\/wp-json\/wp\/v2\/posts\/23474\/revisions"}],"predecessor-version":[{"id":23477,"href":"https:\/\/insurancecorp.com.br\/pt\/wp-json\/wp\/v2\/posts\/23474\/revisions\/23477"}],"wp:featuredmedia":[{"embeddable":true,"href":"https:\/\/insurancecorp.com.br\/pt\/wp-json\/wp\/v2\/media\/23476"}],"wp:attachment":[{"href":"https:\/\/insurancecorp.com.br\/pt\/wp-json\/wp\/v2\/media?parent=23474"}],"wp:term":[{"taxonomy":"category","embeddable":true,"href":"https:\/\/insurancecorp.com.br\/pt\/wp-json\/wp\/v2\/categories?post=23474"},{"taxonomy":"post_tag","embeddable":true,"href":"https:\/\/insurancecorp.com.br\/pt\/wp-json\/wp\/v2\/tags?post=23474"}],"curies":[{"name":"wp","href":"https:\/\/api.w.org\/{rel}","templated":true}]}}