{"id":23423,"date":"2021-03-16T17:11:48","date_gmt":"2021-03-16T20:11:48","guid":{"rendered":"https:\/\/insurancecorp.com.br\/pt\/?p=23423"},"modified":"2021-03-16T17:13:02","modified_gmt":"2021-03-16T20:13:02","slug":"fernanda-rodrigues-assume-diretoria-de-people-da-everis-brasil","status":"publish","type":"post","link":"https:\/\/insurancecorp.com.br\/pt\/2021\/03\/16\/fernanda-rodrigues-assume-diretoria-de-people-da-everis-brasil\/","title":{"rendered":"Fernanda Rodrigues assume diretoria de People da everis Brasil"},"content":{"rendered":"<p>A everis , consultoria multinacional de neg\u00f3cios e TI do Grupo NTT DATA, anuncia que Fernanda dos Santos Rodrigues \u00e9 a nova diretora da \u00e1rea de People no Brasil. Com mais de 20 anos de experi\u00eancia na \u00e1rea de Recursos Humanos, Fernanda assume com o desafio de apoiar o significativo crescimento dos neg\u00f3cios da opera\u00e7\u00e3o brasileira nos \u00faltimos anos, contribuindo com novas a\u00e7\u00f5es estrat\u00e9gicas na \u00e1rea para atrair, aperfei\u00e7oar e reter talentos.<br \/>\n&#8220;Pretendo contribuir para tornar a everis ainda mais conhecida e atrativa para que as pessoas almejem trabalhar conosco, destacando nossos diferenciais nesse mercado extremamente competitivo, e as possibilidades de aperfei\u00e7oamento e de crescimento dentro de planos de carreiras bem-estruturados&#8221;, afirma a nova diretora de People.<br \/>\nFernanda ressalta ainda que trabalhar\u00e1 para melhorar e alinhar alguns processos internos, a fim de assegurar que a companhia esteja sempre pronta para oferecer servi\u00e7os qualificados e inovadores aos clientes, com profissionais altamente especializados e prontos a oferecer intelig\u00eancia de mercado e solu\u00e7\u00f5es operacionais e estrat\u00e9gicas customizadas e eficientes para empresas dos mais variados setores.<br \/>\nAnteriormente, Fernanda trabalhou em empresas como GFT, Ecolab, Stefanini, Cognizante DTS Latin Am\u00e9rica, sempre na \u00e1rea de recursos humanos e contribuindo para o desenvolvimento de novos projetos, iniciativas e solu\u00e7\u00f5es para o dia a dia da \u00e1rea e para fortalecer a atratividade das companhias (Employer Branding).<br \/>\n&#8220;A Fernanda \u00e9 uma pessoa que tem o DNA moldado em Recursos Humanos, que somou experi\u00eancias interessantes na sele\u00e7\u00e3o, contrata\u00e7\u00e3o, integra\u00e7\u00e3o e aperfei\u00e7oamento de talentos em empresas de diferentes segmentos, como consultorias, varejo e publicidade. Por isso, acredito que poder\u00e1 dar continuidade e contribuir para agregar mais inova\u00e7\u00e3o e colabora\u00e7\u00e3o a nossa equipe, com o intuito de nos fortalecer e impulsionar nosso atual processo de r\u00e1pida expans\u00e3o no pa\u00eds&#8221;, acredita Ricardo Neves, CEO da everis.<br \/>\nFernanda Rodrigues \u00e9 graduada em Psicologia, tem MBA em Gest\u00e3o de Pessoas e especializa\u00e7\u00e3o em Direito Empresarial e Doc\u00eancia, tendo atuado por mais de dois anos como professora das Faculdades Anhanguera.<\/p>\n<p><strong>Market21<\/strong><\/p>\n","protected":false},"excerpt":{"rendered":"<p>A everis , consultoria multinacional de neg\u00f3cios e TI do Grupo NTT DATA, anuncia que Fernanda dos Santos Rodrigues \u00e9 a nova diretora da \u00e1rea de People no Brasil. Com mais de 20 anos de experi\u00eancia na \u00e1rea de Recursos Humanos, Fernanda assume com o desafio de apoiar o significativo crescimento dos neg\u00f3cios da opera\u00e7\u00e3o [&hellip;]<\/p>\n","protected":false},"author":2,"featured_media":23430,"comment_status":"open","ping_status":"open","sticky":false,"template":"","format":"standard","meta":[],"categories":[387],"tags":[],"jetpack_featured_media_url":"https:\/\/insurancecorp.com.br\/pt\/wp-content\/uploads\/2021\/03\/Agnaldo-2.jpg","yoast_head":"<!-- This site is optimized with the Yoast SEO plugin v14.8 - https:\/\/yoast.com\/wordpress\/plugins\/seo\/ -->\n<title>Fernanda Rodrigues assume diretoria de People da everis Brasil | Revista Insurance Corp | PT-BR<\/title>\n<meta name=\"robots\" content=\"index, follow\" \/>\n<meta name=\"googlebot\" content=\"index, follow, max-snippet:-1, max-image-preview:large, max-video-preview:-1\" \/>\n<meta name=\"bingbot\" content=\"index, follow, max-snippet:-1, max-image-preview:large, max-video-preview:-1\" \/>\n<link rel=\"canonical\" href=\"https:\/\/insurancecorp.com.br\/pt\/2021\/03\/16\/fernanda-rodrigues-assume-diretoria-de-people-da-everis-brasil\/\" \/>\n<meta property=\"og:locale\" content=\"pt_BR\" \/>\n<meta property=\"og:type\" content=\"article\" \/>\n<meta property=\"og:title\" content=\"Fernanda Rodrigues assume diretoria de People da everis Brasil | Revista Insurance Corp | PT-BR\" \/>\n<meta property=\"og:description\" content=\"A everis , consultoria multinacional de neg\u00f3cios e TI do Grupo NTT DATA, anuncia que Fernanda dos Santos Rodrigues \u00e9 a nova diretora da \u00e1rea de People no Brasil. Com mais de 20 anos de experi\u00eancia na \u00e1rea de Recursos Humanos, Fernanda assume com o desafio de apoiar o significativo crescimento dos neg\u00f3cios da opera\u00e7\u00e3o [&hellip;]\" \/>\n<meta property=\"og:url\" content=\"https:\/\/insurancecorp.com.br\/pt\/2021\/03\/16\/fernanda-rodrigues-assume-diretoria-de-people-da-everis-brasil\/\" \/>\n<meta property=\"og:site_name\" content=\"Revista Insurance Corp | PT-BR\" \/>\n<meta property=\"article:publisher\" content=\"https:\/\/www.facebook.com\/RevistaInsuranceCorp\/\" \/>\n<meta property=\"article:published_time\" content=\"2021-03-16T20:11:48+00:00\" \/>\n<meta property=\"article:modified_time\" content=\"2021-03-16T20:13:02+00:00\" \/>\n<meta property=\"og:image\" content=\"https:\/\/insurancecorp.com.br\/pt\/wp-content\/uploads\/2021\/03\/Agnaldo-2.jpg\" \/>\n\t<meta property=\"og:image:width\" content=\"1280\" \/>\n\t<meta property=\"og:image:height\" content=\"426\" \/>\n<meta name=\"twitter:card\" content=\"summary\" \/>\n<script type=\"application\/ld+json\" class=\"yoast-schema-graph\">{\"@context\":\"https:\/\/schema.org\",\"@graph\":[{\"@type\":\"Organization\",\"@id\":\"https:\/\/insurancecorp.com.br\/pt\/#organization\",\"name\":\"Revista Insurance Corp\",\"url\":\"https:\/\/insurancecorp.com.br\/pt\/\",\"sameAs\":[\"https:\/\/www.facebook.com\/RevistaInsuranceCorp\/\"],\"logo\":{\"@type\":\"ImageObject\",\"@id\":\"https:\/\/insurancecorp.com.br\/pt\/#logo\",\"inLanguage\":\"pt-BR\",\"url\":\"\",\"caption\":\"Revista Insurance Corp\"},\"image\":{\"@id\":\"https:\/\/insurancecorp.com.br\/pt\/#logo\"}},{\"@type\":\"WebSite\",\"@id\":\"https:\/\/insurancecorp.com.br\/pt\/#website\",\"url\":\"https:\/\/insurancecorp.com.br\/pt\/\",\"name\":\"Revista Insurance Corp | PT-BR\",\"description\":\"A \\u00fanica revista bil\\u00edngue voltada ao mercado de seguro.\",\"publisher\":{\"@id\":\"https:\/\/insurancecorp.com.br\/pt\/#organization\"},\"potentialAction\":[{\"@type\":\"SearchAction\",\"target\":\"https:\/\/insurancecorp.com.br\/pt\/?s={search_term_string}\",\"query-input\":\"required name=search_term_string\"}],\"inLanguage\":\"pt-BR\"},{\"@type\":\"ImageObject\",\"@id\":\"https:\/\/insurancecorp.com.br\/pt\/2021\/03\/16\/fernanda-rodrigues-assume-diretoria-de-people-da-everis-brasil\/#primaryimage\",\"inLanguage\":\"pt-BR\",\"url\":\"https:\/\/insurancecorp.com.br\/pt\/wp-content\/uploads\/2021\/03\/Agnaldo-2.jpg\",\"width\":1280,\"height\":426},{\"@type\":\"WebPage\",\"@id\":\"https:\/\/insurancecorp.com.br\/pt\/2021\/03\/16\/fernanda-rodrigues-assume-diretoria-de-people-da-everis-brasil\/#webpage\",\"url\":\"https:\/\/insurancecorp.com.br\/pt\/2021\/03\/16\/fernanda-rodrigues-assume-diretoria-de-people-da-everis-brasil\/\",\"name\":\"Fernanda Rodrigues assume diretoria de People da everis Brasil | Revista Insurance Corp | PT-BR\",\"isPartOf\":{\"@id\":\"https:\/\/insurancecorp.com.br\/pt\/#website\"},\"primaryImageOfPage\":{\"@id\":\"https:\/\/insurancecorp.com.br\/pt\/2021\/03\/16\/fernanda-rodrigues-assume-diretoria-de-people-da-everis-brasil\/#primaryimage\"},\"datePublished\":\"2021-03-16T20:11:48+00:00\",\"dateModified\":\"2021-03-16T20:13:02+00:00\",\"inLanguage\":\"pt-BR\",\"potentialAction\":[{\"@type\":\"ReadAction\",\"target\":[\"https:\/\/insurancecorp.com.br\/pt\/2021\/03\/16\/fernanda-rodrigues-assume-diretoria-de-people-da-everis-brasil\/\"]}]},{\"@type\":\"Article\",\"@id\":\"https:\/\/insurancecorp.com.br\/pt\/2021\/03\/16\/fernanda-rodrigues-assume-diretoria-de-people-da-everis-brasil\/#article\",\"isPartOf\":{\"@id\":\"https:\/\/insurancecorp.com.br\/pt\/2021\/03\/16\/fernanda-rodrigues-assume-diretoria-de-people-da-everis-brasil\/#webpage\"},\"author\":{\"@id\":\"https:\/\/insurancecorp.com.br\/pt\/#\/schema\/person\/1b69c8cf325f0b7167f1b171f52df4af\"},\"headline\":\"Fernanda Rodrigues assume diretoria de People da everis Brasil\",\"datePublished\":\"2021-03-16T20:11:48+00:00\",\"dateModified\":\"2021-03-16T20:13:02+00:00\",\"mainEntityOfPage\":{\"@id\":\"https:\/\/insurancecorp.com.br\/pt\/2021\/03\/16\/fernanda-rodrigues-assume-diretoria-de-people-da-everis-brasil\/#webpage\"},\"commentCount\":0,\"publisher\":{\"@id\":\"https:\/\/insurancecorp.com.br\/pt\/#organization\"},\"image\":{\"@id\":\"https:\/\/insurancecorp.com.br\/pt\/2021\/03\/16\/fernanda-rodrigues-assume-diretoria-de-people-da-everis-brasil\/#primaryimage\"},\"articleSection\":\"everis Brasil\",\"inLanguage\":\"pt-BR\",\"potentialAction\":[{\"@type\":\"CommentAction\",\"name\":\"Comment\",\"target\":[\"https:\/\/insurancecorp.com.br\/pt\/2021\/03\/16\/fernanda-rodrigues-assume-diretoria-de-people-da-everis-brasil\/#respond\"]}]},{\"@type\":\"Person\",\"@id\":\"https:\/\/insurancecorp.com.br\/pt\/#\/schema\/person\/1b69c8cf325f0b7167f1b171f52df4af\",\"name\":\"Publica\\u00e7\\u00e3o\",\"image\":{\"@type\":\"ImageObject\",\"@id\":\"https:\/\/insurancecorp.com.br\/pt\/#personlogo\",\"inLanguage\":\"pt-BR\",\"url\":\"https:\/\/secure.gravatar.com\/avatar\/17226f1f60486eb25d4c6b301ffed37f?s=96&d=mm&r=g\",\"caption\":\"Publica\\u00e7\\u00e3o\"}}]}<\/script>\n<!-- \/ Yoast SEO plugin. -->","_links":{"self":[{"href":"https:\/\/insurancecorp.com.br\/pt\/wp-json\/wp\/v2\/posts\/23423"}],"collection":[{"href":"https:\/\/insurancecorp.com.br\/pt\/wp-json\/wp\/v2\/posts"}],"about":[{"href":"https:\/\/insurancecorp.com.br\/pt\/wp-json\/wp\/v2\/types\/post"}],"author":[{"embeddable":true,"href":"https:\/\/insurancecorp.com.br\/pt\/wp-json\/wp\/v2\/users\/2"}],"replies":[{"embeddable":true,"href":"https:\/\/insurancecorp.com.br\/pt\/wp-json\/wp\/v2\/comments?post=23423"}],"version-history":[{"count":2,"href":"https:\/\/insurancecorp.com.br\/pt\/wp-json\/wp\/v2\/posts\/23423\/revisions"}],"predecessor-version":[{"id":23429,"href":"https:\/\/insurancecorp.com.br\/pt\/wp-json\/wp\/v2\/posts\/23423\/revisions\/23429"}],"wp:featuredmedia":[{"embeddable":true,"href":"https:\/\/insurancecorp.com.br\/pt\/wp-json\/wp\/v2\/media\/23430"}],"wp:attachment":[{"href":"https:\/\/insurancecorp.com.br\/pt\/wp-json\/wp\/v2\/media?parent=23423"}],"wp:term":[{"taxonomy":"category","embeddable":true,"href":"https:\/\/insurancecorp.com.br\/pt\/wp-json\/wp\/v2\/categories?post=23423"},{"taxonomy":"post_tag","embeddable":true,"href":"https:\/\/insurancecorp.com.br\/pt\/wp-json\/wp\/v2\/tags?post=23423"}],"curies":[{"name":"wp","href":"https:\/\/api.w.org\/{rel}","templated":true}]}}