{"id":22953,"date":"2021-03-01T09:00:10","date_gmt":"2021-03-01T12:00:10","guid":{"rendered":"https:\/\/insurancecorp.com.br\/pt\/?p=22953"},"modified":"2021-03-01T09:01:02","modified_gmt":"2021-03-01T12:01:02","slug":"escola-de-negocios-e-seguros-e-sincor-sp-lancam-oficialmente-parceria","status":"publish","type":"post","link":"https:\/\/insurancecorp.com.br\/pt\/2021\/03\/01\/escola-de-negocios-e-seguros-e-sincor-sp-lancam-oficialmente-parceria\/","title":{"rendered":"Escola de Neg\u00f3cios e Seguros e Sincor-SP lan\u00e7am oficialmente parceria"},"content":{"rendered":"<p>Agora \u00e9 oficial! Ap\u00f3s o an\u00fancio feito no final do ano passado, a ENS e o Sincor-SP selaram, na \u00faltima segunda-feira, 22 de fevereiro, a parceria que disseminar\u00e1 o estudo de seguros em todo o estado de S\u00e3o Paulo. Com a assinatura do acordo, que aconteceu na Sala do Futuro, na representa\u00e7\u00e3o da Escola em S\u00e3o Paulo (SP), as institui\u00e7\u00f5es dar\u00e3o in\u00edcio \u00e0s atividades de coopera\u00e7\u00e3o e inova\u00e7\u00e3o.<\/p>\n<p>Em 2020, a ENS estabeleceu parceria com os sindicatos de corretores de seguros do Pa\u00eds, que passaram a ser promotores de todos os cursos oferecidos pela Escola. No caso de S\u00e3o Paulo, o conv\u00eanio ganhou for\u00e7a, pois unifica tamb\u00e9m a estrutura e a marca da Unisincor. Os cursos de n\u00edvel t\u00e9cnico no estado de S\u00e3o Paulo ter\u00e3o a marca compartilhada ENS\/Unisincor. J\u00e1 os de n\u00edvel superior, de habilita\u00e7\u00e3o de corretores e de comiss\u00e1rios de avarias, que possuem regramento espec\u00edfico, ser\u00e3o conduzidos apenas pela ENS.<\/p>\n<p>\u201cNeste momento, estamos linkando a marca tradicional da ENS a outra marca muito querida por todos os profissionais de seguros de S\u00e3o Paulo, que \u00e9 a Unisincor. Essa sinergia s\u00f3 tende a trazer melhorias para o ambiente de qualifica\u00e7\u00e3o e de requalifica\u00e7\u00e3o dos profissionais de seguros\u201d, afirmou o presidente da ENS, Robert Bittar, que compareceu presencialmente \u00e0 Sala do Futuro.<\/p>\n<p>Pelo acordo, a Escola continuar\u00e1 prestando suporte \u00e0 linha de atendimento a grupos regionais feita pela Unisincor. Agora, por\u00e9m, com mais estrutura, se valendo de todas as suas plataformas digitais e, inclusive, do sistema de provas online implantado no ano passado.<\/p>\n<p>Segundo Bittar, a iniciativa \u00e9 mais uma a\u00e7\u00e3o que vem ao encontro da busca incessante do Sincor-SP e da Escola por aprimoramento de excel\u00eancia aos seus associados e alunos. \u201cReconhecidamente, o sindicato tem um dinamismo diferenciado, com entrega efetiva de servi\u00e7os, n\u00e3o s\u00f3 pela atua\u00e7\u00e3o da sua diretoria, mas tamb\u00e9m pelo n\u00edvel de politiza\u00e7\u00e3o e cobran\u00e7a no \u00e2mbito da comunidade de seguros no Estado. Para n\u00f3s, \u00e9 uma grande satisfa\u00e7\u00e3o estar aliando for\u00e7as e direcionando energias para o aprimoramento deste mercado, o que se faz cada vez mais exigido\u201d, completou Bittar.<\/p>\n<p>Tamb\u00e9m presente fisicamente na Sala do Futuro, o presidente do Sincor-SP, Alexandre Camillo, ressaltou que a parceria \u00e9 hist\u00f3rica e emblem\u00e1tica. \u201cA hist\u00f3ria da ENS com o Sincor-SP vem de muitos anos e agora estamos vivendo esse momento na Sala do Futuro. Isso porque o nosso olhar \u00e9 para o futuro. Atualmente, o seguro passou a ser desejado e a fazer parte do planejamento das fam\u00edlias. Com essa mudan\u00e7a, ser corretor de seguros tamb\u00e9m passou a ser algo desejado\u201d, comentou Camillo.<\/p>\n<p>\u201cOlhando para o presente e para o futuro, temos o produto desejado, profissionais que querem fazer parte deste momento, e estamos justamente promovendo capacita\u00e7\u00e3o para empreendedores que querem atuar na corretagem de seguros. Teremos gente nova, capacitada e apta a levar os seguros a toda a sociedade brasileira\u201d, afirmou o presidente do Sincor-SP.<\/p>\n<p><strong>Personalidades prestigiam o evento<\/strong><\/p>\n<p>Presente no evento de forma remota por meio do painel eletr\u00f4nico da Sala do Futuro, o presidente da Fenacor, Armando Vergilio, exaltou a import\u00e2ncia do acordo para o mercado de seguros local. \u201cEnche o peito de satisfa\u00e7\u00e3o ver essa parceria ser consolidada. N\u00e3o tenho d\u00favidas de que essa iniciativa gerar\u00e1 muitos bons frutos para ambas as institui\u00e7\u00f5es, mas, principalmente, para os profissionais de S\u00e3o Paulo\u201d.<\/p>\n<p>O presidente da CNseg, Marcio Coriolano, definiu o momento como uma das recentes revolu\u00e7\u00f5es do mercado. \u201cA inova\u00e7\u00e3o est\u00e1 muito presente no nosso setor e est\u00e1 acontecendo na Escola, assim como no sindicato de S\u00e3o Paulo. Inova\u00e7\u00f5es que s\u00e3o feitas n\u00e3o apenas com o intuito de reposicionar os corretores, mas tamb\u00e9m de qualific\u00e1-los ainda mais. Esse momento mostra essa capacidade de pequenas revolu\u00e7\u00f5es que acabam tendo um excelente resultado\u201d.<\/p>\n<p>Finalizando o encontro, tamb\u00e9m de forma remota, o diretor geral da ENS, Tarc\u00edsio Godoy, ressaltou que o acordo representa a uni\u00e3o de um mercado que \u00e9 importante para o bem-estar de toda a sociedade. \u201cDesejo que tenhamos, com essa parceria, mais um grande instrumento para levar qualifica\u00e7\u00e3o e treinamento para todos os corretores e para a sociedade brasileira\u201d.<\/p>\n<p>Estiveram presentes ainda na Sala do Futuro a diretora de Ensino T\u00e9cnico da Escola, Maria Helena Monteiro, o presidente do Sindseg-SP, Rivaldo Santos, e o presidente da APTS, Octavio Milliet. Pelo mosaico eletr\u00f4nico da Sala, tamb\u00e9m participou a diretoria completa do Sincor-SP, incluindo executivos regionais de todo o estado.<\/p>\n<p><strong>Programa de fidelidade<\/strong><\/p>\n<p>O evento marcou o lan\u00e7amento de outra novidade, o ENS+, programa de fidelidade in\u00e9dito da Escola que conceder\u00e1 benef\u00edcios aos corretores de seguros associados aos Sincors. O ENS+ prev\u00ea 20% de desconto no valor dos cursos oferecidos pela Institui\u00e7\u00e3o, al\u00e9m de abatimento por meio de pontos que ser\u00e3o adquiridos com o pagamento da anuidade junto ao sindicato. O programa permite ainda que o corretor fidelizado transfira seus pontos para terceiros.<\/p>\n<p>\u201cO projeto-piloto j\u00e1 est\u00e1 sendo implementado e, no m\u00eas de maio, estar\u00e1 dispon\u00edvel para todos os corretores associados do Sincor-SP. Cada real investido com taxa associativa para o sindicato ser\u00e1 revertido como cr\u00e9dito e desconto nos programas da ENS, inclusive nos cursos com a bandeira Unisincor\/ENS. Aproveito o momento para surpreender os nossos amigos corretores associados ao Sincor-SP e anunciar que isto n\u00e3o vale s\u00f3 para 2021, j\u00e1 vamos considerar os cr\u00e9ditos feitos em 2020. Esperamos que, com o engajamento e o esfor\u00e7o pessoal de cada um, esse projeto possa prosperar a servi\u00e7o de todos\u201d, explicou o presidente da Escola, Robert Bittar.<\/p>\n<p><strong>Boletim Acontece da ENS n\u00ba 740<\/strong><\/p>\n","protected":false},"excerpt":{"rendered":"<p>Agora \u00e9 oficial! Ap\u00f3s o an\u00fancio feito no final do ano passado, a ENS e o Sincor-SP selaram, na \u00faltima segunda-feira, 22 de fevereiro, a parceria que disseminar\u00e1 o estudo de seguros em todo o estado de S\u00e3o Paulo. Com a assinatura do acordo, que aconteceu na Sala do Futuro, na representa\u00e7\u00e3o da Escola em [&hellip;]<\/p>\n","protected":false},"author":2,"featured_media":22954,"comment_status":"open","ping_status":"open","sticky":false,"template":"","format":"standard","meta":[],"categories":[348],"tags":[],"jetpack_featured_media_url":"https:\/\/insurancecorp.com.br\/pt\/wp-content\/uploads\/2021\/03\/agro.png","yoast_head":"<!-- This site is optimized with the Yoast SEO plugin v14.8 - https:\/\/yoast.com\/wordpress\/plugins\/seo\/ -->\n<title>Escola de Neg\u00f3cios e Seguros e Sincor-SP lan\u00e7am oficialmente parceria | Revista Insurance Corp | PT-BR<\/title>\n<meta name=\"robots\" content=\"index, follow\" \/>\n<meta name=\"googlebot\" content=\"index, follow, max-snippet:-1, max-image-preview:large, max-video-preview:-1\" \/>\n<meta name=\"bingbot\" content=\"index, follow, max-snippet:-1, max-image-preview:large, max-video-preview:-1\" \/>\n<link rel=\"canonical\" href=\"https:\/\/insurancecorp.com.br\/pt\/2021\/03\/01\/escola-de-negocios-e-seguros-e-sincor-sp-lancam-oficialmente-parceria\/\" \/>\n<meta property=\"og:locale\" content=\"pt_BR\" \/>\n<meta property=\"og:type\" content=\"article\" \/>\n<meta property=\"og:title\" content=\"Escola de Neg\u00f3cios e Seguros e Sincor-SP lan\u00e7am oficialmente parceria | Revista Insurance Corp | PT-BR\" \/>\n<meta property=\"og:description\" content=\"Agora \u00e9 oficial! Ap\u00f3s o an\u00fancio feito no final do ano passado, a ENS e o Sincor-SP selaram, na \u00faltima segunda-feira, 22 de fevereiro, a parceria que disseminar\u00e1 o estudo de seguros em todo o estado de S\u00e3o Paulo. Com a assinatura do acordo, que aconteceu na Sala do Futuro, na representa\u00e7\u00e3o da Escola em [&hellip;]\" \/>\n<meta property=\"og:url\" content=\"https:\/\/insurancecorp.com.br\/pt\/2021\/03\/01\/escola-de-negocios-e-seguros-e-sincor-sp-lancam-oficialmente-parceria\/\" \/>\n<meta property=\"og:site_name\" content=\"Revista Insurance Corp | PT-BR\" \/>\n<meta property=\"article:publisher\" content=\"https:\/\/www.facebook.com\/RevistaInsuranceCorp\/\" \/>\n<meta property=\"article:published_time\" content=\"2021-03-01T12:00:10+00:00\" \/>\n<meta property=\"article:modified_time\" content=\"2021-03-01T12:01:02+00:00\" \/>\n<meta property=\"og:image\" content=\"https:\/\/insurancecorp.com.br\/pt\/wp-content\/uploads\/2021\/03\/agro-1024x498.png\" \/>\n\t<meta property=\"og:image:width\" content=\"1024\" \/>\n\t<meta property=\"og:image:height\" content=\"498\" \/>\n<meta name=\"twitter:card\" content=\"summary\" \/>\n<script type=\"application\/ld+json\" class=\"yoast-schema-graph\">{\"@context\":\"https:\/\/schema.org\",\"@graph\":[{\"@type\":\"Organization\",\"@id\":\"https:\/\/insurancecorp.com.br\/pt\/#organization\",\"name\":\"Revista Insurance Corp\",\"url\":\"https:\/\/insurancecorp.com.br\/pt\/\",\"sameAs\":[\"https:\/\/www.facebook.com\/RevistaInsuranceCorp\/\"],\"logo\":{\"@type\":\"ImageObject\",\"@id\":\"https:\/\/insurancecorp.com.br\/pt\/#logo\",\"inLanguage\":\"pt-BR\",\"url\":\"\",\"caption\":\"Revista Insurance Corp\"},\"image\":{\"@id\":\"https:\/\/insurancecorp.com.br\/pt\/#logo\"}},{\"@type\":\"WebSite\",\"@id\":\"https:\/\/insurancecorp.com.br\/pt\/#website\",\"url\":\"https:\/\/insurancecorp.com.br\/pt\/\",\"name\":\"Revista Insurance Corp | PT-BR\",\"description\":\"A \\u00fanica revista bil\\u00edngue voltada ao mercado de seguro.\",\"publisher\":{\"@id\":\"https:\/\/insurancecorp.com.br\/pt\/#organization\"},\"potentialAction\":[{\"@type\":\"SearchAction\",\"target\":\"https:\/\/insurancecorp.com.br\/pt\/?s={search_term_string}\",\"query-input\":\"required name=search_term_string\"}],\"inLanguage\":\"pt-BR\"},{\"@type\":\"ImageObject\",\"@id\":\"https:\/\/insurancecorp.com.br\/pt\/2021\/03\/01\/escola-de-negocios-e-seguros-e-sincor-sp-lancam-oficialmente-parceria\/#primaryimage\",\"inLanguage\":\"pt-BR\",\"url\":\"https:\/\/insurancecorp.com.br\/pt\/wp-content\/uploads\/2021\/03\/agro.png\",\"width\":4032,\"height\":1960},{\"@type\":\"WebPage\",\"@id\":\"https:\/\/insurancecorp.com.br\/pt\/2021\/03\/01\/escola-de-negocios-e-seguros-e-sincor-sp-lancam-oficialmente-parceria\/#webpage\",\"url\":\"https:\/\/insurancecorp.com.br\/pt\/2021\/03\/01\/escola-de-negocios-e-seguros-e-sincor-sp-lancam-oficialmente-parceria\/\",\"name\":\"Escola de Neg\\u00f3cios e Seguros e Sincor-SP lan\\u00e7am oficialmente parceria | Revista Insurance Corp | PT-BR\",\"isPartOf\":{\"@id\":\"https:\/\/insurancecorp.com.br\/pt\/#website\"},\"primaryImageOfPage\":{\"@id\":\"https:\/\/insurancecorp.com.br\/pt\/2021\/03\/01\/escola-de-negocios-e-seguros-e-sincor-sp-lancam-oficialmente-parceria\/#primaryimage\"},\"datePublished\":\"2021-03-01T12:00:10+00:00\",\"dateModified\":\"2021-03-01T12:01:02+00:00\",\"inLanguage\":\"pt-BR\",\"potentialAction\":[{\"@type\":\"ReadAction\",\"target\":[\"https:\/\/insurancecorp.com.br\/pt\/2021\/03\/01\/escola-de-negocios-e-seguros-e-sincor-sp-lancam-oficialmente-parceria\/\"]}]},{\"@type\":\"Article\",\"@id\":\"https:\/\/insurancecorp.com.br\/pt\/2021\/03\/01\/escola-de-negocios-e-seguros-e-sincor-sp-lancam-oficialmente-parceria\/#article\",\"isPartOf\":{\"@id\":\"https:\/\/insurancecorp.com.br\/pt\/2021\/03\/01\/escola-de-negocios-e-seguros-e-sincor-sp-lancam-oficialmente-parceria\/#webpage\"},\"author\":{\"@id\":\"https:\/\/insurancecorp.com.br\/pt\/#\/schema\/person\/1b69c8cf325f0b7167f1b171f52df4af\"},\"headline\":\"Escola de Neg\\u00f3cios e Seguros e Sincor-SP lan\\u00e7am oficialmente parceria\",\"datePublished\":\"2021-03-01T12:00:10+00:00\",\"dateModified\":\"2021-03-01T12:01:02+00:00\",\"mainEntityOfPage\":{\"@id\":\"https:\/\/insurancecorp.com.br\/pt\/2021\/03\/01\/escola-de-negocios-e-seguros-e-sincor-sp-lancam-oficialmente-parceria\/#webpage\"},\"commentCount\":0,\"publisher\":{\"@id\":\"https:\/\/insurancecorp.com.br\/pt\/#organization\"},\"image\":{\"@id\":\"https:\/\/insurancecorp.com.br\/pt\/2021\/03\/01\/escola-de-negocios-e-seguros-e-sincor-sp-lancam-oficialmente-parceria\/#primaryimage\"},\"articleSection\":\"Escola de Neg\\u00f3cios e Seguros\",\"inLanguage\":\"pt-BR\",\"potentialAction\":[{\"@type\":\"CommentAction\",\"name\":\"Comment\",\"target\":[\"https:\/\/insurancecorp.com.br\/pt\/2021\/03\/01\/escola-de-negocios-e-seguros-e-sincor-sp-lancam-oficialmente-parceria\/#respond\"]}]},{\"@type\":\"Person\",\"@id\":\"https:\/\/insurancecorp.com.br\/pt\/#\/schema\/person\/1b69c8cf325f0b7167f1b171f52df4af\",\"name\":\"Publica\\u00e7\\u00e3o\",\"image\":{\"@type\":\"ImageObject\",\"@id\":\"https:\/\/insurancecorp.com.br\/pt\/#personlogo\",\"inLanguage\":\"pt-BR\",\"url\":\"https:\/\/secure.gravatar.com\/avatar\/17226f1f60486eb25d4c6b301ffed37f?s=96&d=mm&r=g\",\"caption\":\"Publica\\u00e7\\u00e3o\"}}]}<\/script>\n<!-- \/ Yoast SEO plugin. -->","_links":{"self":[{"href":"https:\/\/insurancecorp.com.br\/pt\/wp-json\/wp\/v2\/posts\/22953"}],"collection":[{"href":"https:\/\/insurancecorp.com.br\/pt\/wp-json\/wp\/v2\/posts"}],"about":[{"href":"https:\/\/insurancecorp.com.br\/pt\/wp-json\/wp\/v2\/types\/post"}],"author":[{"embeddable":true,"href":"https:\/\/insurancecorp.com.br\/pt\/wp-json\/wp\/v2\/users\/2"}],"replies":[{"embeddable":true,"href":"https:\/\/insurancecorp.com.br\/pt\/wp-json\/wp\/v2\/comments?post=22953"}],"version-history":[{"count":3,"href":"https:\/\/insurancecorp.com.br\/pt\/wp-json\/wp\/v2\/posts\/22953\/revisions"}],"predecessor-version":[{"id":22957,"href":"https:\/\/insurancecorp.com.br\/pt\/wp-json\/wp\/v2\/posts\/22953\/revisions\/22957"}],"wp:featuredmedia":[{"embeddable":true,"href":"https:\/\/insurancecorp.com.br\/pt\/wp-json\/wp\/v2\/media\/22954"}],"wp:attachment":[{"href":"https:\/\/insurancecorp.com.br\/pt\/wp-json\/wp\/v2\/media?parent=22953"}],"wp:term":[{"taxonomy":"category","embeddable":true,"href":"https:\/\/insurancecorp.com.br\/pt\/wp-json\/wp\/v2\/categories?post=22953"},{"taxonomy":"post_tag","embeddable":true,"href":"https:\/\/insurancecorp.com.br\/pt\/wp-json\/wp\/v2\/tags?post=22953"}],"curies":[{"name":"wp","href":"https:\/\/api.w.org\/{rel}","templated":true}]}}