{"id":22925,"date":"2021-02-25T18:25:55","date_gmt":"2021-02-25T21:25:55","guid":{"rendered":"https:\/\/insurancecorp.com.br\/pt\/?p=22925"},"modified":"2021-02-25T19:57:17","modified_gmt":"2021-02-25T22:57:17","slug":"carro-autonomo-no-brasil-ja-estamos-prontos","status":"publish","type":"post","link":"https:\/\/insurancecorp.com.br\/pt\/2021\/02\/25\/carro-autonomo-no-brasil-ja-estamos-prontos\/","title":{"rendered":"Carro aut\u00f4nomo no Brasil: j\u00e1 estamos prontos?"},"content":{"rendered":"<ul>\n<li>\n<p style=\"text-align: center;\" align=\"center\"><i><span style=\"font-size: 12.0pt; font-family: 'Arial',sans-serif;\">Por Ricardo Sardagna, executivo da Allianz Automotive<\/span><\/i><\/p>\n<\/li>\n<\/ul>\n<p>Converse com especialistas do setor automotivo e ficar\u00e1 claro que o carro aut\u00f4nomo n\u00e3o \u00e9 mais uma d\u00favida de \u2018se\u2019, mas sim de \u2018quando\u2019. A sigla CASE &#8211; Connected, Autonomous Shared and Electric, parece definir o que ser\u00e1 o carro do futuro. Por conta disso, todas essas novidades est\u00e3o chegando ao mercado praticamente ao mesmo tempo, por\u00e9m em velocidades diferentes ao redor do mundo.<br \/>\nEspecialmente sobre o carro aut\u00f4nomo, s\u00e3o diversos os aspectos que comp\u00f5em este universo. Um deles, talvez o principal, \u00e9 o aumento da seguran\u00e7a, resultante dos sistemas de monitoramento embarcados no ve\u00edculo que garantem controles como velocidade, frenagem e manobras de emerg\u00eancia independentes de uma a\u00e7\u00e3o do motorista, reduzindo a ocorr\u00eancia de acidentes, danos pessoais e mortalidade nas estradas. Como a tecnologia vem avan\u00e7ando gradativamente nessa linha, o modo aut\u00f4nomo j\u00e1 \u00e9 uma realidade e um caminho sem volta.<br \/>\nNo entanto, para chegarmos a 100% do processo, consideram-se os diferentes n\u00edveis de automa\u00e7\u00e3o do ve\u00edculo. De acordo com a Administra\u00e7\u00e3o Nacional de Seguran\u00e7a no Tr\u00e2nsito nas Rodovias (NHTSA), nos Estados Unidos, s\u00e3o 6 n\u00edveis:<br \/>\n\u2022 N\u00edvel 0 \u2013 sem automa\u00e7\u00e3o;<br \/>\n\u2022 N\u00edvel 1 \u2013 assist\u00eancia ao motorista \u2013 sensores de r\u00e9, de alerta de excesso de velocidade e outros;<br \/>\n\u2022 N\u00edvel 2 &#8211; automa\u00e7\u00e3o parcial \u2013 controle de dire\u00e7\u00e3o e frenagem simult\u00e2neos;<br \/>\n\u2022 N\u00edvel 3 \u2013 automa\u00e7\u00e3o condicional \u2013 o carro \u00e9 capaz de dirigir sozinho utilizando tecnologia IoT, mas apenas em condi\u00e7\u00f5es ideais e com algumas limita\u00e7\u00f5es. Ainda necessita de interven\u00e7\u00e3o humana;<br \/>\n\u2022 N\u00edvel 4 \u2013 alta automa\u00e7\u00e3o \u2013 sem necessidade de interven\u00e7\u00e3o humana. Estes ve\u00edculos ainda t\u00eam disponibilidade restrita nas vias p\u00fablicas e os testes continuam ocorrendo apenas em ambientes controlados;<br \/>\n\u2022 N\u00edvel 5 \u2013 automa\u00e7\u00e3o total \u2013 Quando estiver dispon\u00edvel, os ocupantes ser\u00e3o apenas passageiros e n\u00e3o ser\u00e1 necess\u00e1rio ter volante ou pedais pois os ve\u00edculos provavelmente ser\u00e3o 100% controlados por meio de uma assistente de voz.<br \/>\nMas afinal, h\u00e1 tempos que falamos sobre carros aut\u00f4nomos. Ent\u00e3o por que a demora? Quais s\u00e3o as barreiras que o Brasil encontra para alavancar de vez a op\u00e7\u00e3o de autom\u00f3vel que dirige sozinho? Bom, a primeira resposta \u00e9 bem simples. Com o tamanho do nosso pa\u00eds e suas diferen\u00e7as regionais, sofremos impasses com a infraestrutura de telecomunica\u00e7\u00f5es que dificulta a conectividade dos ve\u00edculos \u00e0 internet durante todo o trajeto, bem como que as estradas estejam todas mapeadas e sinalizadas para que o ve\u00edculo possa ler e interpretar as ruas, intersec\u00e7\u00f5es e a presen\u00e7a de outros ve\u00edculos. Por quest\u00e3o de seguran\u00e7a, os sistemas de vis\u00e3o computadorizada precisam reconhecer o caminho ou at\u00e9 mesmo o perigo, a tempo para a intelig\u00eancia artificial aplicar suas responsabilidades.<br \/>\nPor outro lado, existe o alto custo da tecnologia. O alto investimento acaba sendo refletido no pre\u00e7o do carro e isso pode ser um contratempo ainda maior caso o consumidor ainda n\u00e3o esteja pronto e necessite de um tempo de adapta\u00e7\u00e3o para ter a confian\u00e7a de adquirir essa op\u00e7\u00e3o.<br \/>\nMesmo que ainda seja uma grande aposta, com diferentes expectativas, entendo que a dire\u00e7\u00e3o aut\u00f4noma vai encontrar o seu caminho e invadir o mercado de mobilidade nos pr\u00f3ximos anos (h\u00e1 expectativas de que os primeiros ve\u00edculos ser\u00e3o disponibilizados at\u00e9 2025). Por enquanto podemos nos preparar para o futuro. O que sabemos \u00e9 que, quando tivermos os sistemas de dire\u00e7\u00e3o aut\u00f4noma prontos para fazer um trabalho real e significativo, teremos mais prote\u00e7\u00e3o, mais seguran\u00e7a nas vias, o seguro ser\u00e1 mais barato e voc\u00ea se tornar\u00e1 o passageiro do seu pr\u00f3prio carro.<\/p>\n<p><strong>Race<\/strong><\/p>\n","protected":false},"excerpt":{"rendered":"<p>Por Ricardo Sardagna, executivo da Allianz Automotive Converse com especialistas do setor automotivo e ficar\u00e1 claro que o carro aut\u00f4nomo n\u00e3o \u00e9 mais uma d\u00favida de \u2018se\u2019, mas sim de \u2018quando\u2019. A sigla CASE &#8211; Connected, Autonomous Shared and Electric, parece definir o que ser\u00e1 o carro do futuro. Por conta disso, todas essas novidades [&hellip;]<\/p>\n","protected":false},"author":2,"featured_media":22928,"comment_status":"open","ping_status":"open","sticky":false,"template":"","format":"standard","meta":[],"categories":[472],"tags":[],"jetpack_featured_media_url":"https:\/\/insurancecorp.com.br\/pt\/wp-content\/uploads\/2021\/02\/0-24-scaled.jpg","yoast_head":"<!-- This site is optimized with the Yoast SEO plugin v14.8 - https:\/\/yoast.com\/wordpress\/plugins\/seo\/ -->\n<title>Carro aut\u00f4nomo no Brasil: j\u00e1 estamos prontos? | Revista Insurance Corp | PT-BR<\/title>\n<meta name=\"robots\" content=\"index, follow\" \/>\n<meta name=\"googlebot\" content=\"index, follow, max-snippet:-1, max-image-preview:large, max-video-preview:-1\" \/>\n<meta name=\"bingbot\" content=\"index, follow, max-snippet:-1, max-image-preview:large, max-video-preview:-1\" \/>\n<link rel=\"canonical\" href=\"https:\/\/insurancecorp.com.br\/pt\/2021\/02\/25\/carro-autonomo-no-brasil-ja-estamos-prontos\/\" \/>\n<meta property=\"og:locale\" content=\"pt_BR\" \/>\n<meta property=\"og:type\" content=\"article\" \/>\n<meta property=\"og:title\" content=\"Carro aut\u00f4nomo no Brasil: j\u00e1 estamos prontos? | Revista Insurance Corp | PT-BR\" \/>\n<meta property=\"og:description\" content=\"Por Ricardo Sardagna, executivo da Allianz Automotive Converse com especialistas do setor automotivo e ficar\u00e1 claro que o carro aut\u00f4nomo n\u00e3o \u00e9 mais uma d\u00favida de \u2018se\u2019, mas sim de \u2018quando\u2019. A sigla CASE &#8211; Connected, Autonomous Shared and Electric, parece definir o que ser\u00e1 o carro do futuro. Por conta disso, todas essas novidades [&hellip;]\" \/>\n<meta property=\"og:url\" content=\"https:\/\/insurancecorp.com.br\/pt\/2021\/02\/25\/carro-autonomo-no-brasil-ja-estamos-prontos\/\" \/>\n<meta property=\"og:site_name\" content=\"Revista Insurance Corp | PT-BR\" \/>\n<meta property=\"article:publisher\" content=\"https:\/\/www.facebook.com\/RevistaInsuranceCorp\/\" \/>\n<meta property=\"article:published_time\" content=\"2021-02-25T21:25:55+00:00\" \/>\n<meta property=\"article:modified_time\" content=\"2021-02-25T22:57:17+00:00\" \/>\n<meta property=\"og:image\" content=\"https:\/\/insurancecorp.com.br\/pt\/wp-content\/uploads\/2021\/02\/0-24-scaled.jpg\" \/>\n\t<meta property=\"og:image:width\" content=\"2560\" \/>\n\t<meta property=\"og:image:height\" content=\"1778\" \/>\n<meta name=\"twitter:card\" content=\"summary\" \/>\n<script type=\"application\/ld+json\" class=\"yoast-schema-graph\">{\"@context\":\"https:\/\/schema.org\",\"@graph\":[{\"@type\":\"Organization\",\"@id\":\"https:\/\/insurancecorp.com.br\/pt\/#organization\",\"name\":\"Revista Insurance Corp\",\"url\":\"https:\/\/insurancecorp.com.br\/pt\/\",\"sameAs\":[\"https:\/\/www.facebook.com\/RevistaInsuranceCorp\/\"],\"logo\":{\"@type\":\"ImageObject\",\"@id\":\"https:\/\/insurancecorp.com.br\/pt\/#logo\",\"inLanguage\":\"pt-BR\",\"url\":\"\",\"caption\":\"Revista Insurance Corp\"},\"image\":{\"@id\":\"https:\/\/insurancecorp.com.br\/pt\/#logo\"}},{\"@type\":\"WebSite\",\"@id\":\"https:\/\/insurancecorp.com.br\/pt\/#website\",\"url\":\"https:\/\/insurancecorp.com.br\/pt\/\",\"name\":\"Revista Insurance Corp | PT-BR\",\"description\":\"A \\u00fanica revista bil\\u00edngue voltada ao mercado de seguro.\",\"publisher\":{\"@id\":\"https:\/\/insurancecorp.com.br\/pt\/#organization\"},\"potentialAction\":[{\"@type\":\"SearchAction\",\"target\":\"https:\/\/insurancecorp.com.br\/pt\/?s={search_term_string}\",\"query-input\":\"required name=search_term_string\"}],\"inLanguage\":\"pt-BR\"},{\"@type\":\"ImageObject\",\"@id\":\"https:\/\/insurancecorp.com.br\/pt\/2021\/02\/25\/carro-autonomo-no-brasil-ja-estamos-prontos\/#primaryimage\",\"inLanguage\":\"pt-BR\",\"url\":\"https:\/\/insurancecorp.com.br\/pt\/wp-content\/uploads\/2021\/02\/0-24-scaled.jpg\",\"width\":2560,\"height\":1778},{\"@type\":\"WebPage\",\"@id\":\"https:\/\/insurancecorp.com.br\/pt\/2021\/02\/25\/carro-autonomo-no-brasil-ja-estamos-prontos\/#webpage\",\"url\":\"https:\/\/insurancecorp.com.br\/pt\/2021\/02\/25\/carro-autonomo-no-brasil-ja-estamos-prontos\/\",\"name\":\"Carro aut\\u00f4nomo no Brasil: j\\u00e1 estamos prontos? | Revista Insurance Corp | PT-BR\",\"isPartOf\":{\"@id\":\"https:\/\/insurancecorp.com.br\/pt\/#website\"},\"primaryImageOfPage\":{\"@id\":\"https:\/\/insurancecorp.com.br\/pt\/2021\/02\/25\/carro-autonomo-no-brasil-ja-estamos-prontos\/#primaryimage\"},\"datePublished\":\"2021-02-25T21:25:55+00:00\",\"dateModified\":\"2021-02-25T22:57:17+00:00\",\"inLanguage\":\"pt-BR\",\"potentialAction\":[{\"@type\":\"ReadAction\",\"target\":[\"https:\/\/insurancecorp.com.br\/pt\/2021\/02\/25\/carro-autonomo-no-brasil-ja-estamos-prontos\/\"]}]},{\"@type\":\"Article\",\"@id\":\"https:\/\/insurancecorp.com.br\/pt\/2021\/02\/25\/carro-autonomo-no-brasil-ja-estamos-prontos\/#article\",\"isPartOf\":{\"@id\":\"https:\/\/insurancecorp.com.br\/pt\/2021\/02\/25\/carro-autonomo-no-brasil-ja-estamos-prontos\/#webpage\"},\"author\":{\"@id\":\"https:\/\/insurancecorp.com.br\/pt\/#\/schema\/person\/1b69c8cf325f0b7167f1b171f52df4af\"},\"headline\":\"Carro aut\\u00f4nomo no Brasil: j\\u00e1 estamos prontos?\",\"datePublished\":\"2021-02-25T21:25:55+00:00\",\"dateModified\":\"2021-02-25T22:57:17+00:00\",\"mainEntityOfPage\":{\"@id\":\"https:\/\/insurancecorp.com.br\/pt\/2021\/02\/25\/carro-autonomo-no-brasil-ja-estamos-prontos\/#webpage\"},\"commentCount\":0,\"publisher\":{\"@id\":\"https:\/\/insurancecorp.com.br\/pt\/#organization\"},\"image\":{\"@id\":\"https:\/\/insurancecorp.com.br\/pt\/2021\/02\/25\/carro-autonomo-no-brasil-ja-estamos-prontos\/#primaryimage\"},\"articleSection\":\"Allianz Automotive\",\"inLanguage\":\"pt-BR\",\"potentialAction\":[{\"@type\":\"CommentAction\",\"name\":\"Comment\",\"target\":[\"https:\/\/insurancecorp.com.br\/pt\/2021\/02\/25\/carro-autonomo-no-brasil-ja-estamos-prontos\/#respond\"]}]},{\"@type\":\"Person\",\"@id\":\"https:\/\/insurancecorp.com.br\/pt\/#\/schema\/person\/1b69c8cf325f0b7167f1b171f52df4af\",\"name\":\"Publica\\u00e7\\u00e3o\",\"image\":{\"@type\":\"ImageObject\",\"@id\":\"https:\/\/insurancecorp.com.br\/pt\/#personlogo\",\"inLanguage\":\"pt-BR\",\"url\":\"https:\/\/secure.gravatar.com\/avatar\/17226f1f60486eb25d4c6b301ffed37f?s=96&d=mm&r=g\",\"caption\":\"Publica\\u00e7\\u00e3o\"}}]}<\/script>\n<!-- \/ Yoast SEO plugin. -->","_links":{"self":[{"href":"https:\/\/insurancecorp.com.br\/pt\/wp-json\/wp\/v2\/posts\/22925"}],"collection":[{"href":"https:\/\/insurancecorp.com.br\/pt\/wp-json\/wp\/v2\/posts"}],"about":[{"href":"https:\/\/insurancecorp.com.br\/pt\/wp-json\/wp\/v2\/types\/post"}],"author":[{"embeddable":true,"href":"https:\/\/insurancecorp.com.br\/pt\/wp-json\/wp\/v2\/users\/2"}],"replies":[{"embeddable":true,"href":"https:\/\/insurancecorp.com.br\/pt\/wp-json\/wp\/v2\/comments?post=22925"}],"version-history":[{"count":2,"href":"https:\/\/insurancecorp.com.br\/pt\/wp-json\/wp\/v2\/posts\/22925\/revisions"}],"predecessor-version":[{"id":22929,"href":"https:\/\/insurancecorp.com.br\/pt\/wp-json\/wp\/v2\/posts\/22925\/revisions\/22929"}],"wp:featuredmedia":[{"embeddable":true,"href":"https:\/\/insurancecorp.com.br\/pt\/wp-json\/wp\/v2\/media\/22928"}],"wp:attachment":[{"href":"https:\/\/insurancecorp.com.br\/pt\/wp-json\/wp\/v2\/media?parent=22925"}],"wp:term":[{"taxonomy":"category","embeddable":true,"href":"https:\/\/insurancecorp.com.br\/pt\/wp-json\/wp\/v2\/categories?post=22925"},{"taxonomy":"post_tag","embeddable":true,"href":"https:\/\/insurancecorp.com.br\/pt\/wp-json\/wp\/v2\/tags?post=22925"}],"curies":[{"name":"wp","href":"https:\/\/api.w.org\/{rel}","templated":true}]}}