{"id":22919,"date":"2021-02-25T16:47:45","date_gmt":"2021-02-25T19:47:45","guid":{"rendered":"https:\/\/insurancecorp.com.br\/pt\/?p=22919"},"modified":"2021-02-25T16:47:58","modified_gmt":"2021-02-25T19:47:58","slug":"everis-abre-programa-de-trainees-para-area-de-digital-strategy","status":"publish","type":"post","link":"https:\/\/insurancecorp.com.br\/pt\/2021\/02\/25\/everis-abre-programa-de-trainees-para-area-de-digital-strategy\/","title":{"rendered":"everis abre Programa de Trainees para \u00e1rea de Digital Strategy"},"content":{"rendered":"<p>A everis Brasil, consultoria de neg\u00f3cios e TI do Grupo NTT Data, lan\u00e7a um programa de trainees para formar e contratar talentos para atuarem como consultores de neg\u00f3cios digitais especificamente para sua \u00e1rea de Digital Strategy. O objetivo \u00e9 dar oportunidade a rec\u00e9m-formados em quaisquer \u00e1reas (humanas, exatas ou biol\u00f3gicas) para participar de projetos da everis com grandes empresas nacionais e internacionais. Os interessados em participar devem se inscrever no linkhttps:\/\/jobs.everis.com\/pt-pt\/ofertas\/trainee-digital-strategy.<br \/>\nO Programa de Trainees da everis Digital Strategy selecionar\u00e1 20 talentos por trimestre, entre os candidatos que se destacarem em provas de portugu\u00eas, idiomas (ingl\u00eas ou espanhol) e Excel, bem como em um v\u00eddeo curto com sua opini\u00e3o ou conhecimentos sobre Intelig\u00eancia Artificial (IA), no qual ser\u00e3o avaliadas as habilidades de comunica\u00e7\u00e3o, criatividade e organiza\u00e7\u00e3o de ideias. Esses finalistas ser\u00e3o divididos em grupos para participar de um rackathon, no qual ter\u00e3o de elaborar propostas para melhorar um neg\u00f3cio pr\u00e9-definido pela consultoria. Ao final do programa, que durar\u00e1 um ano, ser\u00e3o selecionados os quatro ou cinco trainees por trimestre, que ser\u00e3o contratados como consultores plenos. No total, a everis espera contratar cerca de 20 novos profissionais por ano por meio do programa.<br \/>\n&#8220;N\u00f3s somos uma \u00e1rea estrat\u00e9gica e din\u00e2mica que trabalha com flexibilidade, criatividade e agilidade para ajudar os clientes a inovarem e a ganharem competitividade no mercado&#8221;, diz Leylah Macluf, diretora de Talent Transformation da everis para Am\u00e9ricas. Estamos procurando talentos ecl\u00e9ticos e multidisciplinares, interessados em aprender e trocar conhecimentos para oxigenar as equipes de campo, trazendo novos saberes e experi\u00eancias . Essa caracter\u00edstica torna esse programa fundamental para garantir maior diversidade, efici\u00eancia e produtividade aos nossos projetos&#8221;, explica. &#8220;Os conhecimentos t\u00e9cnicos n\u00f3s vamos ensinar durante o programa.&#8221;<br \/>\nA \u00e1rea de Digital Strategy \u00e9 respons\u00e1vel por desenvolver novos conceitos, produtos e servi\u00e7os, al\u00e9m de aperfei\u00e7oar processos operacionais e estrat\u00e9gicos, a fim de ajudar as empresas a ganhar excel\u00eancia de atendimento, engajar colaboradores, gerar novas oportunidade de neg\u00f3cios, aumentar rentabilidade e reduzir custos. Para ter maior efetividade, Digital Strategy est\u00e1 dividida em seis sub\u00e1reas, como est\u00fadio de design (Chazz), estrat\u00e9gia, gera\u00e7\u00e3o de receitas, custos e rela\u00e7\u00f5es humanas.<br \/>\n&#8220;Nossa estrutura permite que os trainees desenvolvam habilidades distintas, como pensamento anal\u00edtico, empreendedorismo, criatividade e comunica\u00e7\u00e3o, pois passar\u00e3o por atividades distintas, como design thinking, aperfei\u00e7oamento de processos, implementa\u00e7\u00e3o de metodologias \u00e1geis, cria\u00e7\u00e3o de novos modelos de neg\u00f3cios, an\u00e1lise de impactos financeiros e tecnologias, entre outras&#8221;, detalha Leylah.<br \/>\nSegundo Leylah, os trainees selecionados participar\u00e3o efetivamente dos projetos da consultoria, que integra um grande grupo internacional e \u00e9 reconhecida pela qualidade e assertividade de seus projetos, assim como pela atua\u00e7\u00e3o sin\u00e9rgica e inovadora, com a gest\u00e3o e apoio de profissionais experientes da everis. &#8220;Acredito que ser\u00e1 uma experi\u00eancia valiosa para suas carreiras, pois, apesar de sermos uma grande empresa, atuamos como uma startup, focada em propor solu\u00e7\u00f5es e inovar com tecnologias eficazes e disruptivas. Isso lhes dar\u00e1 know-how para continuarem no setor de servi\u00e7os de consultoria ou aturem em qualquer outro, bem como para investirem futuramente em seus pr\u00f3prios neg\u00f3cios&#8221;, completa a diretora.<\/p>\n<p><strong>Market21<\/strong><\/p>\n","protected":false},"excerpt":{"rendered":"<p>A everis Brasil, consultoria de neg\u00f3cios e TI do Grupo NTT Data, lan\u00e7a um programa de trainees para formar e contratar talentos para atuarem como consultores de neg\u00f3cios digitais especificamente para sua \u00e1rea de Digital Strategy. O objetivo \u00e9 dar oportunidade a rec\u00e9m-formados em quaisquer \u00e1reas (humanas, exatas ou biol\u00f3gicas) para participar de projetos da [&hellip;]<\/p>\n","protected":false},"author":2,"featured_media":22920,"comment_status":"open","ping_status":"open","sticky":false,"template":"","format":"standard","meta":[],"categories":[387],"tags":[],"jetpack_featured_media_url":"https:\/\/insurancecorp.com.br\/pt\/wp-content\/uploads\/2021\/02\/0-21.jpg","yoast_head":"<!-- This site is optimized with the Yoast SEO plugin v14.8 - https:\/\/yoast.com\/wordpress\/plugins\/seo\/ -->\n<title>everis abre Programa de Trainees para \u00e1rea de Digital Strategy | Revista Insurance Corp | PT-BR<\/title>\n<meta name=\"robots\" content=\"index, follow\" \/>\n<meta name=\"googlebot\" content=\"index, follow, max-snippet:-1, max-image-preview:large, max-video-preview:-1\" \/>\n<meta name=\"bingbot\" content=\"index, follow, max-snippet:-1, max-image-preview:large, max-video-preview:-1\" \/>\n<link rel=\"canonical\" href=\"https:\/\/insurancecorp.com.br\/pt\/2021\/02\/25\/everis-abre-programa-de-trainees-para-area-de-digital-strategy\/\" \/>\n<meta property=\"og:locale\" content=\"pt_BR\" \/>\n<meta property=\"og:type\" content=\"article\" \/>\n<meta property=\"og:title\" content=\"everis abre Programa de Trainees para \u00e1rea de Digital Strategy | Revista Insurance Corp | PT-BR\" \/>\n<meta property=\"og:description\" content=\"A everis Brasil, consultoria de neg\u00f3cios e TI do Grupo NTT Data, lan\u00e7a um programa de trainees para formar e contratar talentos para atuarem como consultores de neg\u00f3cios digitais especificamente para sua \u00e1rea de Digital Strategy. O objetivo \u00e9 dar oportunidade a rec\u00e9m-formados em quaisquer \u00e1reas (humanas, exatas ou biol\u00f3gicas) para participar de projetos da [&hellip;]\" \/>\n<meta property=\"og:url\" content=\"https:\/\/insurancecorp.com.br\/pt\/2021\/02\/25\/everis-abre-programa-de-trainees-para-area-de-digital-strategy\/\" \/>\n<meta property=\"og:site_name\" content=\"Revista Insurance Corp | PT-BR\" \/>\n<meta property=\"article:publisher\" content=\"https:\/\/www.facebook.com\/RevistaInsuranceCorp\/\" \/>\n<meta property=\"article:published_time\" content=\"2021-02-25T19:47:45+00:00\" \/>\n<meta property=\"article:modified_time\" content=\"2021-02-25T19:47:58+00:00\" \/>\n<meta property=\"og:image\" content=\"https:\/\/insurancecorp.com.br\/pt\/wp-content\/uploads\/2021\/02\/0-21.jpg\" \/>\n\t<meta property=\"og:image:width\" content=\"640\" \/>\n\t<meta property=\"og:image:height\" content=\"213\" \/>\n<meta name=\"twitter:card\" content=\"summary\" \/>\n<script type=\"application\/ld+json\" class=\"yoast-schema-graph\">{\"@context\":\"https:\/\/schema.org\",\"@graph\":[{\"@type\":\"Organization\",\"@id\":\"https:\/\/insurancecorp.com.br\/pt\/#organization\",\"name\":\"Revista Insurance Corp\",\"url\":\"https:\/\/insurancecorp.com.br\/pt\/\",\"sameAs\":[\"https:\/\/www.facebook.com\/RevistaInsuranceCorp\/\"],\"logo\":{\"@type\":\"ImageObject\",\"@id\":\"https:\/\/insurancecorp.com.br\/pt\/#logo\",\"inLanguage\":\"pt-BR\",\"url\":\"\",\"caption\":\"Revista Insurance Corp\"},\"image\":{\"@id\":\"https:\/\/insurancecorp.com.br\/pt\/#logo\"}},{\"@type\":\"WebSite\",\"@id\":\"https:\/\/insurancecorp.com.br\/pt\/#website\",\"url\":\"https:\/\/insurancecorp.com.br\/pt\/\",\"name\":\"Revista Insurance Corp | PT-BR\",\"description\":\"A \\u00fanica revista bil\\u00edngue voltada ao mercado de seguro.\",\"publisher\":{\"@id\":\"https:\/\/insurancecorp.com.br\/pt\/#organization\"},\"potentialAction\":[{\"@type\":\"SearchAction\",\"target\":\"https:\/\/insurancecorp.com.br\/pt\/?s={search_term_string}\",\"query-input\":\"required name=search_term_string\"}],\"inLanguage\":\"pt-BR\"},{\"@type\":\"ImageObject\",\"@id\":\"https:\/\/insurancecorp.com.br\/pt\/2021\/02\/25\/everis-abre-programa-de-trainees-para-area-de-digital-strategy\/#primaryimage\",\"inLanguage\":\"pt-BR\",\"url\":\"https:\/\/insurancecorp.com.br\/pt\/wp-content\/uploads\/2021\/02\/0-21.jpg\",\"width\":640,\"height\":213},{\"@type\":\"WebPage\",\"@id\":\"https:\/\/insurancecorp.com.br\/pt\/2021\/02\/25\/everis-abre-programa-de-trainees-para-area-de-digital-strategy\/#webpage\",\"url\":\"https:\/\/insurancecorp.com.br\/pt\/2021\/02\/25\/everis-abre-programa-de-trainees-para-area-de-digital-strategy\/\",\"name\":\"everis abre Programa de Trainees para \\u00e1rea de Digital Strategy | Revista Insurance Corp | PT-BR\",\"isPartOf\":{\"@id\":\"https:\/\/insurancecorp.com.br\/pt\/#website\"},\"primaryImageOfPage\":{\"@id\":\"https:\/\/insurancecorp.com.br\/pt\/2021\/02\/25\/everis-abre-programa-de-trainees-para-area-de-digital-strategy\/#primaryimage\"},\"datePublished\":\"2021-02-25T19:47:45+00:00\",\"dateModified\":\"2021-02-25T19:47:58+00:00\",\"inLanguage\":\"pt-BR\",\"potentialAction\":[{\"@type\":\"ReadAction\",\"target\":[\"https:\/\/insurancecorp.com.br\/pt\/2021\/02\/25\/everis-abre-programa-de-trainees-para-area-de-digital-strategy\/\"]}]},{\"@type\":\"Article\",\"@id\":\"https:\/\/insurancecorp.com.br\/pt\/2021\/02\/25\/everis-abre-programa-de-trainees-para-area-de-digital-strategy\/#article\",\"isPartOf\":{\"@id\":\"https:\/\/insurancecorp.com.br\/pt\/2021\/02\/25\/everis-abre-programa-de-trainees-para-area-de-digital-strategy\/#webpage\"},\"author\":{\"@id\":\"https:\/\/insurancecorp.com.br\/pt\/#\/schema\/person\/1b69c8cf325f0b7167f1b171f52df4af\"},\"headline\":\"everis abre Programa de Trainees para \\u00e1rea de Digital Strategy\",\"datePublished\":\"2021-02-25T19:47:45+00:00\",\"dateModified\":\"2021-02-25T19:47:58+00:00\",\"mainEntityOfPage\":{\"@id\":\"https:\/\/insurancecorp.com.br\/pt\/2021\/02\/25\/everis-abre-programa-de-trainees-para-area-de-digital-strategy\/#webpage\"},\"commentCount\":0,\"publisher\":{\"@id\":\"https:\/\/insurancecorp.com.br\/pt\/#organization\"},\"image\":{\"@id\":\"https:\/\/insurancecorp.com.br\/pt\/2021\/02\/25\/everis-abre-programa-de-trainees-para-area-de-digital-strategy\/#primaryimage\"},\"articleSection\":\"everis Brasil\",\"inLanguage\":\"pt-BR\",\"potentialAction\":[{\"@type\":\"CommentAction\",\"name\":\"Comment\",\"target\":[\"https:\/\/insurancecorp.com.br\/pt\/2021\/02\/25\/everis-abre-programa-de-trainees-para-area-de-digital-strategy\/#respond\"]}]},{\"@type\":\"Person\",\"@id\":\"https:\/\/insurancecorp.com.br\/pt\/#\/schema\/person\/1b69c8cf325f0b7167f1b171f52df4af\",\"name\":\"Publica\\u00e7\\u00e3o\",\"image\":{\"@type\":\"ImageObject\",\"@id\":\"https:\/\/insurancecorp.com.br\/pt\/#personlogo\",\"inLanguage\":\"pt-BR\",\"url\":\"https:\/\/secure.gravatar.com\/avatar\/17226f1f60486eb25d4c6b301ffed37f?s=96&d=mm&r=g\",\"caption\":\"Publica\\u00e7\\u00e3o\"}}]}<\/script>\n<!-- \/ Yoast SEO plugin. -->","_links":{"self":[{"href":"https:\/\/insurancecorp.com.br\/pt\/wp-json\/wp\/v2\/posts\/22919"}],"collection":[{"href":"https:\/\/insurancecorp.com.br\/pt\/wp-json\/wp\/v2\/posts"}],"about":[{"href":"https:\/\/insurancecorp.com.br\/pt\/wp-json\/wp\/v2\/types\/post"}],"author":[{"embeddable":true,"href":"https:\/\/insurancecorp.com.br\/pt\/wp-json\/wp\/v2\/users\/2"}],"replies":[{"embeddable":true,"href":"https:\/\/insurancecorp.com.br\/pt\/wp-json\/wp\/v2\/comments?post=22919"}],"version-history":[{"count":1,"href":"https:\/\/insurancecorp.com.br\/pt\/wp-json\/wp\/v2\/posts\/22919\/revisions"}],"predecessor-version":[{"id":22921,"href":"https:\/\/insurancecorp.com.br\/pt\/wp-json\/wp\/v2\/posts\/22919\/revisions\/22921"}],"wp:featuredmedia":[{"embeddable":true,"href":"https:\/\/insurancecorp.com.br\/pt\/wp-json\/wp\/v2\/media\/22920"}],"wp:attachment":[{"href":"https:\/\/insurancecorp.com.br\/pt\/wp-json\/wp\/v2\/media?parent=22919"}],"wp:term":[{"taxonomy":"category","embeddable":true,"href":"https:\/\/insurancecorp.com.br\/pt\/wp-json\/wp\/v2\/categories?post=22919"},{"taxonomy":"post_tag","embeddable":true,"href":"https:\/\/insurancecorp.com.br\/pt\/wp-json\/wp\/v2\/tags?post=22919"}],"curies":[{"name":"wp","href":"https:\/\/api.w.org\/{rel}","templated":true}]}}