{"id":22902,"date":"2021-02-24T17:50:34","date_gmt":"2021-02-24T20:50:34","guid":{"rendered":"https:\/\/insurancecorp.com.br\/pt\/?p=22902"},"modified":"2021-02-24T18:02:48","modified_gmt":"2021-02-24T21:02:48","slug":"qualicorp-e-amil-anunciam-novo-portfolio-de-planos-de-saude","status":"publish","type":"post","link":"https:\/\/insurancecorp.com.br\/pt\/2021\/02\/24\/qualicorp-e-amil-anunciam-novo-portfolio-de-planos-de-saude\/","title":{"rendered":"Qualicorp e Amil anunciam portf\u00f3lio de planos de sa\u00fade"},"content":{"rendered":"<p>A Qualicorp, administradora de planos de sa\u00fade coletivos, e a Amil, operadora de planos de sa\u00fade, anunciam o lan\u00e7amento do novo portf\u00f3lio de planos coletivos por ades\u00e3o, com foco nos Estados de S\u00e3o Paulo e Rio de Janeiro. Entre os destaques est\u00e3o os novos produtos da linha Amil e Amil F\u00e1cil e tamb\u00e9m os benef\u00edcios exclusivos que passam a ser disponibilizados ao cliente no novo portf\u00f3lio.<\/p>\n<p>Para Elton Carluci, vice-presidente Comercial, de Inova\u00e7\u00e3o e Novos Neg\u00f3cios da Qualicorp, o novo portf\u00f3lio \u00e9 fruto de uma parceria de sucesso com a Amil que tem o cliente como foco. \u201cTrabalhamos intensamente para oferecer os melhores planos de sa\u00fade aos nossos clientes. Por isso, a nossa meta \u00e9 ampliar a oferta de produtos para eles, trazendo muito mais vantagens e benef\u00edcios, al\u00e9m de valores acess\u00edveis\u201d, afirma Carluci.<\/p>\n<p>O novo produto disponibiliza ao cliente que contratar os planos de sa\u00fade Amil por meio da Qualicorp o acesso ao ePharma, programa de benef\u00edcios de medicamentos que oferece mensalmente R$ 150,00 por vida, n\u00e3o acumulativo, na compra de medicamentos gen\u00e9ricos com prescri\u00e7\u00e3o, al\u00e9m de descontos nos demais medicamentos de refer\u00eancia na rede credenciada do ePharma. O benef\u00edcio \u00e9 inteiramente gratuito e a lista de medicamentos abrange todos os gen\u00e9ricos listados no Programa de Benef\u00edcios de Medicamento (PBM). Para conhecer melhor o benef\u00edcio basta acessar https:\/\/parcerias.qualicorp.com.br\/epharma\/ .<\/p>\n<p>Outra vantagem para os clientes que contratarem o novo produto para as vig\u00eancias dos meses de mar\u00e7o e abril \u00e9 o desconto progressivo nas tr\u00eas primeiras mensalidades: 20% no primeiro boleto; 15% no segundo e 10% no terceiro. Esse benef\u00edcio tamb\u00e9m ser\u00e1 v\u00e1lido para quem adquirir as linhas Amil e Amil F\u00e1cil do antigo portf\u00f3lio. J\u00e1 o corretor ter\u00e1 premia\u00e7\u00e3o com pagamento \u00e0 vista pelo Cyber B\u00f4nus.<\/p>\n<p>\u201cPor meio dessa parceria visamos ampliar ainda mais o acesso \u00e0 sa\u00fade suplementar, principalmente nesse momento de pandemia, em que o plano de sa\u00fade se configura como um item de primeira necessidade. A Inova\u00e7\u00e3o \u00e9 uma marca registrada da Amil e esse \u00e9 mais um produto com essa caracter\u00edstica\u201d, comenta Carolina Lorenzatto, diretora executiva de Growth e Produtos da Amil.<\/p>\n<p>Recentemente, a Qualicorp passou a permitir que o corretor possa vender os produtos comercializados pela empresa em todo o territ\u00f3rio nacional, independentemente da regi\u00e3o em que resida, possibilitando mais oportunidades aos corretores do Brasil todo. \u201cCom a amplia\u00e7\u00e3o da venda nacional, o corretor pode estar em S\u00e3o Paulo, utilizar o aplicativo e vender o plano de sa\u00fade para algu\u00e9m que est\u00e1 em Salvador, por exemplo. Al\u00e9m disso, montamos uma estrutura com superintendentes regionais para otimizar a atua\u00e7\u00e3o em cada regi\u00e3o, sem deixar de respeitar as caracter\u00edsticas locais\u201d, afirma Alessandro Courbassier, diretor Comercial Brasil \u2013 Ades\u00e3o e PME da Quali.<\/p>\n<p><strong>Live<\/strong><br \/>\nNa tarde desta ter\u00e7a-feira (23), o superintendente regional de vendas da Quali em S\u00e3o Paulo, Jo\u00e3o Drummond, e os coordenadores regionais de vendas apresentaram durante uma live no perfil do Youtube do TamoJunto Corretor as vantagens dos novos produtos Amil, os benef\u00edcios para o corretor parceiro e tamb\u00e9m a nova estrutura da equipe comercial, que ser\u00e1 respons\u00e1vel por oferecer todo o suporte aos corretores.<\/p>\n<p>Durante a apresenta\u00e7\u00e3o, os corretores conheceram, tamb\u00e9m, a nova campanha de vendas exclusiva para a cidade de S\u00e3o Paulo a \u2018Amil por hora\u2019, em que o profissional de vendas acumula pontos e troca por pr\u00eamios. Al\u00e9m disso, os corretores passam a ter um novo canal de relacionamento com a Quali por meio do whatsapp, que contribuir\u00e1 para que recebam as novidades da empresa em primeira m\u00e3o e possam tirar d\u00favidas. Para assistir a live na \u00edntegra clique: https:\/\/www.youtube.com\/watch?v=2lol_8ZIgFo<\/p>\n<p><strong>VTN<\/strong><\/p>\n<p>&nbsp;<\/p>\n","protected":false},"excerpt":{"rendered":"<p>A Qualicorp, administradora de planos de sa\u00fade coletivos, e a Amil, operadora de planos de sa\u00fade, anunciam o lan\u00e7amento do novo portf\u00f3lio de planos coletivos por ades\u00e3o, com foco nos Estados de S\u00e3o Paulo e Rio de Janeiro. Entre os destaques est\u00e3o os novos produtos da linha Amil e Amil F\u00e1cil e tamb\u00e9m os benef\u00edcios [&hellip;]<\/p>\n","protected":false},"author":2,"featured_media":22903,"comment_status":"open","ping_status":"open","sticky":false,"template":"","format":"standard","meta":[],"categories":[486],"tags":[],"jetpack_featured_media_url":"https:\/\/insurancecorp.com.br\/pt\/wp-content\/uploads\/2021\/02\/0-18.jpg","yoast_head":"<!-- This site is optimized with the Yoast SEO plugin v14.8 - https:\/\/yoast.com\/wordpress\/plugins\/seo\/ -->\n<title>Qualicorp e Amil anunciam portf\u00f3lio de planos de sa\u00fade | Revista Insurance Corp | PT-BR<\/title>\n<meta name=\"robots\" content=\"index, follow\" \/>\n<meta name=\"googlebot\" content=\"index, follow, max-snippet:-1, max-image-preview:large, max-video-preview:-1\" \/>\n<meta name=\"bingbot\" content=\"index, follow, max-snippet:-1, max-image-preview:large, max-video-preview:-1\" \/>\n<link rel=\"canonical\" href=\"https:\/\/insurancecorp.com.br\/pt\/2021\/02\/24\/qualicorp-e-amil-anunciam-novo-portfolio-de-planos-de-saude\/\" \/>\n<meta property=\"og:locale\" content=\"pt_BR\" \/>\n<meta property=\"og:type\" content=\"article\" \/>\n<meta property=\"og:title\" content=\"Qualicorp e Amil anunciam portf\u00f3lio de planos de sa\u00fade | Revista Insurance Corp | PT-BR\" \/>\n<meta property=\"og:description\" content=\"A Qualicorp, administradora de planos de sa\u00fade coletivos, e a Amil, operadora de planos de sa\u00fade, anunciam o lan\u00e7amento do novo portf\u00f3lio de planos coletivos por ades\u00e3o, com foco nos Estados de S\u00e3o Paulo e Rio de Janeiro. Entre os destaques est\u00e3o os novos produtos da linha Amil e Amil F\u00e1cil e tamb\u00e9m os benef\u00edcios [&hellip;]\" \/>\n<meta property=\"og:url\" content=\"https:\/\/insurancecorp.com.br\/pt\/2021\/02\/24\/qualicorp-e-amil-anunciam-novo-portfolio-de-planos-de-saude\/\" \/>\n<meta property=\"og:site_name\" content=\"Revista Insurance Corp | PT-BR\" \/>\n<meta property=\"article:publisher\" content=\"https:\/\/www.facebook.com\/RevistaInsuranceCorp\/\" \/>\n<meta property=\"article:published_time\" content=\"2021-02-24T20:50:34+00:00\" \/>\n<meta property=\"article:modified_time\" content=\"2021-02-24T21:02:48+00:00\" \/>\n<meta property=\"og:image\" content=\"https:\/\/insurancecorp.com.br\/pt\/wp-content\/uploads\/2021\/02\/0-18.jpg\" \/>\n\t<meta property=\"og:image:width\" content=\"640\" \/>\n\t<meta property=\"og:image:height\" content=\"426\" \/>\n<meta name=\"twitter:card\" content=\"summary\" \/>\n<script type=\"application\/ld+json\" class=\"yoast-schema-graph\">{\"@context\":\"https:\/\/schema.org\",\"@graph\":[{\"@type\":\"Organization\",\"@id\":\"https:\/\/insurancecorp.com.br\/pt\/#organization\",\"name\":\"Revista Insurance Corp\",\"url\":\"https:\/\/insurancecorp.com.br\/pt\/\",\"sameAs\":[\"https:\/\/www.facebook.com\/RevistaInsuranceCorp\/\"],\"logo\":{\"@type\":\"ImageObject\",\"@id\":\"https:\/\/insurancecorp.com.br\/pt\/#logo\",\"inLanguage\":\"pt-BR\",\"url\":\"\",\"caption\":\"Revista Insurance Corp\"},\"image\":{\"@id\":\"https:\/\/insurancecorp.com.br\/pt\/#logo\"}},{\"@type\":\"WebSite\",\"@id\":\"https:\/\/insurancecorp.com.br\/pt\/#website\",\"url\":\"https:\/\/insurancecorp.com.br\/pt\/\",\"name\":\"Revista Insurance Corp | PT-BR\",\"description\":\"A \\u00fanica revista bil\\u00edngue voltada ao mercado de seguro.\",\"publisher\":{\"@id\":\"https:\/\/insurancecorp.com.br\/pt\/#organization\"},\"potentialAction\":[{\"@type\":\"SearchAction\",\"target\":\"https:\/\/insurancecorp.com.br\/pt\/?s={search_term_string}\",\"query-input\":\"required name=search_term_string\"}],\"inLanguage\":\"pt-BR\"},{\"@type\":\"ImageObject\",\"@id\":\"https:\/\/insurancecorp.com.br\/pt\/2021\/02\/24\/qualicorp-e-amil-anunciam-novo-portfolio-de-planos-de-saude\/#primaryimage\",\"inLanguage\":\"pt-BR\",\"url\":\"https:\/\/insurancecorp.com.br\/pt\/wp-content\/uploads\/2021\/02\/0-18.jpg\",\"width\":640,\"height\":426},{\"@type\":\"WebPage\",\"@id\":\"https:\/\/insurancecorp.com.br\/pt\/2021\/02\/24\/qualicorp-e-amil-anunciam-novo-portfolio-de-planos-de-saude\/#webpage\",\"url\":\"https:\/\/insurancecorp.com.br\/pt\/2021\/02\/24\/qualicorp-e-amil-anunciam-novo-portfolio-de-planos-de-saude\/\",\"name\":\"Qualicorp e Amil anunciam portf\\u00f3lio de planos de sa\\u00fade | Revista Insurance Corp | PT-BR\",\"isPartOf\":{\"@id\":\"https:\/\/insurancecorp.com.br\/pt\/#website\"},\"primaryImageOfPage\":{\"@id\":\"https:\/\/insurancecorp.com.br\/pt\/2021\/02\/24\/qualicorp-e-amil-anunciam-novo-portfolio-de-planos-de-saude\/#primaryimage\"},\"datePublished\":\"2021-02-24T20:50:34+00:00\",\"dateModified\":\"2021-02-24T21:02:48+00:00\",\"inLanguage\":\"pt-BR\",\"potentialAction\":[{\"@type\":\"ReadAction\",\"target\":[\"https:\/\/insurancecorp.com.br\/pt\/2021\/02\/24\/qualicorp-e-amil-anunciam-novo-portfolio-de-planos-de-saude\/\"]}]},{\"@type\":\"Article\",\"@id\":\"https:\/\/insurancecorp.com.br\/pt\/2021\/02\/24\/qualicorp-e-amil-anunciam-novo-portfolio-de-planos-de-saude\/#article\",\"isPartOf\":{\"@id\":\"https:\/\/insurancecorp.com.br\/pt\/2021\/02\/24\/qualicorp-e-amil-anunciam-novo-portfolio-de-planos-de-saude\/#webpage\"},\"author\":{\"@id\":\"https:\/\/insurancecorp.com.br\/pt\/#\/schema\/person\/1b69c8cf325f0b7167f1b171f52df4af\"},\"headline\":\"Qualicorp e Amil anunciam portf\\u00f3lio de planos de sa\\u00fade\",\"datePublished\":\"2021-02-24T20:50:34+00:00\",\"dateModified\":\"2021-02-24T21:02:48+00:00\",\"mainEntityOfPage\":{\"@id\":\"https:\/\/insurancecorp.com.br\/pt\/2021\/02\/24\/qualicorp-e-amil-anunciam-novo-portfolio-de-planos-de-saude\/#webpage\"},\"commentCount\":0,\"publisher\":{\"@id\":\"https:\/\/insurancecorp.com.br\/pt\/#organization\"},\"image\":{\"@id\":\"https:\/\/insurancecorp.com.br\/pt\/2021\/02\/24\/qualicorp-e-amil-anunciam-novo-portfolio-de-planos-de-saude\/#primaryimage\"},\"articleSection\":\"Qualicorp e Amil\",\"inLanguage\":\"pt-BR\",\"potentialAction\":[{\"@type\":\"CommentAction\",\"name\":\"Comment\",\"target\":[\"https:\/\/insurancecorp.com.br\/pt\/2021\/02\/24\/qualicorp-e-amil-anunciam-novo-portfolio-de-planos-de-saude\/#respond\"]}]},{\"@type\":\"Person\",\"@id\":\"https:\/\/insurancecorp.com.br\/pt\/#\/schema\/person\/1b69c8cf325f0b7167f1b171f52df4af\",\"name\":\"Publica\\u00e7\\u00e3o\",\"image\":{\"@type\":\"ImageObject\",\"@id\":\"https:\/\/insurancecorp.com.br\/pt\/#personlogo\",\"inLanguage\":\"pt-BR\",\"url\":\"https:\/\/secure.gravatar.com\/avatar\/17226f1f60486eb25d4c6b301ffed37f?s=96&d=mm&r=g\",\"caption\":\"Publica\\u00e7\\u00e3o\"}}]}<\/script>\n<!-- \/ Yoast SEO plugin. -->","_links":{"self":[{"href":"https:\/\/insurancecorp.com.br\/pt\/wp-json\/wp\/v2\/posts\/22902"}],"collection":[{"href":"https:\/\/insurancecorp.com.br\/pt\/wp-json\/wp\/v2\/posts"}],"about":[{"href":"https:\/\/insurancecorp.com.br\/pt\/wp-json\/wp\/v2\/types\/post"}],"author":[{"embeddable":true,"href":"https:\/\/insurancecorp.com.br\/pt\/wp-json\/wp\/v2\/users\/2"}],"replies":[{"embeddable":true,"href":"https:\/\/insurancecorp.com.br\/pt\/wp-json\/wp\/v2\/comments?post=22902"}],"version-history":[{"count":3,"href":"https:\/\/insurancecorp.com.br\/pt\/wp-json\/wp\/v2\/posts\/22902\/revisions"}],"predecessor-version":[{"id":22908,"href":"https:\/\/insurancecorp.com.br\/pt\/wp-json\/wp\/v2\/posts\/22902\/revisions\/22908"}],"wp:featuredmedia":[{"embeddable":true,"href":"https:\/\/insurancecorp.com.br\/pt\/wp-json\/wp\/v2\/media\/22903"}],"wp:attachment":[{"href":"https:\/\/insurancecorp.com.br\/pt\/wp-json\/wp\/v2\/media?parent=22902"}],"wp:term":[{"taxonomy":"category","embeddable":true,"href":"https:\/\/insurancecorp.com.br\/pt\/wp-json\/wp\/v2\/categories?post=22902"},{"taxonomy":"post_tag","embeddable":true,"href":"https:\/\/insurancecorp.com.br\/pt\/wp-json\/wp\/v2\/tags?post=22902"}],"curies":[{"name":"wp","href":"https:\/\/api.w.org\/{rel}","templated":true}]}}