{"id":22807,"date":"2021-02-22T15:09:12","date_gmt":"2021-02-22T18:09:12","guid":{"rendered":"https:\/\/insurancecorp.com.br\/pt\/?p=22807"},"modified":"2021-02-22T15:15:13","modified_gmt":"2021-02-22T18:15:13","slug":"direto-reto-recebe-presidente-do-sindsegsp","status":"publish","type":"post","link":"https:\/\/insurancecorp.com.br\/pt\/2021\/02\/22\/direto-reto-recebe-presidente-do-sindsegsp\/","title":{"rendered":"Direto &#038; Reto recebe presidente do SindsegSP"},"content":{"rendered":"<p>Para a pr\u00f3xima edi\u00e7\u00e3o do Direto &amp; Reto com Camillo, o presidente do Sincor-SP, Alexandre Camillo, vai receber o presidente do SindsegSP, Rivaldo Leite. A transmiss\u00e3o acontece no dia 24 de fevereiro, a partir das 10h, no canal da TV Sincor-SP no YouTube.<\/p>\n<p>Na ocasi\u00e3o, os presidentes v\u00e3o discutir a parceria entre corretores e seguradores para o desenvolvimento do mercado.<br \/>\nJ\u00e1 \u00e9 poss\u00edvel participar enviando perguntas, questionamentos e coment\u00e1rios para o WhatsApp (11) 97363-0844.<\/p>\n<p>O Direto &amp; Reto com Camillo \u00e9 exibido todas as \u00faltimas quartas-feiras do m\u00eas e tem como prop\u00f3sito aproximar, ainda mais, o Sincor-SP dos corretores de seguros, promovendo di\u00e1logo entre a categoria e o presidente.<\/p>\n<p><strong>Assessoria de Imprensa Sincor-SP<\/strong><\/p>\n","protected":false},"excerpt":{"rendered":"<p>Para a pr\u00f3xima edi\u00e7\u00e3o do Direto &amp; Reto com Camillo, o presidente do Sincor-SP, Alexandre Camillo, vai receber o presidente do SindsegSP, Rivaldo Leite. A transmiss\u00e3o acontece no dia 24 de fevereiro, a partir das 10h, no canal da TV Sincor-SP no YouTube. Na ocasi\u00e3o, os presidentes v\u00e3o discutir a parceria entre corretores e seguradores [&hellip;]<\/p>\n","protected":false},"author":2,"featured_media":22808,"comment_status":"open","ping_status":"open","sticky":false,"template":"","format":"standard","meta":[],"categories":[376],"tags":[],"jetpack_featured_media_url":"https:\/\/insurancecorp.com.br\/pt\/wp-content\/uploads\/2021\/02\/1-48.jpg","yoast_head":"<!-- This site is optimized with the Yoast SEO plugin v14.8 - https:\/\/yoast.com\/wordpress\/plugins\/seo\/ -->\n<title>Direto &amp; Reto recebe presidente do SindsegSP | Revista Insurance Corp | PT-BR<\/title>\n<meta name=\"robots\" content=\"index, follow\" \/>\n<meta name=\"googlebot\" content=\"index, follow, max-snippet:-1, max-image-preview:large, max-video-preview:-1\" \/>\n<meta name=\"bingbot\" content=\"index, follow, max-snippet:-1, max-image-preview:large, max-video-preview:-1\" \/>\n<link rel=\"canonical\" href=\"https:\/\/insurancecorp.com.br\/pt\/2021\/02\/22\/direto-reto-recebe-presidente-do-sindsegsp\/\" \/>\n<meta property=\"og:locale\" content=\"pt_BR\" \/>\n<meta property=\"og:type\" content=\"article\" \/>\n<meta property=\"og:title\" content=\"Direto &amp; Reto recebe presidente do SindsegSP | Revista Insurance Corp | PT-BR\" \/>\n<meta property=\"og:description\" content=\"Para a pr\u00f3xima edi\u00e7\u00e3o do Direto &amp; Reto com Camillo, o presidente do Sincor-SP, Alexandre Camillo, vai receber o presidente do SindsegSP, Rivaldo Leite. A transmiss\u00e3o acontece no dia 24 de fevereiro, a partir das 10h, no canal da TV Sincor-SP no YouTube. Na ocasi\u00e3o, os presidentes v\u00e3o discutir a parceria entre corretores e seguradores [&hellip;]\" \/>\n<meta property=\"og:url\" content=\"https:\/\/insurancecorp.com.br\/pt\/2021\/02\/22\/direto-reto-recebe-presidente-do-sindsegsp\/\" \/>\n<meta property=\"og:site_name\" content=\"Revista Insurance Corp | PT-BR\" \/>\n<meta property=\"article:publisher\" content=\"https:\/\/www.facebook.com\/RevistaInsuranceCorp\/\" \/>\n<meta property=\"article:published_time\" content=\"2021-02-22T18:09:12+00:00\" \/>\n<meta property=\"article:modified_time\" content=\"2021-02-22T18:15:13+00:00\" \/>\n<meta property=\"og:image\" content=\"https:\/\/insurancecorp.com.br\/pt\/wp-content\/uploads\/2021\/02\/1-48.jpg\" \/>\n\t<meta property=\"og:image:width\" content=\"750\" \/>\n\t<meta property=\"og:image:height\" content=\"363\" \/>\n<meta name=\"twitter:card\" content=\"summary\" \/>\n<script type=\"application\/ld+json\" class=\"yoast-schema-graph\">{\"@context\":\"https:\/\/schema.org\",\"@graph\":[{\"@type\":\"Organization\",\"@id\":\"https:\/\/insurancecorp.com.br\/pt\/#organization\",\"name\":\"Revista Insurance Corp\",\"url\":\"https:\/\/insurancecorp.com.br\/pt\/\",\"sameAs\":[\"https:\/\/www.facebook.com\/RevistaInsuranceCorp\/\"],\"logo\":{\"@type\":\"ImageObject\",\"@id\":\"https:\/\/insurancecorp.com.br\/pt\/#logo\",\"inLanguage\":\"pt-BR\",\"url\":\"\",\"caption\":\"Revista Insurance Corp\"},\"image\":{\"@id\":\"https:\/\/insurancecorp.com.br\/pt\/#logo\"}},{\"@type\":\"WebSite\",\"@id\":\"https:\/\/insurancecorp.com.br\/pt\/#website\",\"url\":\"https:\/\/insurancecorp.com.br\/pt\/\",\"name\":\"Revista Insurance Corp | PT-BR\",\"description\":\"A \\u00fanica revista bil\\u00edngue voltada ao mercado de seguro.\",\"publisher\":{\"@id\":\"https:\/\/insurancecorp.com.br\/pt\/#organization\"},\"potentialAction\":[{\"@type\":\"SearchAction\",\"target\":\"https:\/\/insurancecorp.com.br\/pt\/?s={search_term_string}\",\"query-input\":\"required name=search_term_string\"}],\"inLanguage\":\"pt-BR\"},{\"@type\":\"ImageObject\",\"@id\":\"https:\/\/insurancecorp.com.br\/pt\/2021\/02\/22\/direto-reto-recebe-presidente-do-sindsegsp\/#primaryimage\",\"inLanguage\":\"pt-BR\",\"url\":\"https:\/\/insurancecorp.com.br\/pt\/wp-content\/uploads\/2021\/02\/1-48.jpg\",\"width\":750,\"height\":363},{\"@type\":\"WebPage\",\"@id\":\"https:\/\/insurancecorp.com.br\/pt\/2021\/02\/22\/direto-reto-recebe-presidente-do-sindsegsp\/#webpage\",\"url\":\"https:\/\/insurancecorp.com.br\/pt\/2021\/02\/22\/direto-reto-recebe-presidente-do-sindsegsp\/\",\"name\":\"Direto & Reto recebe presidente do SindsegSP | Revista Insurance Corp | PT-BR\",\"isPartOf\":{\"@id\":\"https:\/\/insurancecorp.com.br\/pt\/#website\"},\"primaryImageOfPage\":{\"@id\":\"https:\/\/insurancecorp.com.br\/pt\/2021\/02\/22\/direto-reto-recebe-presidente-do-sindsegsp\/#primaryimage\"},\"datePublished\":\"2021-02-22T18:09:12+00:00\",\"dateModified\":\"2021-02-22T18:15:13+00:00\",\"inLanguage\":\"pt-BR\",\"potentialAction\":[{\"@type\":\"ReadAction\",\"target\":[\"https:\/\/insurancecorp.com.br\/pt\/2021\/02\/22\/direto-reto-recebe-presidente-do-sindsegsp\/\"]}]},{\"@type\":\"Article\",\"@id\":\"https:\/\/insurancecorp.com.br\/pt\/2021\/02\/22\/direto-reto-recebe-presidente-do-sindsegsp\/#article\",\"isPartOf\":{\"@id\":\"https:\/\/insurancecorp.com.br\/pt\/2021\/02\/22\/direto-reto-recebe-presidente-do-sindsegsp\/#webpage\"},\"author\":{\"@id\":\"https:\/\/insurancecorp.com.br\/pt\/#\/schema\/person\/1b69c8cf325f0b7167f1b171f52df4af\"},\"headline\":\"Direto &#038; Reto recebe presidente do SindsegSP\",\"datePublished\":\"2021-02-22T18:09:12+00:00\",\"dateModified\":\"2021-02-22T18:15:13+00:00\",\"mainEntityOfPage\":{\"@id\":\"https:\/\/insurancecorp.com.br\/pt\/2021\/02\/22\/direto-reto-recebe-presidente-do-sindsegsp\/#webpage\"},\"commentCount\":0,\"publisher\":{\"@id\":\"https:\/\/insurancecorp.com.br\/pt\/#organization\"},\"image\":{\"@id\":\"https:\/\/insurancecorp.com.br\/pt\/2021\/02\/22\/direto-reto-recebe-presidente-do-sindsegsp\/#primaryimage\"},\"articleSection\":\"Programa Direto e Reto\",\"inLanguage\":\"pt-BR\",\"potentialAction\":[{\"@type\":\"CommentAction\",\"name\":\"Comment\",\"target\":[\"https:\/\/insurancecorp.com.br\/pt\/2021\/02\/22\/direto-reto-recebe-presidente-do-sindsegsp\/#respond\"]}]},{\"@type\":\"Person\",\"@id\":\"https:\/\/insurancecorp.com.br\/pt\/#\/schema\/person\/1b69c8cf325f0b7167f1b171f52df4af\",\"name\":\"Publica\\u00e7\\u00e3o\",\"image\":{\"@type\":\"ImageObject\",\"@id\":\"https:\/\/insurancecorp.com.br\/pt\/#personlogo\",\"inLanguage\":\"pt-BR\",\"url\":\"https:\/\/secure.gravatar.com\/avatar\/17226f1f60486eb25d4c6b301ffed37f?s=96&d=mm&r=g\",\"caption\":\"Publica\\u00e7\\u00e3o\"}}]}<\/script>\n<!-- \/ Yoast SEO plugin. -->","_links":{"self":[{"href":"https:\/\/insurancecorp.com.br\/pt\/wp-json\/wp\/v2\/posts\/22807"}],"collection":[{"href":"https:\/\/insurancecorp.com.br\/pt\/wp-json\/wp\/v2\/posts"}],"about":[{"href":"https:\/\/insurancecorp.com.br\/pt\/wp-json\/wp\/v2\/types\/post"}],"author":[{"embeddable":true,"href":"https:\/\/insurancecorp.com.br\/pt\/wp-json\/wp\/v2\/users\/2"}],"replies":[{"embeddable":true,"href":"https:\/\/insurancecorp.com.br\/pt\/wp-json\/wp\/v2\/comments?post=22807"}],"version-history":[{"count":2,"href":"https:\/\/insurancecorp.com.br\/pt\/wp-json\/wp\/v2\/posts\/22807\/revisions"}],"predecessor-version":[{"id":22810,"href":"https:\/\/insurancecorp.com.br\/pt\/wp-json\/wp\/v2\/posts\/22807\/revisions\/22810"}],"wp:featuredmedia":[{"embeddable":true,"href":"https:\/\/insurancecorp.com.br\/pt\/wp-json\/wp\/v2\/media\/22808"}],"wp:attachment":[{"href":"https:\/\/insurancecorp.com.br\/pt\/wp-json\/wp\/v2\/media?parent=22807"}],"wp:term":[{"taxonomy":"category","embeddable":true,"href":"https:\/\/insurancecorp.com.br\/pt\/wp-json\/wp\/v2\/categories?post=22807"},{"taxonomy":"post_tag","embeddable":true,"href":"https:\/\/insurancecorp.com.br\/pt\/wp-json\/wp\/v2\/tags?post=22807"}],"curies":[{"name":"wp","href":"https:\/\/api.w.org\/{rel}","templated":true}]}}