{"id":22678,"date":"2021-02-15T15:42:12","date_gmt":"2021-02-15T18:42:12","guid":{"rendered":"https:\/\/insurancecorp.com.br\/pt\/?p=22678"},"modified":"2021-02-15T15:43:02","modified_gmt":"2021-02-15T18:43:02","slug":"everis-cria-novo-programa-para-formar-7-000-profissionais-em-tecnologia","status":"publish","type":"post","link":"https:\/\/insurancecorp.com.br\/pt\/2021\/02\/15\/everis-cria-novo-programa-para-formar-7-000-profissionais-em-tecnologia\/","title":{"rendered":"everis cria programa para formar 7.000 profissionais em tecnologia"},"content":{"rendered":"<p>Em uma nova parceria, a everis, consultoria de Neg\u00f3cios e de TI do Grupo NTT Data, e a Digital Innovation One , plataforma de educa\u00e7\u00e3o on-line de tecnologia e desenvolvimento de softwares para conectar oportunidades de trabalho, lan\u00e7am mais um bootcamp (programa de treinamento) gratuito, com foco em tecnologia emergente Kotlin, linguagem de programa\u00e7\u00e3o bastante utilizada nos aplicativos Android.<br \/>\nCom essa iniciativa, a expectativa da everis \u00e9 contratar 300 talentos para trabalharem preferencialmente em suas opera\u00e7\u00f5es nas cidades de S\u00e3o Paulo (SP), Rio de Janeiro (RJ), Uberl\u00e2ndia (MG) e Florian\u00f3polis (SC). Essas admiss\u00f5es ser\u00e3o nas modalidades full home office e em modelos h\u00edbridos (home office e pontualmente presencial), dependendo da vaga a ser ocupada.<br \/>\nPara essas contrata\u00e7\u00f5es, a parceria everis\/Digital Innovation One abrir\u00e1 7.000 bolsas de estudo gratuitas para pessoas que atuam com desenvolvimento de software em qualquer tecnologia e querem aprender a desenvolver aplicativos com a tecnologia Kotlin. Os alunos que finalizarem todo o treinamento estar\u00e3o classificados para a pr\u00f3xima etapa do processo seletivo da everis. As inscri\u00e7\u00f5es podem ser feitas por este link .<br \/>\n&#8220;Estamos passando por uma grande transforma\u00e7\u00e3o digital e nossa opera\u00e7\u00e3o brasileira tem se expandido de forma significativa no Pa\u00eds, por estar ajudando os clientes a inovar e aperfei\u00e7oar os servi\u00e7os oferecidos ao mercado. Diante desse cen\u00e1rio, temos investido consistentemente na forma\u00e7\u00e3o e no aperfei\u00e7oamento dos profissionais em diferentes tecnologias e t\u00e9cnicas de neg\u00f3cios&#8221;, afirma Ricardo Neves, CEO da everis Brasil.<br \/>\nSegundo o executivo da everis, esse novo programa de treinamento integra uma s\u00e9rie de iniciativas semelhantes, que contribuir\u00e3o para tornar o quadro de profissionais da consultoria do Grupo NTT Data ainda mais qualificado e diverso, contemplando profissionais de todo o territ\u00f3rio nacional.<br \/>\nUm exemplo disso \u00e9 que, no ano passado, a everis lan\u00e7ou um programa semelhante, que transformou a vida dos participantes, como Michel Mamede, que trabalhava no mercado financeiro quando decidiu participar do bootcamp everis fullstack developer. Atualmente contratado pela multinacional, ele conta que o medo sempre foi um grande inimigo para fazer uma profunda mudan\u00e7a na sua carreira.<br \/>\nAp\u00f3s vencer esse temor, Mamede comemora a mudan\u00e7a na sua viv\u00eancia profissional. &#8220;Embora dentro de outras \u00e1reas, eu sempre tive muito interesse por tecnologia, mas n\u00e3o sabia como e por onde come\u00e7ar. Acredito que muitos hoje se veem receosos em entrar nessa \u00e1rea por n\u00e3o terem um adequado direcionamento nos estudos para essa aprendizagem. Acredite, programe-se, tenha foco e, por mais dif\u00edcil que seja, n\u00e3o desista. Toda carreira tem seus desafios, atuar como programador n\u00e3o \u00e9 diferente&#8221;, incentiva o colaborador da everis.<br \/>\nPara Pablo Zaniolo, COO e um dos fundadores da Digital Innovation One , o bootcamp everis Kotlin developer garante novas oportunidades para as pessoas que j\u00e1 atuam no mercado de tecnologia e buscam uma ascens\u00e3o na carreira. &#8220;A everis \u00e9 reconhecida globalmente pela grande experi\u00eancia no desenvolvimento de projetos mobile. Al\u00e9m disso, \u00e9 uma empresa que se preocupa genuinamente em gerar impacto na sociedade. Por meio desse bootcamp ir\u00e1 formar e especializar milhares de pessoas que j\u00e1 atuam profissionalmente e querem alavancar a carreira atuando em uma empresa global&#8221;, avalia.<\/p>\n<p><b><i><u>MK<\/u><\/i><\/b><\/p>\n","protected":false},"excerpt":{"rendered":"<p>Em uma nova parceria, a everis, consultoria de Neg\u00f3cios e de TI do Grupo NTT Data, e a Digital Innovation One , plataforma de educa\u00e7\u00e3o on-line de tecnologia e desenvolvimento de softwares para conectar oportunidades de trabalho, lan\u00e7am mais um bootcamp (programa de treinamento) gratuito, com foco em tecnologia emergente Kotlin, linguagem de programa\u00e7\u00e3o bastante [&hellip;]<\/p>\n","protected":false},"author":2,"featured_media":22679,"comment_status":"open","ping_status":"open","sticky":false,"template":"","format":"standard","meta":[],"categories":[387],"tags":[],"jetpack_featured_media_url":"https:\/\/insurancecorp.com.br\/pt\/wp-content\/uploads\/2021\/02\/1-35.jpg","yoast_head":"<!-- This site is optimized with the Yoast SEO plugin v14.8 - https:\/\/yoast.com\/wordpress\/plugins\/seo\/ -->\n<title>everis cria programa para formar 7.000 profissionais em tecnologia | Revista Insurance Corp | PT-BR<\/title>\n<meta name=\"robots\" content=\"index, follow\" \/>\n<meta name=\"googlebot\" content=\"index, follow, max-snippet:-1, max-image-preview:large, max-video-preview:-1\" \/>\n<meta name=\"bingbot\" content=\"index, follow, max-snippet:-1, max-image-preview:large, max-video-preview:-1\" \/>\n<link rel=\"canonical\" href=\"https:\/\/insurancecorp.com.br\/pt\/2021\/02\/15\/everis-cria-novo-programa-para-formar-7-000-profissionais-em-tecnologia\/\" \/>\n<meta property=\"og:locale\" content=\"pt_BR\" \/>\n<meta property=\"og:type\" content=\"article\" \/>\n<meta property=\"og:title\" content=\"everis cria programa para formar 7.000 profissionais em tecnologia | Revista Insurance Corp | PT-BR\" \/>\n<meta property=\"og:description\" content=\"Em uma nova parceria, a everis, consultoria de Neg\u00f3cios e de TI do Grupo NTT Data, e a Digital Innovation One , plataforma de educa\u00e7\u00e3o on-line de tecnologia e desenvolvimento de softwares para conectar oportunidades de trabalho, lan\u00e7am mais um bootcamp (programa de treinamento) gratuito, com foco em tecnologia emergente Kotlin, linguagem de programa\u00e7\u00e3o bastante [&hellip;]\" \/>\n<meta property=\"og:url\" content=\"https:\/\/insurancecorp.com.br\/pt\/2021\/02\/15\/everis-cria-novo-programa-para-formar-7-000-profissionais-em-tecnologia\/\" \/>\n<meta property=\"og:site_name\" content=\"Revista Insurance Corp | PT-BR\" \/>\n<meta property=\"article:publisher\" content=\"https:\/\/www.facebook.com\/RevistaInsuranceCorp\/\" \/>\n<meta property=\"article:published_time\" content=\"2021-02-15T18:42:12+00:00\" \/>\n<meta property=\"article:modified_time\" content=\"2021-02-15T18:43:02+00:00\" \/>\n<meta name=\"twitter:card\" content=\"summary\" \/>\n<meta name=\"twitter:image\" content=\"https:\/\/insurancecorp.com.br\/pt\/wp-content\/uploads\/2021\/02\/1-35.jpg\" \/>\n<script type=\"application\/ld+json\" class=\"yoast-schema-graph\">{\"@context\":\"https:\/\/schema.org\",\"@graph\":[{\"@type\":\"Organization\",\"@id\":\"https:\/\/insurancecorp.com.br\/pt\/#organization\",\"name\":\"Revista Insurance Corp\",\"url\":\"https:\/\/insurancecorp.com.br\/pt\/\",\"sameAs\":[\"https:\/\/www.facebook.com\/RevistaInsuranceCorp\/\"],\"logo\":{\"@type\":\"ImageObject\",\"@id\":\"https:\/\/insurancecorp.com.br\/pt\/#logo\",\"inLanguage\":\"pt-BR\",\"url\":\"\",\"caption\":\"Revista Insurance Corp\"},\"image\":{\"@id\":\"https:\/\/insurancecorp.com.br\/pt\/#logo\"}},{\"@type\":\"WebSite\",\"@id\":\"https:\/\/insurancecorp.com.br\/pt\/#website\",\"url\":\"https:\/\/insurancecorp.com.br\/pt\/\",\"name\":\"Revista Insurance Corp | PT-BR\",\"description\":\"A \\u00fanica revista bil\\u00edngue voltada ao mercado de seguro.\",\"publisher\":{\"@id\":\"https:\/\/insurancecorp.com.br\/pt\/#organization\"},\"potentialAction\":[{\"@type\":\"SearchAction\",\"target\":\"https:\/\/insurancecorp.com.br\/pt\/?s={search_term_string}\",\"query-input\":\"required name=search_term_string\"}],\"inLanguage\":\"pt-BR\"},{\"@type\":\"ImageObject\",\"@id\":\"https:\/\/insurancecorp.com.br\/pt\/2021\/02\/15\/everis-cria-novo-programa-para-formar-7-000-profissionais-em-tecnologia\/#primaryimage\",\"inLanguage\":\"pt-BR\",\"url\":\"https:\/\/insurancecorp.com.br\/pt\/wp-content\/uploads\/2021\/02\/1-35.jpg\",\"width\":640,\"height\":426},{\"@type\":\"WebPage\",\"@id\":\"https:\/\/insurancecorp.com.br\/pt\/2021\/02\/15\/everis-cria-novo-programa-para-formar-7-000-profissionais-em-tecnologia\/#webpage\",\"url\":\"https:\/\/insurancecorp.com.br\/pt\/2021\/02\/15\/everis-cria-novo-programa-para-formar-7-000-profissionais-em-tecnologia\/\",\"name\":\"everis cria programa para formar 7.000 profissionais em tecnologia | Revista Insurance Corp | PT-BR\",\"isPartOf\":{\"@id\":\"https:\/\/insurancecorp.com.br\/pt\/#website\"},\"primaryImageOfPage\":{\"@id\":\"https:\/\/insurancecorp.com.br\/pt\/2021\/02\/15\/everis-cria-novo-programa-para-formar-7-000-profissionais-em-tecnologia\/#primaryimage\"},\"datePublished\":\"2021-02-15T18:42:12+00:00\",\"dateModified\":\"2021-02-15T18:43:02+00:00\",\"inLanguage\":\"pt-BR\",\"potentialAction\":[{\"@type\":\"ReadAction\",\"target\":[\"https:\/\/insurancecorp.com.br\/pt\/2021\/02\/15\/everis-cria-novo-programa-para-formar-7-000-profissionais-em-tecnologia\/\"]}]},{\"@type\":\"Article\",\"@id\":\"https:\/\/insurancecorp.com.br\/pt\/2021\/02\/15\/everis-cria-novo-programa-para-formar-7-000-profissionais-em-tecnologia\/#article\",\"isPartOf\":{\"@id\":\"https:\/\/insurancecorp.com.br\/pt\/2021\/02\/15\/everis-cria-novo-programa-para-formar-7-000-profissionais-em-tecnologia\/#webpage\"},\"author\":{\"@id\":\"https:\/\/insurancecorp.com.br\/pt\/#\/schema\/person\/1b69c8cf325f0b7167f1b171f52df4af\"},\"headline\":\"everis cria programa para formar 7.000 profissionais em tecnologia\",\"datePublished\":\"2021-02-15T18:42:12+00:00\",\"dateModified\":\"2021-02-15T18:43:02+00:00\",\"mainEntityOfPage\":{\"@id\":\"https:\/\/insurancecorp.com.br\/pt\/2021\/02\/15\/everis-cria-novo-programa-para-formar-7-000-profissionais-em-tecnologia\/#webpage\"},\"commentCount\":0,\"publisher\":{\"@id\":\"https:\/\/insurancecorp.com.br\/pt\/#organization\"},\"image\":{\"@id\":\"https:\/\/insurancecorp.com.br\/pt\/2021\/02\/15\/everis-cria-novo-programa-para-formar-7-000-profissionais-em-tecnologia\/#primaryimage\"},\"articleSection\":\"everis Brasil\",\"inLanguage\":\"pt-BR\",\"potentialAction\":[{\"@type\":\"CommentAction\",\"name\":\"Comment\",\"target\":[\"https:\/\/insurancecorp.com.br\/pt\/2021\/02\/15\/everis-cria-novo-programa-para-formar-7-000-profissionais-em-tecnologia\/#respond\"]}]},{\"@type\":\"Person\",\"@id\":\"https:\/\/insurancecorp.com.br\/pt\/#\/schema\/person\/1b69c8cf325f0b7167f1b171f52df4af\",\"name\":\"Publica\\u00e7\\u00e3o\",\"image\":{\"@type\":\"ImageObject\",\"@id\":\"https:\/\/insurancecorp.com.br\/pt\/#personlogo\",\"inLanguage\":\"pt-BR\",\"url\":\"https:\/\/secure.gravatar.com\/avatar\/17226f1f60486eb25d4c6b301ffed37f?s=96&d=mm&r=g\",\"caption\":\"Publica\\u00e7\\u00e3o\"}}]}<\/script>\n<!-- \/ Yoast SEO plugin. -->","_links":{"self":[{"href":"https:\/\/insurancecorp.com.br\/pt\/wp-json\/wp\/v2\/posts\/22678"}],"collection":[{"href":"https:\/\/insurancecorp.com.br\/pt\/wp-json\/wp\/v2\/posts"}],"about":[{"href":"https:\/\/insurancecorp.com.br\/pt\/wp-json\/wp\/v2\/types\/post"}],"author":[{"embeddable":true,"href":"https:\/\/insurancecorp.com.br\/pt\/wp-json\/wp\/v2\/users\/2"}],"replies":[{"embeddable":true,"href":"https:\/\/insurancecorp.com.br\/pt\/wp-json\/wp\/v2\/comments?post=22678"}],"version-history":[{"count":3,"href":"https:\/\/insurancecorp.com.br\/pt\/wp-json\/wp\/v2\/posts\/22678\/revisions"}],"predecessor-version":[{"id":22682,"href":"https:\/\/insurancecorp.com.br\/pt\/wp-json\/wp\/v2\/posts\/22678\/revisions\/22682"}],"wp:featuredmedia":[{"embeddable":true,"href":"https:\/\/insurancecorp.com.br\/pt\/wp-json\/wp\/v2\/media\/22679"}],"wp:attachment":[{"href":"https:\/\/insurancecorp.com.br\/pt\/wp-json\/wp\/v2\/media?parent=22678"}],"wp:term":[{"taxonomy":"category","embeddable":true,"href":"https:\/\/insurancecorp.com.br\/pt\/wp-json\/wp\/v2\/categories?post=22678"},{"taxonomy":"post_tag","embeddable":true,"href":"https:\/\/insurancecorp.com.br\/pt\/wp-json\/wp\/v2\/tags?post=22678"}],"curies":[{"name":"wp","href":"https:\/\/api.w.org\/{rel}","templated":true}]}}