{"id":22659,"date":"2021-02-12T17:07:28","date_gmt":"2021-02-12T20:07:28","guid":{"rendered":"https:\/\/insurancecorp.com.br\/pt\/?p=22659"},"modified":"2021-02-12T17:07:28","modified_gmt":"2021-02-12T20:07:28","slug":"cnseg-e-ibmec-rj-lancam-disciplina-eletiva-seguros-privados-no-curso-de-direito","status":"publish","type":"post","link":"https:\/\/insurancecorp.com.br\/pt\/2021\/02\/12\/cnseg-e-ibmec-rj-lancam-disciplina-eletiva-seguros-privados-no-curso-de-direito\/","title":{"rendered":"CNseg e Ibmec-RJ lan\u00e7am disciplina eletiva \u201cSeguros Privados\u201d no curso de Direito"},"content":{"rendered":"<p>A Confedera\u00e7\u00e3o Nacional das Seguradoras &#8211; CNseg, em parceria com o Ibmec RJ, realiza, no pr\u00f3ximo dia 18, \u00e0s 10h, a solenidade virtual de lan\u00e7amento da disciplina eletiva \u201cSeguros Privados\u201d no curso de Direito, ela tamb\u00e9m estar\u00e1 aberta aos alunos de outros cursos. A CNseg viabilizar\u00e1, ainda, duas bolsas de pesquisa de inicia\u00e7\u00e3o cient\u00edfica no curso de Direito, pelo prazo de seis meses, diretamente aos bolsistas selecionados e indicados pelo Ibmec, conforme processo seletivo estabelecido pela institui\u00e7\u00e3o.<\/p>\n<p>A disciplina de \u201cSeguros Privados\u201d tamb\u00e9m foi selecionada para compor o leque das mat\u00e9rias oferecidas para os alunos estrangeiros da institui\u00e7\u00e3o. \u201cA cria\u00e7\u00e3o da disciplina \u2018Seguros Privados\u2019 no curso de Direito do Ibmec RJ e a oferta de bolsas de pesquisa visam ao desenvolvimento de pesquisas, estudos e eventos nas \u00e1reas de seguros, previd\u00eancia privada e capitaliza\u00e7\u00e3o. Para a CNseg, estabelecer parcerias com institui\u00e7\u00f5es de ensino de forma a disseminar a cultura do seguro, entre estudantes e futuros profissionais das mais diversas \u00e1reas de conhecimento, faz parte dos objetivos do Programa de Educa\u00e7\u00e3o em Seguros da Confedera\u00e7\u00e3o\u201d, afirma o Presidente da CNseg, Marcio Coriolano.<\/p>\n<p>A disciplina j\u00e1 conta com alunos inscritos para as aulas que come\u00e7am logo ap\u00f3s o Carnaval. O conv\u00eanio, que tem a Superintendente Jur\u00eddica da CNseg, Glauce Carvalhal, como representante da CNseg na sua gest\u00e3o, n\u00e3o envolve transfer\u00eancia de recursos financeiros entre as partes. \u201cA assinatura do conv\u00eanio com o Ibmec RJ \u00e9 uma grande conquista para o setor segurador, que poder\u00e1 contar com futuros profissionais ainda mais bem preparados, mas tamb\u00e9m para os alunos que, com o apoio da CNseg, ter\u00e3o acesso a completo programa educacional sobre um dos mais importantes segmentos da economia brasileira e mundial\u201d, destaca Glauce.<\/p>\n<p>Para o reitor do Ibmec RJ, Marcos Lemos, a parceria \u00e9 uma \u00f3tima op\u00e7\u00e3o para os alunos se aproximarem da \u00e1rea de seguros. \u201cNosso objetivo \u00e9 formar profissionais prontos para encarar o mercado de trabalho de forma completa e assertiva. A nova disciplina, fruto da parceria com a CNseg, aponta nessa dire\u00e7\u00e3o\u201d, comenta o reitor.<\/p>\n<p>A live de lan\u00e7amento do dia 18, das 10 \u00e0s 11 horas, ser\u00e1 pela plataforma Colaborate e aberta ao p\u00fablico, com inscri\u00e7\u00f5es pelo link &#8211; go.ibmec.to\/disciplinadireito. Participar\u00e3o da transmiss\u00e3o o Presidente da CNseg, da coordenadora da disciplina, a Professora Doutora Fernanda Paes Leme, do Reitor do Ibmec RJ, Marcos Lemos, e ainda com os Professores Ang\u00e9lica Carlini e Mario Viola.<\/p>\n<p><strong>Assessoria de Imprensa CNseg<\/strong><\/p>\n","protected":false},"excerpt":{"rendered":"<p>A Confedera\u00e7\u00e3o Nacional das Seguradoras &#8211; CNseg, em parceria com o Ibmec RJ, realiza, no pr\u00f3ximo dia 18, \u00e0s 10h, a solenidade virtual de lan\u00e7amento da disciplina eletiva \u201cSeguros Privados\u201d no curso de Direito, ela tamb\u00e9m estar\u00e1 aberta aos alunos de outros cursos. A CNseg viabilizar\u00e1, ainda, duas bolsas de pesquisa de inicia\u00e7\u00e3o cient\u00edfica no [&hellip;]<\/p>\n","protected":false},"author":2,"featured_media":22660,"comment_status":"open","ping_status":"open","sticky":false,"template":"","format":"standard","meta":[],"categories":[75],"tags":[],"jetpack_featured_media_url":"https:\/\/insurancecorp.com.br\/pt\/wp-content\/uploads\/2021\/02\/Cns.jpg","yoast_head":"<!-- This site is optimized with the Yoast SEO plugin v14.8 - https:\/\/yoast.com\/wordpress\/plugins\/seo\/ -->\n<title>CNseg e Ibmec-RJ lan\u00e7am disciplina eletiva \u201cSeguros Privados\u201d no curso de Direito | Revista Insurance Corp | PT-BR<\/title>\n<meta name=\"robots\" content=\"index, follow\" \/>\n<meta name=\"googlebot\" content=\"index, follow, max-snippet:-1, max-image-preview:large, max-video-preview:-1\" \/>\n<meta name=\"bingbot\" content=\"index, follow, max-snippet:-1, max-image-preview:large, max-video-preview:-1\" \/>\n<link rel=\"canonical\" href=\"https:\/\/insurancecorp.com.br\/pt\/2021\/02\/12\/cnseg-e-ibmec-rj-lancam-disciplina-eletiva-seguros-privados-no-curso-de-direito\/\" \/>\n<meta property=\"og:locale\" content=\"pt_BR\" \/>\n<meta property=\"og:type\" content=\"article\" \/>\n<meta property=\"og:title\" content=\"CNseg e Ibmec-RJ lan\u00e7am disciplina eletiva \u201cSeguros Privados\u201d no curso de Direito | Revista Insurance Corp | PT-BR\" \/>\n<meta property=\"og:description\" content=\"A Confedera\u00e7\u00e3o Nacional das Seguradoras &#8211; CNseg, em parceria com o Ibmec RJ, realiza, no pr\u00f3ximo dia 18, \u00e0s 10h, a solenidade virtual de lan\u00e7amento da disciplina eletiva \u201cSeguros Privados\u201d no curso de Direito, ela tamb\u00e9m estar\u00e1 aberta aos alunos de outros cursos. A CNseg viabilizar\u00e1, ainda, duas bolsas de pesquisa de inicia\u00e7\u00e3o cient\u00edfica no [&hellip;]\" \/>\n<meta property=\"og:url\" content=\"https:\/\/insurancecorp.com.br\/pt\/2021\/02\/12\/cnseg-e-ibmec-rj-lancam-disciplina-eletiva-seguros-privados-no-curso-de-direito\/\" \/>\n<meta property=\"og:site_name\" content=\"Revista Insurance Corp | PT-BR\" \/>\n<meta property=\"article:publisher\" content=\"https:\/\/www.facebook.com\/RevistaInsuranceCorp\/\" \/>\n<meta property=\"article:published_time\" content=\"2021-02-12T20:07:28+00:00\" \/>\n<meta property=\"og:image\" content=\"https:\/\/insurancecorp.com.br\/pt\/wp-content\/uploads\/2021\/02\/Cns.jpg\" \/>\n\t<meta property=\"og:image:width\" content=\"510\" \/>\n\t<meta property=\"og:image:height\" content=\"308\" \/>\n<meta name=\"twitter:card\" content=\"summary\" \/>\n<script type=\"application\/ld+json\" class=\"yoast-schema-graph\">{\"@context\":\"https:\/\/schema.org\",\"@graph\":[{\"@type\":\"Organization\",\"@id\":\"https:\/\/insurancecorp.com.br\/pt\/#organization\",\"name\":\"Revista Insurance Corp\",\"url\":\"https:\/\/insurancecorp.com.br\/pt\/\",\"sameAs\":[\"https:\/\/www.facebook.com\/RevistaInsuranceCorp\/\"],\"logo\":{\"@type\":\"ImageObject\",\"@id\":\"https:\/\/insurancecorp.com.br\/pt\/#logo\",\"inLanguage\":\"pt-BR\",\"url\":\"\",\"caption\":\"Revista Insurance Corp\"},\"image\":{\"@id\":\"https:\/\/insurancecorp.com.br\/pt\/#logo\"}},{\"@type\":\"WebSite\",\"@id\":\"https:\/\/insurancecorp.com.br\/pt\/#website\",\"url\":\"https:\/\/insurancecorp.com.br\/pt\/\",\"name\":\"Revista Insurance Corp | PT-BR\",\"description\":\"A \\u00fanica revista bil\\u00edngue voltada ao mercado de seguro.\",\"publisher\":{\"@id\":\"https:\/\/insurancecorp.com.br\/pt\/#organization\"},\"potentialAction\":[{\"@type\":\"SearchAction\",\"target\":\"https:\/\/insurancecorp.com.br\/pt\/?s={search_term_string}\",\"query-input\":\"required name=search_term_string\"}],\"inLanguage\":\"pt-BR\"},{\"@type\":\"ImageObject\",\"@id\":\"https:\/\/insurancecorp.com.br\/pt\/2021\/02\/12\/cnseg-e-ibmec-rj-lancam-disciplina-eletiva-seguros-privados-no-curso-de-direito\/#primaryimage\",\"inLanguage\":\"pt-BR\",\"url\":\"https:\/\/insurancecorp.com.br\/pt\/wp-content\/uploads\/2021\/02\/Cns.jpg\",\"width\":510,\"height\":308},{\"@type\":\"WebPage\",\"@id\":\"https:\/\/insurancecorp.com.br\/pt\/2021\/02\/12\/cnseg-e-ibmec-rj-lancam-disciplina-eletiva-seguros-privados-no-curso-de-direito\/#webpage\",\"url\":\"https:\/\/insurancecorp.com.br\/pt\/2021\/02\/12\/cnseg-e-ibmec-rj-lancam-disciplina-eletiva-seguros-privados-no-curso-de-direito\/\",\"name\":\"CNseg e Ibmec-RJ lan\\u00e7am disciplina eletiva \\u201cSeguros Privados\\u201d no curso de Direito | Revista Insurance Corp | PT-BR\",\"isPartOf\":{\"@id\":\"https:\/\/insurancecorp.com.br\/pt\/#website\"},\"primaryImageOfPage\":{\"@id\":\"https:\/\/insurancecorp.com.br\/pt\/2021\/02\/12\/cnseg-e-ibmec-rj-lancam-disciplina-eletiva-seguros-privados-no-curso-de-direito\/#primaryimage\"},\"datePublished\":\"2021-02-12T20:07:28+00:00\",\"dateModified\":\"2021-02-12T20:07:28+00:00\",\"inLanguage\":\"pt-BR\",\"potentialAction\":[{\"@type\":\"ReadAction\",\"target\":[\"https:\/\/insurancecorp.com.br\/pt\/2021\/02\/12\/cnseg-e-ibmec-rj-lancam-disciplina-eletiva-seguros-privados-no-curso-de-direito\/\"]}]},{\"@type\":\"Article\",\"@id\":\"https:\/\/insurancecorp.com.br\/pt\/2021\/02\/12\/cnseg-e-ibmec-rj-lancam-disciplina-eletiva-seguros-privados-no-curso-de-direito\/#article\",\"isPartOf\":{\"@id\":\"https:\/\/insurancecorp.com.br\/pt\/2021\/02\/12\/cnseg-e-ibmec-rj-lancam-disciplina-eletiva-seguros-privados-no-curso-de-direito\/#webpage\"},\"author\":{\"@id\":\"https:\/\/insurancecorp.com.br\/pt\/#\/schema\/person\/1b69c8cf325f0b7167f1b171f52df4af\"},\"headline\":\"CNseg e Ibmec-RJ lan\\u00e7am disciplina eletiva \\u201cSeguros Privados\\u201d no curso de Direito\",\"datePublished\":\"2021-02-12T20:07:28+00:00\",\"dateModified\":\"2021-02-12T20:07:28+00:00\",\"mainEntityOfPage\":{\"@id\":\"https:\/\/insurancecorp.com.br\/pt\/2021\/02\/12\/cnseg-e-ibmec-rj-lancam-disciplina-eletiva-seguros-privados-no-curso-de-direito\/#webpage\"},\"commentCount\":0,\"publisher\":{\"@id\":\"https:\/\/insurancecorp.com.br\/pt\/#organization\"},\"image\":{\"@id\":\"https:\/\/insurancecorp.com.br\/pt\/2021\/02\/12\/cnseg-e-ibmec-rj-lancam-disciplina-eletiva-seguros-privados-no-curso-de-direito\/#primaryimage\"},\"articleSection\":\"CNseg\",\"inLanguage\":\"pt-BR\",\"potentialAction\":[{\"@type\":\"CommentAction\",\"name\":\"Comment\",\"target\":[\"https:\/\/insurancecorp.com.br\/pt\/2021\/02\/12\/cnseg-e-ibmec-rj-lancam-disciplina-eletiva-seguros-privados-no-curso-de-direito\/#respond\"]}]},{\"@type\":\"Person\",\"@id\":\"https:\/\/insurancecorp.com.br\/pt\/#\/schema\/person\/1b69c8cf325f0b7167f1b171f52df4af\",\"name\":\"Publica\\u00e7\\u00e3o\",\"image\":{\"@type\":\"ImageObject\",\"@id\":\"https:\/\/insurancecorp.com.br\/pt\/#personlogo\",\"inLanguage\":\"pt-BR\",\"url\":\"https:\/\/secure.gravatar.com\/avatar\/17226f1f60486eb25d4c6b301ffed37f?s=96&d=mm&r=g\",\"caption\":\"Publica\\u00e7\\u00e3o\"}}]}<\/script>\n<!-- \/ Yoast SEO plugin. -->","_links":{"self":[{"href":"https:\/\/insurancecorp.com.br\/pt\/wp-json\/wp\/v2\/posts\/22659"}],"collection":[{"href":"https:\/\/insurancecorp.com.br\/pt\/wp-json\/wp\/v2\/posts"}],"about":[{"href":"https:\/\/insurancecorp.com.br\/pt\/wp-json\/wp\/v2\/types\/post"}],"author":[{"embeddable":true,"href":"https:\/\/insurancecorp.com.br\/pt\/wp-json\/wp\/v2\/users\/2"}],"replies":[{"embeddable":true,"href":"https:\/\/insurancecorp.com.br\/pt\/wp-json\/wp\/v2\/comments?post=22659"}],"version-history":[{"count":1,"href":"https:\/\/insurancecorp.com.br\/pt\/wp-json\/wp\/v2\/posts\/22659\/revisions"}],"predecessor-version":[{"id":22661,"href":"https:\/\/insurancecorp.com.br\/pt\/wp-json\/wp\/v2\/posts\/22659\/revisions\/22661"}],"wp:featuredmedia":[{"embeddable":true,"href":"https:\/\/insurancecorp.com.br\/pt\/wp-json\/wp\/v2\/media\/22660"}],"wp:attachment":[{"href":"https:\/\/insurancecorp.com.br\/pt\/wp-json\/wp\/v2\/media?parent=22659"}],"wp:term":[{"taxonomy":"category","embeddable":true,"href":"https:\/\/insurancecorp.com.br\/pt\/wp-json\/wp\/v2\/categories?post=22659"},{"taxonomy":"post_tag","embeddable":true,"href":"https:\/\/insurancecorp.com.br\/pt\/wp-json\/wp\/v2\/tags?post=22659"}],"curies":[{"name":"wp","href":"https:\/\/api.w.org\/{rel}","templated":true}]}}