{"id":22201,"date":"2021-01-29T10:26:29","date_gmt":"2021-01-29T13:26:29","guid":{"rendered":"https:\/\/insurancecorp.com.br\/pt\/?p=22201"},"modified":"2021-01-29T10:27:01","modified_gmt":"2021-01-29T13:27:01","slug":"direto-reto-com-camillo-expectativas-positivas-para-2021","status":"publish","type":"post","link":"https:\/\/insurancecorp.com.br\/pt\/2021\/01\/29\/direto-reto-com-camillo-expectativas-positivas-para-2021\/","title":{"rendered":"Direto &#038; Reto com Camillo: expectativas positivas para 2021"},"content":{"rendered":"<p>\u201cSe iniciarmos o ano cientes do estresse que estamos passando, buscando for\u00e7as para essa reta final e trazendo o aprendizado que 2020 nos trouxe, n\u00e3o temos como n\u00e3o enxergar este ano de maneira positiva\u201d, declara o presidente do Sincor-SP, Alexandre Camillo, durante a 23\u00aa edi\u00e7\u00e3o do Direto &amp; Reto com Camillo, a primeira do ano. A transmiss\u00e3o foi ao ar nesta quarta-feira (27\/01), pelo canal da TV Sincor-SP no YouTube.<br \/>\nRessaltando o papel do corretor de seguros durante o ano passado, Camillo afirmou que o profissional continuou prestando um atendimento de excel\u00eancia no momento que a sociedade mais precisava. \u201cAtua\u00e7\u00e3o excepcional, eficiente, refor\u00e7ando o papel de prote\u00e7\u00e3o, cumprido com maior esmero, contribuindo com a estabilidade econ\u00f4mica do Pa\u00eds, com a sociedade e com o sonho das pessoas\u201d.<br \/>\nO presidente revelou que em 2020, o Sincor-SP ganhou em torno de mil novos associados e refor\u00e7ou o convite para que os corretores fa\u00e7am parte da entidade. \u201cVamos encontrar juntos a maneira de construirmos os caminhos necess\u00e1rios ao nosso desenvolvimento, a nossa perpetua\u00e7\u00e3o enquanto atividade profissional, necess\u00e1rio \u00e0quilo que queremos para n\u00f3s, nossos neg\u00f3cios, fam\u00edlias e amigos. Esse \u00e9 o papel do presidente do Sincor-SP: servir \u00e0 categoria, colaborar ao m\u00e1ximo com a profiss\u00e3o e o mercado, al\u00e9m de promover o desenvolvimento e fortalecimento da nossa categoria\u201d, ressaltou.<br \/>\nCamillo ainda convidou os corretores associados a trazerem suas ideias para o Sincor-SP, com o objetivo de unir a categoria. \u201cSou associado desde que iniciei na profiss\u00e3o e, em determinado momento, n\u00e3o concordei com as a\u00e7\u00f5es da diretoria, mas n\u00e3o me afastei. Me posicionei, fui oposi\u00e7\u00e3o e hoje estou aqui. Quer ajudar a categoria? Venha para o Sincor-SP, vem discutir suas ideias aqui\u201d.<br \/>\nOs participantes do Direto &amp; Reto questionaram Camillo sobre a Resolu\u00e7\u00e3o 382, que obriga o corretor a demonstrar o valor de comiss\u00e3o ao segurado, que respondeu: \u201cEstamos tomadas as previd\u00eancias cab\u00edveis para o enfretamento \u00e0 Resolu\u00e7\u00e3o 382, e isso n\u00e3o \u00e9 de agora, desde 2019 que temos posi\u00e7\u00e3o contr\u00e1ria a isso, e as a\u00e7\u00f5es continuam\u201d, revelou o presidente.<br \/>\n<strong>Assista ao Direto &amp; Reto: https:\/\/www.youtube.com\/watch?v=VitJjOzow0Y<\/strong><\/p>\n<p><strong>Assessoria de Imprensa Sincor-SP<\/strong><\/p>\n","protected":false},"excerpt":{"rendered":"<p>\u201cSe iniciarmos o ano cientes do estresse que estamos passando, buscando for\u00e7as para essa reta final e trazendo o aprendizado que 2020 nos trouxe, n\u00e3o temos como n\u00e3o enxergar este ano de maneira positiva\u201d, declara o presidente do Sincor-SP, Alexandre Camillo, durante a 23\u00aa edi\u00e7\u00e3o do Direto &amp; Reto com Camillo, a primeira do ano. [&hellip;]<\/p>\n","protected":false},"author":2,"featured_media":22202,"comment_status":"open","ping_status":"open","sticky":false,"template":"","format":"standard","meta":[],"categories":[376],"tags":[],"jetpack_featured_media_url":"https:\/\/insurancecorp.com.br\/pt\/wp-content\/uploads\/2021\/01\/4-112.jpg","yoast_head":"<!-- This site is optimized with the Yoast SEO plugin v14.8 - https:\/\/yoast.com\/wordpress\/plugins\/seo\/ -->\n<title>Direto &amp; Reto com Camillo: expectativas positivas para 2021 | Revista Insurance Corp | PT-BR<\/title>\n<meta name=\"robots\" content=\"index, follow\" \/>\n<meta name=\"googlebot\" content=\"index, follow, max-snippet:-1, max-image-preview:large, max-video-preview:-1\" \/>\n<meta name=\"bingbot\" content=\"index, follow, max-snippet:-1, max-image-preview:large, max-video-preview:-1\" \/>\n<link rel=\"canonical\" href=\"https:\/\/insurancecorp.com.br\/pt\/2021\/01\/29\/direto-reto-com-camillo-expectativas-positivas-para-2021\/\" \/>\n<meta property=\"og:locale\" content=\"pt_BR\" \/>\n<meta property=\"og:type\" content=\"article\" \/>\n<meta property=\"og:title\" content=\"Direto &amp; Reto com Camillo: expectativas positivas para 2021 | Revista Insurance Corp | PT-BR\" \/>\n<meta property=\"og:description\" content=\"\u201cSe iniciarmos o ano cientes do estresse que estamos passando, buscando for\u00e7as para essa reta final e trazendo o aprendizado que 2020 nos trouxe, n\u00e3o temos como n\u00e3o enxergar este ano de maneira positiva\u201d, declara o presidente do Sincor-SP, Alexandre Camillo, durante a 23\u00aa edi\u00e7\u00e3o do Direto &amp; Reto com Camillo, a primeira do ano. [&hellip;]\" \/>\n<meta property=\"og:url\" content=\"https:\/\/insurancecorp.com.br\/pt\/2021\/01\/29\/direto-reto-com-camillo-expectativas-positivas-para-2021\/\" \/>\n<meta property=\"og:site_name\" content=\"Revista Insurance Corp | PT-BR\" \/>\n<meta property=\"article:publisher\" content=\"https:\/\/www.facebook.com\/RevistaInsuranceCorp\/\" \/>\n<meta property=\"article:published_time\" content=\"2021-01-29T13:26:29+00:00\" \/>\n<meta property=\"article:modified_time\" content=\"2021-01-29T13:27:01+00:00\" \/>\n<meta property=\"og:image\" content=\"https:\/\/insurancecorp.com.br\/pt\/wp-content\/uploads\/2021\/01\/4-112.jpg\" \/>\n\t<meta property=\"og:image:width\" content=\"1280\" \/>\n\t<meta property=\"og:image:height\" content=\"720\" \/>\n<meta name=\"twitter:card\" content=\"summary\" \/>\n<script type=\"application\/ld+json\" class=\"yoast-schema-graph\">{\"@context\":\"https:\/\/schema.org\",\"@graph\":[{\"@type\":\"Organization\",\"@id\":\"https:\/\/insurancecorp.com.br\/pt\/#organization\",\"name\":\"Revista Insurance Corp\",\"url\":\"https:\/\/insurancecorp.com.br\/pt\/\",\"sameAs\":[\"https:\/\/www.facebook.com\/RevistaInsuranceCorp\/\"],\"logo\":{\"@type\":\"ImageObject\",\"@id\":\"https:\/\/insurancecorp.com.br\/pt\/#logo\",\"inLanguage\":\"pt-BR\",\"url\":\"\",\"caption\":\"Revista Insurance Corp\"},\"image\":{\"@id\":\"https:\/\/insurancecorp.com.br\/pt\/#logo\"}},{\"@type\":\"WebSite\",\"@id\":\"https:\/\/insurancecorp.com.br\/pt\/#website\",\"url\":\"https:\/\/insurancecorp.com.br\/pt\/\",\"name\":\"Revista Insurance Corp | PT-BR\",\"description\":\"A \\u00fanica revista bil\\u00edngue voltada ao mercado de seguro.\",\"publisher\":{\"@id\":\"https:\/\/insurancecorp.com.br\/pt\/#organization\"},\"potentialAction\":[{\"@type\":\"SearchAction\",\"target\":\"https:\/\/insurancecorp.com.br\/pt\/?s={search_term_string}\",\"query-input\":\"required name=search_term_string\"}],\"inLanguage\":\"pt-BR\"},{\"@type\":\"ImageObject\",\"@id\":\"https:\/\/insurancecorp.com.br\/pt\/2021\/01\/29\/direto-reto-com-camillo-expectativas-positivas-para-2021\/#primaryimage\",\"inLanguage\":\"pt-BR\",\"url\":\"https:\/\/insurancecorp.com.br\/pt\/wp-content\/uploads\/2021\/01\/4-112.jpg\",\"width\":1280,\"height\":720},{\"@type\":\"WebPage\",\"@id\":\"https:\/\/insurancecorp.com.br\/pt\/2021\/01\/29\/direto-reto-com-camillo-expectativas-positivas-para-2021\/#webpage\",\"url\":\"https:\/\/insurancecorp.com.br\/pt\/2021\/01\/29\/direto-reto-com-camillo-expectativas-positivas-para-2021\/\",\"name\":\"Direto & Reto com Camillo: expectativas positivas para 2021 | Revista Insurance Corp | PT-BR\",\"isPartOf\":{\"@id\":\"https:\/\/insurancecorp.com.br\/pt\/#website\"},\"primaryImageOfPage\":{\"@id\":\"https:\/\/insurancecorp.com.br\/pt\/2021\/01\/29\/direto-reto-com-camillo-expectativas-positivas-para-2021\/#primaryimage\"},\"datePublished\":\"2021-01-29T13:26:29+00:00\",\"dateModified\":\"2021-01-29T13:27:01+00:00\",\"inLanguage\":\"pt-BR\",\"potentialAction\":[{\"@type\":\"ReadAction\",\"target\":[\"https:\/\/insurancecorp.com.br\/pt\/2021\/01\/29\/direto-reto-com-camillo-expectativas-positivas-para-2021\/\"]}]},{\"@type\":\"Article\",\"@id\":\"https:\/\/insurancecorp.com.br\/pt\/2021\/01\/29\/direto-reto-com-camillo-expectativas-positivas-para-2021\/#article\",\"isPartOf\":{\"@id\":\"https:\/\/insurancecorp.com.br\/pt\/2021\/01\/29\/direto-reto-com-camillo-expectativas-positivas-para-2021\/#webpage\"},\"author\":{\"@id\":\"https:\/\/insurancecorp.com.br\/pt\/#\/schema\/person\/1b69c8cf325f0b7167f1b171f52df4af\"},\"headline\":\"Direto &#038; Reto com Camillo: expectativas positivas para 2021\",\"datePublished\":\"2021-01-29T13:26:29+00:00\",\"dateModified\":\"2021-01-29T13:27:01+00:00\",\"mainEntityOfPage\":{\"@id\":\"https:\/\/insurancecorp.com.br\/pt\/2021\/01\/29\/direto-reto-com-camillo-expectativas-positivas-para-2021\/#webpage\"},\"commentCount\":0,\"publisher\":{\"@id\":\"https:\/\/insurancecorp.com.br\/pt\/#organization\"},\"image\":{\"@id\":\"https:\/\/insurancecorp.com.br\/pt\/2021\/01\/29\/direto-reto-com-camillo-expectativas-positivas-para-2021\/#primaryimage\"},\"articleSection\":\"Programa Direto e Reto\",\"inLanguage\":\"pt-BR\",\"potentialAction\":[{\"@type\":\"CommentAction\",\"name\":\"Comment\",\"target\":[\"https:\/\/insurancecorp.com.br\/pt\/2021\/01\/29\/direto-reto-com-camillo-expectativas-positivas-para-2021\/#respond\"]}]},{\"@type\":\"Person\",\"@id\":\"https:\/\/insurancecorp.com.br\/pt\/#\/schema\/person\/1b69c8cf325f0b7167f1b171f52df4af\",\"name\":\"Publica\\u00e7\\u00e3o\",\"image\":{\"@type\":\"ImageObject\",\"@id\":\"https:\/\/insurancecorp.com.br\/pt\/#personlogo\",\"inLanguage\":\"pt-BR\",\"url\":\"https:\/\/secure.gravatar.com\/avatar\/17226f1f60486eb25d4c6b301ffed37f?s=96&d=mm&r=g\",\"caption\":\"Publica\\u00e7\\u00e3o\"}}]}<\/script>\n<!-- \/ Yoast SEO plugin. -->","_links":{"self":[{"href":"https:\/\/insurancecorp.com.br\/pt\/wp-json\/wp\/v2\/posts\/22201"}],"collection":[{"href":"https:\/\/insurancecorp.com.br\/pt\/wp-json\/wp\/v2\/posts"}],"about":[{"href":"https:\/\/insurancecorp.com.br\/pt\/wp-json\/wp\/v2\/types\/post"}],"author":[{"embeddable":true,"href":"https:\/\/insurancecorp.com.br\/pt\/wp-json\/wp\/v2\/users\/2"}],"replies":[{"embeddable":true,"href":"https:\/\/insurancecorp.com.br\/pt\/wp-json\/wp\/v2\/comments?post=22201"}],"version-history":[{"count":2,"href":"https:\/\/insurancecorp.com.br\/pt\/wp-json\/wp\/v2\/posts\/22201\/revisions"}],"predecessor-version":[{"id":22204,"href":"https:\/\/insurancecorp.com.br\/pt\/wp-json\/wp\/v2\/posts\/22201\/revisions\/22204"}],"wp:featuredmedia":[{"embeddable":true,"href":"https:\/\/insurancecorp.com.br\/pt\/wp-json\/wp\/v2\/media\/22202"}],"wp:attachment":[{"href":"https:\/\/insurancecorp.com.br\/pt\/wp-json\/wp\/v2\/media?parent=22201"}],"wp:term":[{"taxonomy":"category","embeddable":true,"href":"https:\/\/insurancecorp.com.br\/pt\/wp-json\/wp\/v2\/categories?post=22201"},{"taxonomy":"post_tag","embeddable":true,"href":"https:\/\/insurancecorp.com.br\/pt\/wp-json\/wp\/v2\/tags?post=22201"}],"curies":[{"name":"wp","href":"https:\/\/api.w.org\/{rel}","templated":true}]}}