{"id":21885,"date":"2021-01-19T12:49:04","date_gmt":"2021-01-19T15:49:04","guid":{"rendered":"https:\/\/insurancecorp.com.br\/pt\/?p=21885"},"modified":"2021-01-19T16:03:50","modified_gmt":"2021-01-19T19:03:50","slug":"perspectivas-do-setor-de-seguros-para-2021","status":"publish","type":"post","link":"https:\/\/insurancecorp.com.br\/pt\/2021\/01\/19\/perspectivas-do-setor-de-seguros-para-2021\/","title":{"rendered":"Perspectivas do Setor de Seguros para 2021"},"content":{"rendered":"<p>As expectativas do Setor de Seguros s\u00e3o animadoras para 2021, mas para que tenhamos realmente um grande ano precisamos que a vacina\u00e7\u00e3o dos brasileiros se inicie o quanto antes e que uma agenda de reformas (tribut\u00e1ria, administrativa e pacto federativo) ganhe prioridade no Governo Federal, sem esquecer das privatiza\u00e7\u00f5es.<br \/>\nNo acumulado dos \u00faltimos 12 meses, at\u00e9 outubro de 2020, o Setor cresceu 1,5%, com destaque para seguros patrimoniais de Grande Riscos, Habitacional, Transporte Internacional, Responsabilidade Civil, Rural e Vida. No \u00e2mbito regional, o estado do RJ teve queda de 1,3% e o ES, 3,1%. Portanto, podemos concluir que em termos relativos vamos encerrar 2020 em situa\u00e7\u00e3o privilegiada, quando nos comparamos com outros setores econ\u00f4micos.<br \/>\nNa esteira do isolamento social, o Setor de Seguros acelerou os projetos de digitaliza\u00e7\u00e3o de processos e tudo indica que essa velocidade vai se manter em 2021. Vamos aumentar o foco na agilidade e simplicidade. Nosso desafio \u00e9 entregar produtos que fa\u00e7am sentido ao consumidor. Temos que facilitar processos, agregar conforto, seguran\u00e7a e diferencia\u00e7\u00e3o. A pandemia aumentou a percep\u00e7\u00e3o do risco por parte do consumidor e n\u00e3o podemos perder esta oportunidade de aprimorar os nossos produtos e servi\u00e7os.<\/p>\n<ul>\n<li><strong>Antonio Carlos Costa, presidente do Sindicato das Seguradoras RJ\/ES<\/strong><\/li>\n<\/ul>\n<p><strong>FSB Comunica\u00e7\u00e3o<\/strong><\/p>\n","protected":false},"excerpt":{"rendered":"<p>As expectativas do Setor de Seguros s\u00e3o animadoras para 2021, mas para que tenhamos realmente um grande ano precisamos que a vacina\u00e7\u00e3o dos brasileiros se inicie o quanto antes e que uma agenda de reformas (tribut\u00e1ria, administrativa e pacto federativo) ganhe prioridade no Governo Federal, sem esquecer das privatiza\u00e7\u00f5es. No acumulado dos \u00faltimos 12 meses, [&hellip;]<\/p>\n","protected":false},"author":2,"featured_media":21886,"comment_status":"open","ping_status":"open","sticky":false,"template":"","format":"standard","meta":[],"categories":[203],"tags":[],"jetpack_featured_media_url":"https:\/\/insurancecorp.com.br\/pt\/wp-content\/uploads\/2021\/01\/4-53.jpg","yoast_head":"<!-- This site is optimized with the Yoast SEO plugin v14.8 - https:\/\/yoast.com\/wordpress\/plugins\/seo\/ -->\n<title>Perspectivas do Setor de Seguros para 2021 | Revista Insurance Corp | PT-BR<\/title>\n<meta name=\"robots\" content=\"index, follow\" \/>\n<meta name=\"googlebot\" content=\"index, follow, max-snippet:-1, max-image-preview:large, max-video-preview:-1\" \/>\n<meta name=\"bingbot\" content=\"index, follow, max-snippet:-1, max-image-preview:large, max-video-preview:-1\" \/>\n<link rel=\"canonical\" href=\"https:\/\/insurancecorp.com.br\/pt\/2021\/01\/19\/perspectivas-do-setor-de-seguros-para-2021\/\" \/>\n<meta property=\"og:locale\" content=\"pt_BR\" \/>\n<meta property=\"og:type\" content=\"article\" \/>\n<meta property=\"og:title\" content=\"Perspectivas do Setor de Seguros para 2021 | Revista Insurance Corp | PT-BR\" \/>\n<meta property=\"og:description\" content=\"As expectativas do Setor de Seguros s\u00e3o animadoras para 2021, mas para que tenhamos realmente um grande ano precisamos que a vacina\u00e7\u00e3o dos brasileiros se inicie o quanto antes e que uma agenda de reformas (tribut\u00e1ria, administrativa e pacto federativo) ganhe prioridade no Governo Federal, sem esquecer das privatiza\u00e7\u00f5es. No acumulado dos \u00faltimos 12 meses, [&hellip;]\" \/>\n<meta property=\"og:url\" content=\"https:\/\/insurancecorp.com.br\/pt\/2021\/01\/19\/perspectivas-do-setor-de-seguros-para-2021\/\" \/>\n<meta property=\"og:site_name\" content=\"Revista Insurance Corp | PT-BR\" \/>\n<meta property=\"article:publisher\" content=\"https:\/\/www.facebook.com\/RevistaInsuranceCorp\/\" \/>\n<meta property=\"article:published_time\" content=\"2021-01-19T15:49:04+00:00\" \/>\n<meta property=\"article:modified_time\" content=\"2021-01-19T19:03:50+00:00\" \/>\n<meta property=\"og:image\" content=\"https:\/\/insurancecorp.com.br\/pt\/wp-content\/uploads\/2021\/01\/4-53.jpg\" \/>\n\t<meta property=\"og:image:width\" content=\"1920\" \/>\n\t<meta property=\"og:image:height\" content=\"1114\" \/>\n<meta name=\"twitter:card\" content=\"summary\" \/>\n<script type=\"application\/ld+json\" class=\"yoast-schema-graph\">{\"@context\":\"https:\/\/schema.org\",\"@graph\":[{\"@type\":\"Organization\",\"@id\":\"https:\/\/insurancecorp.com.br\/pt\/#organization\",\"name\":\"Revista Insurance Corp\",\"url\":\"https:\/\/insurancecorp.com.br\/pt\/\",\"sameAs\":[\"https:\/\/www.facebook.com\/RevistaInsuranceCorp\/\"],\"logo\":{\"@type\":\"ImageObject\",\"@id\":\"https:\/\/insurancecorp.com.br\/pt\/#logo\",\"inLanguage\":\"pt-BR\",\"url\":\"\",\"caption\":\"Revista Insurance Corp\"},\"image\":{\"@id\":\"https:\/\/insurancecorp.com.br\/pt\/#logo\"}},{\"@type\":\"WebSite\",\"@id\":\"https:\/\/insurancecorp.com.br\/pt\/#website\",\"url\":\"https:\/\/insurancecorp.com.br\/pt\/\",\"name\":\"Revista Insurance Corp | PT-BR\",\"description\":\"A \\u00fanica revista bil\\u00edngue voltada ao mercado de seguro.\",\"publisher\":{\"@id\":\"https:\/\/insurancecorp.com.br\/pt\/#organization\"},\"potentialAction\":[{\"@type\":\"SearchAction\",\"target\":\"https:\/\/insurancecorp.com.br\/pt\/?s={search_term_string}\",\"query-input\":\"required name=search_term_string\"}],\"inLanguage\":\"pt-BR\"},{\"@type\":\"ImageObject\",\"@id\":\"https:\/\/insurancecorp.com.br\/pt\/2021\/01\/19\/perspectivas-do-setor-de-seguros-para-2021\/#primaryimage\",\"inLanguage\":\"pt-BR\",\"url\":\"https:\/\/insurancecorp.com.br\/pt\/wp-content\/uploads\/2021\/01\/4-53.jpg\",\"width\":1920,\"height\":1114},{\"@type\":\"WebPage\",\"@id\":\"https:\/\/insurancecorp.com.br\/pt\/2021\/01\/19\/perspectivas-do-setor-de-seguros-para-2021\/#webpage\",\"url\":\"https:\/\/insurancecorp.com.br\/pt\/2021\/01\/19\/perspectivas-do-setor-de-seguros-para-2021\/\",\"name\":\"Perspectivas do Setor de Seguros para 2021 | Revista Insurance Corp | PT-BR\",\"isPartOf\":{\"@id\":\"https:\/\/insurancecorp.com.br\/pt\/#website\"},\"primaryImageOfPage\":{\"@id\":\"https:\/\/insurancecorp.com.br\/pt\/2021\/01\/19\/perspectivas-do-setor-de-seguros-para-2021\/#primaryimage\"},\"datePublished\":\"2021-01-19T15:49:04+00:00\",\"dateModified\":\"2021-01-19T19:03:50+00:00\",\"inLanguage\":\"pt-BR\",\"potentialAction\":[{\"@type\":\"ReadAction\",\"target\":[\"https:\/\/insurancecorp.com.br\/pt\/2021\/01\/19\/perspectivas-do-setor-de-seguros-para-2021\/\"]}]},{\"@type\":\"Article\",\"@id\":\"https:\/\/insurancecorp.com.br\/pt\/2021\/01\/19\/perspectivas-do-setor-de-seguros-para-2021\/#article\",\"isPartOf\":{\"@id\":\"https:\/\/insurancecorp.com.br\/pt\/2021\/01\/19\/perspectivas-do-setor-de-seguros-para-2021\/#webpage\"},\"author\":{\"@id\":\"https:\/\/insurancecorp.com.br\/pt\/#\/schema\/person\/1b69c8cf325f0b7167f1b171f52df4af\"},\"headline\":\"Perspectivas do Setor de Seguros para 2021\",\"datePublished\":\"2021-01-19T15:49:04+00:00\",\"dateModified\":\"2021-01-19T19:03:50+00:00\",\"mainEntityOfPage\":{\"@id\":\"https:\/\/insurancecorp.com.br\/pt\/2021\/01\/19\/perspectivas-do-setor-de-seguros-para-2021\/#webpage\"},\"commentCount\":0,\"publisher\":{\"@id\":\"https:\/\/insurancecorp.com.br\/pt\/#organization\"},\"image\":{\"@id\":\"https:\/\/insurancecorp.com.br\/pt\/2021\/01\/19\/perspectivas-do-setor-de-seguros-para-2021\/#primaryimage\"},\"articleSection\":\"Artigo\",\"inLanguage\":\"pt-BR\",\"potentialAction\":[{\"@type\":\"CommentAction\",\"name\":\"Comment\",\"target\":[\"https:\/\/insurancecorp.com.br\/pt\/2021\/01\/19\/perspectivas-do-setor-de-seguros-para-2021\/#respond\"]}]},{\"@type\":\"Person\",\"@id\":\"https:\/\/insurancecorp.com.br\/pt\/#\/schema\/person\/1b69c8cf325f0b7167f1b171f52df4af\",\"name\":\"Publica\\u00e7\\u00e3o\",\"image\":{\"@type\":\"ImageObject\",\"@id\":\"https:\/\/insurancecorp.com.br\/pt\/#personlogo\",\"inLanguage\":\"pt-BR\",\"url\":\"https:\/\/secure.gravatar.com\/avatar\/17226f1f60486eb25d4c6b301ffed37f?s=96&d=mm&r=g\",\"caption\":\"Publica\\u00e7\\u00e3o\"}}]}<\/script>\n<!-- \/ Yoast SEO plugin. -->","_links":{"self":[{"href":"https:\/\/insurancecorp.com.br\/pt\/wp-json\/wp\/v2\/posts\/21885"}],"collection":[{"href":"https:\/\/insurancecorp.com.br\/pt\/wp-json\/wp\/v2\/posts"}],"about":[{"href":"https:\/\/insurancecorp.com.br\/pt\/wp-json\/wp\/v2\/types\/post"}],"author":[{"embeddable":true,"href":"https:\/\/insurancecorp.com.br\/pt\/wp-json\/wp\/v2\/users\/2"}],"replies":[{"embeddable":true,"href":"https:\/\/insurancecorp.com.br\/pt\/wp-json\/wp\/v2\/comments?post=21885"}],"version-history":[{"count":1,"href":"https:\/\/insurancecorp.com.br\/pt\/wp-json\/wp\/v2\/posts\/21885\/revisions"}],"predecessor-version":[{"id":21887,"href":"https:\/\/insurancecorp.com.br\/pt\/wp-json\/wp\/v2\/posts\/21885\/revisions\/21887"}],"wp:featuredmedia":[{"embeddable":true,"href":"https:\/\/insurancecorp.com.br\/pt\/wp-json\/wp\/v2\/media\/21886"}],"wp:attachment":[{"href":"https:\/\/insurancecorp.com.br\/pt\/wp-json\/wp\/v2\/media?parent=21885"}],"wp:term":[{"taxonomy":"category","embeddable":true,"href":"https:\/\/insurancecorp.com.br\/pt\/wp-json\/wp\/v2\/categories?post=21885"},{"taxonomy":"post_tag","embeddable":true,"href":"https:\/\/insurancecorp.com.br\/pt\/wp-json\/wp\/v2\/tags?post=21885"}],"curies":[{"name":"wp","href":"https:\/\/api.w.org\/{rel}","templated":true}]}}