{"id":21868,"date":"2021-01-19T11:47:29","date_gmt":"2021-01-19T14:47:29","guid":{"rendered":"https:\/\/insurancecorp.com.br\/pt\/?p=21868"},"modified":"2021-01-19T11:52:16","modified_gmt":"2021-01-19T14:52:16","slug":"everis-brasil-tem-novo-diretor-de-varejo","status":"publish","type":"post","link":"https:\/\/insurancecorp.com.br\/pt\/2021\/01\/19\/everis-brasil-tem-novo-diretor-de-varejo\/","title":{"rendered":"everis Brasil tem novo diretor de Varejo"},"content":{"rendered":"<p>A everis Brasil , consultoria multinacional de neg\u00f3cios e TI do Grupo NTT Data, acaba de contratar Norberto Tomasini como diretor de Varejo. No cargo, Tomasini apoiar\u00e1 os clientes propondo solu\u00e7\u00f5es, baseadas em tecnologias digitais, que os ajudar\u00e3o a lidar com os desafios de curto e longo prazos enfrentados pelo setor.<br \/>\n&#8220;Hoje, todas as ind\u00fastrias est\u00e3o passando por um grande processo de mudan\u00e7a para adequa\u00e7\u00e3o \u00e0s demandas de uma sociedade cada vez mais digital. Diante desse contexto, os desafios do varejo, em termos de inova\u00e7\u00e3o e aperfei\u00e7oamento de rela\u00e7\u00f5es com os consumidores, tornam-se cada vez maiores e, devido aos conhecimentos em tecnologia e gest\u00e3o empresarial, n\u00f3s, da everis, estamos prontos a ajudar o setor a superar, dando apoio a toda cadeia de valor&#8221;, afirma o novo diretor.<br \/>\nA quarentena provocada pela Covid-19 acelerou a transforma\u00e7\u00e3o digital. O fechamento das lojas levou in\u00fameras varejistas a criar ou expandir os canais de venda on-line. Algumas solu\u00e7\u00f5es se mostraram simples e muito eficientes. Um exemplo foi o uso do WhastApp por redes de farm\u00e1cia. &#8220;Boa parte das receitas das drogarias v\u00eam de clientes que est\u00e3o num raio de cinco quil\u00f4metros do ponto de venda. Dentro desse contexto, a venda por WhatsApp e a entrega do produto ou medicamento por um entregador de bicicleta se mostrou uma alternativa simples e muito eficiente&#8221;, diz Tomasini.<br \/>\nHoje as varejistas precisam estar presentes em todas as plataformas de vendas, sejam lojas f\u00edsicas, on-line ou modelos h\u00edbridos, que integra, os dois canais. &#8220;Os varejistas de sucesso precisam compreender bem a jornada de compra dos clientes&#8221;, diz o diretor de Varejo da everis. Isso depende da coleta e uso dos dados dos clientes, algo poss\u00edvel gra\u00e7as \u00e0s tecnologias digitais. &#8220;Com os dados, os varejistas conseguir\u00e3o entender os que os clientes querem comprar, como, quando e onde&#8221;, afirma Tomasini.<br \/>\nEssa busca para entender os clientes t\u00eam impulsionado a inova\u00e7\u00e3o no setor e a mudan\u00e7a na forma de atua\u00e7\u00e3o de todos os participantes da cadeia. A ind\u00fastria tem buscado formar parcerias com varejistas para impulsionar as vendas e fidelizar o cliente, sejam nos canais f\u00edsicos ou on-line. &#8220;A tecnologia j\u00e1 permite, por exemplo, que um cliente entre em um mercado e receba uma mensagem personalizada de uma marca, pelo smartphone, sugerindo a compra determinado produto&#8221;, diz Tomasini.<br \/>\nOutro movimento crescente \u00e9 a cria\u00e7\u00e3o de meios de pagamentos e concess\u00e3o de cr\u00e9dito virtuais, controlados pelas varejistas. Com a ado\u00e7\u00e3o do Pix, tecnologia criada pelo Banco Central para facilitar as transa\u00e7\u00f5es financeiras eletr\u00f4nicas, o processo ser\u00e1 ainda mais impulsionado. &#8220;O Pix habilita uma s\u00e9rie de novos servi\u00e7os oferecidos pelos varejistas&#8221;, diz o novo diretor de Varejo.<br \/>\nSalvador Sagrado, s\u00f3cio l\u00edder da everis Americas para o setor industrial, destaca que a atua\u00e7\u00e3o local para o setor de bens de consumo e varejo continua crescendo rapidamente, com uma oferta de valor perfeitamente alinhada com os desafios e tend\u00eancias do mercado e com uma equipe de profissionais especializados no setor e altamente qualificados. &#8220;Agora temos a experi\u00eancia do Tomasini para atender aos clientes do varejo de forma ainda mais personalizada. Um setor no qual, entre outras, iniciativas de e-commerce e plataformas digitais est\u00e3o impulsionando as empresas a acelerar sua transforma\u00e7\u00e3o digital e no qual o investimento em infraestrutura log\u00edstica exige melhores solu\u00e7\u00f5es de tecnologia da informa\u00e7\u00e3o para a cadeia de suprimentos&#8221;, afirma o s\u00f3cio.<br \/>\n&#8220;Contamos agora com a experi\u00eancia de Tomasini para atender de forma ainda mais customizada os clientes de varejo, setor no qual as iniciativas de e-commerce t\u00eam crescido exponencialmente, considerando inclusive a intersec\u00e7\u00e3o de modelos de neg\u00f3cios com outros setores e implementar inova\u00e7\u00f5es provenientes do ecossistema de startups brasileiro&#8221;, diz o s\u00f3cio.<br \/>\nCom mais de 25 anos de experi\u00eancia em consultoria, Tomasini j\u00e1 atuou junto a alta administra\u00e7\u00e3o de grandes empresas, como PwC, TIVIT, Natura, entre outras, nas quais contribuiu na implementa\u00e7\u00e3o de estrat\u00e9gias de inova\u00e7\u00e3o e aperfei\u00e7oamento dos neg\u00f3cios, reestrutura\u00e7\u00e3o organizacional e transforma\u00e7\u00e3o digital para garantir novos contratos e competitividade. Formado em Engenharia Eletr\u00f4nica, o executivo tem especializa\u00e7\u00e3o em modelos matem\u00e1ticos pelo ITA e MBA em estrat\u00e9gia na UCLA.<\/p>\n<p><strong>Market21 Comunica\u00e7\u00e3o &amp; Marketing<\/strong><\/p>\n","protected":false},"excerpt":{"rendered":"<p>A everis Brasil , consultoria multinacional de neg\u00f3cios e TI do Grupo NTT Data, acaba de contratar Norberto Tomasini como diretor de Varejo. No cargo, Tomasini apoiar\u00e1 os clientes propondo solu\u00e7\u00f5es, baseadas em tecnologias digitais, que os ajudar\u00e3o a lidar com os desafios de curto e longo prazos enfrentados pelo setor. &#8220;Hoje, todas as ind\u00fastrias [&hellip;]<\/p>\n","protected":false},"author":2,"featured_media":21869,"comment_status":"open","ping_status":"open","sticky":false,"template":"","format":"standard","meta":[],"categories":[387],"tags":[],"jetpack_featured_media_url":"https:\/\/insurancecorp.com.br\/pt\/wp-content\/uploads\/2021\/01\/4-50.jpg","yoast_head":"<!-- This site is optimized with the Yoast SEO plugin v14.8 - https:\/\/yoast.com\/wordpress\/plugins\/seo\/ -->\n<title>everis Brasil tem novo diretor de Varejo | Revista Insurance Corp | PT-BR<\/title>\n<meta name=\"robots\" content=\"index, follow\" \/>\n<meta name=\"googlebot\" content=\"index, follow, max-snippet:-1, max-image-preview:large, max-video-preview:-1\" \/>\n<meta name=\"bingbot\" content=\"index, follow, max-snippet:-1, max-image-preview:large, max-video-preview:-1\" \/>\n<link rel=\"canonical\" href=\"https:\/\/insurancecorp.com.br\/pt\/2021\/01\/19\/everis-brasil-tem-novo-diretor-de-varejo\/\" \/>\n<meta property=\"og:locale\" content=\"pt_BR\" \/>\n<meta property=\"og:type\" content=\"article\" \/>\n<meta property=\"og:title\" content=\"everis Brasil tem novo diretor de Varejo | Revista Insurance Corp | PT-BR\" \/>\n<meta property=\"og:description\" content=\"A everis Brasil , consultoria multinacional de neg\u00f3cios e TI do Grupo NTT Data, acaba de contratar Norberto Tomasini como diretor de Varejo. No cargo, Tomasini apoiar\u00e1 os clientes propondo solu\u00e7\u00f5es, baseadas em tecnologias digitais, que os ajudar\u00e3o a lidar com os desafios de curto e longo prazos enfrentados pelo setor. &#8220;Hoje, todas as ind\u00fastrias [&hellip;]\" \/>\n<meta property=\"og:url\" content=\"https:\/\/insurancecorp.com.br\/pt\/2021\/01\/19\/everis-brasil-tem-novo-diretor-de-varejo\/\" \/>\n<meta property=\"og:site_name\" content=\"Revista Insurance Corp | PT-BR\" \/>\n<meta property=\"article:publisher\" content=\"https:\/\/www.facebook.com\/RevistaInsuranceCorp\/\" \/>\n<meta property=\"article:published_time\" content=\"2021-01-19T14:47:29+00:00\" \/>\n<meta property=\"article:modified_time\" content=\"2021-01-19T14:52:16+00:00\" \/>\n<meta property=\"og:image\" content=\"https:\/\/insurancecorp.com.br\/pt\/wp-content\/uploads\/2021\/01\/4-50.jpg\" \/>\n\t<meta property=\"og:image:width\" content=\"1240\" \/>\n\t<meta property=\"og:image:height\" content=\"826\" \/>\n<meta name=\"twitter:card\" content=\"summary\" \/>\n<script type=\"application\/ld+json\" class=\"yoast-schema-graph\">{\"@context\":\"https:\/\/schema.org\",\"@graph\":[{\"@type\":\"Organization\",\"@id\":\"https:\/\/insurancecorp.com.br\/pt\/#organization\",\"name\":\"Revista Insurance Corp\",\"url\":\"https:\/\/insurancecorp.com.br\/pt\/\",\"sameAs\":[\"https:\/\/www.facebook.com\/RevistaInsuranceCorp\/\"],\"logo\":{\"@type\":\"ImageObject\",\"@id\":\"https:\/\/insurancecorp.com.br\/pt\/#logo\",\"inLanguage\":\"pt-BR\",\"url\":\"\",\"caption\":\"Revista Insurance Corp\"},\"image\":{\"@id\":\"https:\/\/insurancecorp.com.br\/pt\/#logo\"}},{\"@type\":\"WebSite\",\"@id\":\"https:\/\/insurancecorp.com.br\/pt\/#website\",\"url\":\"https:\/\/insurancecorp.com.br\/pt\/\",\"name\":\"Revista Insurance Corp | PT-BR\",\"description\":\"A \\u00fanica revista bil\\u00edngue voltada ao mercado de seguro.\",\"publisher\":{\"@id\":\"https:\/\/insurancecorp.com.br\/pt\/#organization\"},\"potentialAction\":[{\"@type\":\"SearchAction\",\"target\":\"https:\/\/insurancecorp.com.br\/pt\/?s={search_term_string}\",\"query-input\":\"required name=search_term_string\"}],\"inLanguage\":\"pt-BR\"},{\"@type\":\"ImageObject\",\"@id\":\"https:\/\/insurancecorp.com.br\/pt\/2021\/01\/19\/everis-brasil-tem-novo-diretor-de-varejo\/#primaryimage\",\"inLanguage\":\"pt-BR\",\"url\":\"https:\/\/insurancecorp.com.br\/pt\/wp-content\/uploads\/2021\/01\/4-50.jpg\",\"width\":1240,\"height\":826},{\"@type\":\"WebPage\",\"@id\":\"https:\/\/insurancecorp.com.br\/pt\/2021\/01\/19\/everis-brasil-tem-novo-diretor-de-varejo\/#webpage\",\"url\":\"https:\/\/insurancecorp.com.br\/pt\/2021\/01\/19\/everis-brasil-tem-novo-diretor-de-varejo\/\",\"name\":\"everis Brasil tem novo diretor de Varejo | Revista Insurance Corp | PT-BR\",\"isPartOf\":{\"@id\":\"https:\/\/insurancecorp.com.br\/pt\/#website\"},\"primaryImageOfPage\":{\"@id\":\"https:\/\/insurancecorp.com.br\/pt\/2021\/01\/19\/everis-brasil-tem-novo-diretor-de-varejo\/#primaryimage\"},\"datePublished\":\"2021-01-19T14:47:29+00:00\",\"dateModified\":\"2021-01-19T14:52:16+00:00\",\"inLanguage\":\"pt-BR\",\"potentialAction\":[{\"@type\":\"ReadAction\",\"target\":[\"https:\/\/insurancecorp.com.br\/pt\/2021\/01\/19\/everis-brasil-tem-novo-diretor-de-varejo\/\"]}]},{\"@type\":\"Article\",\"@id\":\"https:\/\/insurancecorp.com.br\/pt\/2021\/01\/19\/everis-brasil-tem-novo-diretor-de-varejo\/#article\",\"isPartOf\":{\"@id\":\"https:\/\/insurancecorp.com.br\/pt\/2021\/01\/19\/everis-brasil-tem-novo-diretor-de-varejo\/#webpage\"},\"author\":{\"@id\":\"https:\/\/insurancecorp.com.br\/pt\/#\/schema\/person\/1b69c8cf325f0b7167f1b171f52df4af\"},\"headline\":\"everis Brasil tem novo diretor de Varejo\",\"datePublished\":\"2021-01-19T14:47:29+00:00\",\"dateModified\":\"2021-01-19T14:52:16+00:00\",\"mainEntityOfPage\":{\"@id\":\"https:\/\/insurancecorp.com.br\/pt\/2021\/01\/19\/everis-brasil-tem-novo-diretor-de-varejo\/#webpage\"},\"commentCount\":0,\"publisher\":{\"@id\":\"https:\/\/insurancecorp.com.br\/pt\/#organization\"},\"image\":{\"@id\":\"https:\/\/insurancecorp.com.br\/pt\/2021\/01\/19\/everis-brasil-tem-novo-diretor-de-varejo\/#primaryimage\"},\"articleSection\":\"everis Brasil\",\"inLanguage\":\"pt-BR\",\"potentialAction\":[{\"@type\":\"CommentAction\",\"name\":\"Comment\",\"target\":[\"https:\/\/insurancecorp.com.br\/pt\/2021\/01\/19\/everis-brasil-tem-novo-diretor-de-varejo\/#respond\"]}]},{\"@type\":\"Person\",\"@id\":\"https:\/\/insurancecorp.com.br\/pt\/#\/schema\/person\/1b69c8cf325f0b7167f1b171f52df4af\",\"name\":\"Publica\\u00e7\\u00e3o\",\"image\":{\"@type\":\"ImageObject\",\"@id\":\"https:\/\/insurancecorp.com.br\/pt\/#personlogo\",\"inLanguage\":\"pt-BR\",\"url\":\"https:\/\/secure.gravatar.com\/avatar\/17226f1f60486eb25d4c6b301ffed37f?s=96&d=mm&r=g\",\"caption\":\"Publica\\u00e7\\u00e3o\"}}]}<\/script>\n<!-- \/ Yoast SEO plugin. -->","_links":{"self":[{"href":"https:\/\/insurancecorp.com.br\/pt\/wp-json\/wp\/v2\/posts\/21868"}],"collection":[{"href":"https:\/\/insurancecorp.com.br\/pt\/wp-json\/wp\/v2\/posts"}],"about":[{"href":"https:\/\/insurancecorp.com.br\/pt\/wp-json\/wp\/v2\/types\/post"}],"author":[{"embeddable":true,"href":"https:\/\/insurancecorp.com.br\/pt\/wp-json\/wp\/v2\/users\/2"}],"replies":[{"embeddable":true,"href":"https:\/\/insurancecorp.com.br\/pt\/wp-json\/wp\/v2\/comments?post=21868"}],"version-history":[{"count":1,"href":"https:\/\/insurancecorp.com.br\/pt\/wp-json\/wp\/v2\/posts\/21868\/revisions"}],"predecessor-version":[{"id":21870,"href":"https:\/\/insurancecorp.com.br\/pt\/wp-json\/wp\/v2\/posts\/21868\/revisions\/21870"}],"wp:featuredmedia":[{"embeddable":true,"href":"https:\/\/insurancecorp.com.br\/pt\/wp-json\/wp\/v2\/media\/21869"}],"wp:attachment":[{"href":"https:\/\/insurancecorp.com.br\/pt\/wp-json\/wp\/v2\/media?parent=21868"}],"wp:term":[{"taxonomy":"category","embeddable":true,"href":"https:\/\/insurancecorp.com.br\/pt\/wp-json\/wp\/v2\/categories?post=21868"},{"taxonomy":"post_tag","embeddable":true,"href":"https:\/\/insurancecorp.com.br\/pt\/wp-json\/wp\/v2\/tags?post=21868"}],"curies":[{"name":"wp","href":"https:\/\/api.w.org\/{rel}","templated":true}]}}