{"id":21706,"date":"2021-01-11T20:28:12","date_gmt":"2021-01-11T23:28:12","guid":{"rendered":"https:\/\/insurancecorp.com.br\/pt\/?p=21706"},"modified":"2021-01-11T20:30:53","modified_gmt":"2021-01-11T23:30:53","slug":"andrea-thome-assume-diretoria-de-solucoes-de-ciberseguranca-da-everis","status":"publish","type":"post","link":"https:\/\/insurancecorp.com.br\/pt\/2021\/01\/11\/andrea-thome-assume-diretoria-de-solucoes-de-ciberseguranca-da-everis\/","title":{"rendered":"Andr\u00e9a Thom\u00e9 assume diretoria de Solu\u00e7\u00f5es de Ciberseguran\u00e7a da everis"},"content":{"rendered":"<p>A everis Brasil, consultoria de neg\u00f3cios e TI do Grupo NTT Data, acaba de contratar Andr\u00e9a Thom\u00e9 como Head de Cyberseguran\u00e7a. Sua miss\u00e3o na nova fun\u00e7\u00e3o ser\u00e1 estruturar a \u00e1rea no Brasil e levar para os clientes brasileiros a nova oferta de valor de Cybersecurity desenvolvida pela everis.<br \/>\nCom mais de 26 anos de experi\u00eancia em solu\u00e7\u00f5es de Governan\u00e7a, Riscos e Compliance, com \u00eanfase em projetos de seguran\u00e7a da informa\u00e7\u00e3o em ativos digitais, governan\u00e7a e gest\u00e3o de riscos de neg\u00f3cios e tecnologia, al\u00e9m de auditoria interna, Andr\u00e9a tem passagens por empresas multinacionais como EY, PwC, ISS\/IBM, Baker Tilly e Phillips.<br \/>\n&#8220;Com os grandes avan\u00e7os da transforma\u00e7\u00e3o digital nas ind\u00fastrias nacionais, cresceram tamb\u00e9m os desafios e a relev\u00e2ncia da seguran\u00e7a dos ativos digitais, pe\u00e7a chave neste contexto de transforma\u00e7\u00e3o. Por isso, procuramos no mercado uma profissional que \u00e9 refer\u00eancia em governan\u00e7a, riscos e compliance assim como em consultoria de TI, para desenvolver nossa \u00e1rea no Pa\u00eds e, junto com nossas capacidades digitais, auxiliar na confiabilidade das iniciativas de nossos clientes e dos nossos projetos. Adicionalmente Andr\u00e9a representa os valores da everis de diversidade e prop\u00f3sito que queremos promover&#8221;, afirma Pablo Saez, s\u00f3cio respons\u00e1vel pela \u00e1rea de Digital Technology da everis Brasil.<br \/>\nAndr\u00e9a \u00e9 tamb\u00e9m professora das disciplinas de Seguran\u00e7a da Informa\u00e7\u00e3o, Gest\u00e3o de Riscos, Governan\u00e7a de TI e Auditoria Interna em cursos de extens\u00e3o e p\u00f3s-gradua\u00e7\u00e3o em institui\u00e7\u00f5es universit\u00e1rias, como Instituto Tecnol\u00f3gico da Aeron\u00e1utica (ITA), IBTA, USCS, FESP, BI International, FUCAPE, IPOG, FTI e FIA. Al\u00e9m disso, desde 2000, faz palestras sobre temas relacionados a GRC e seguran\u00e7a da informa\u00e7\u00e3o em eventos nacionais e internacionais (Panam\u00e1, Uruguai, Guatemala, Col\u00f4mbia, M\u00e9xico e Chile).<br \/>\nA nova diretora de Cibersecurity everis \u00e9 a criadora do jogo de tabuleiro Risk Mate e do conceito de GRC Innovation. Andr\u00e9a tem certifica\u00e7\u00f5es profissionais CISM (Certified Information Security Manager), BS 7799 Lead Auditor, Cobit-Foundations, Harvard Manage Mentor, ORM Admin e PMBM &#8211; Programa de Metodologia-base para Mentores.<br \/>\nNo Brasil, \u00e9 l\u00edder da WOMCY &#8211; LATAM Women in Cybersecurity, organiza\u00e7\u00e3o sem fins lucrativos para conectar e empoderar mulheres do setor na Am\u00e9rica Latina, e mentora de neg\u00f3cios certificada pelo Grupo Mulheres do Brasil, pelo programa Harvard Manage Mentor e pela ABMEN &#8211; Associa\u00e7\u00e3o Brasileira de Mentores -.<br \/>\nAndr\u00e9a integra ainda os grupos Mulheres do Brasil e Rede Mulher Empreendedora com a\u00e7\u00f5es volunt\u00e1rias de empoderamento da mulher e ocupa a posi\u00e7\u00e3o de Diretora da Regional S\u00e3o Paulo da ABMEN, com a\u00e7\u00f5es estrat\u00e9gicas de alcance da associa\u00e7\u00e3o e de entidades do ecossistema empreendedor.<br \/>\n&#8220;Estou motivada em poder contribuir, com o apoio de minha experi\u00eancia e equipe, com a integra\u00e7\u00e3o de Ciberseguran\u00e7a e GRC com as solu\u00e7\u00f5es de Digital Technology e Digital Strategy que a everis Brasil reconhecidamente j\u00e1 entrega com sucesso ao mercado. \u00c9 com grande satisfa\u00e7\u00e3o que assumo o desafio de posicionar a everis como uma grande provedora de solu\u00e7\u00f5es de Cybersecurity para o mercado brasileiro, al\u00e9m de ser muito gratificante poder auxiliar a companhia na promo\u00e7\u00e3o da diversidade, do empoderamento feminino e de outras minorias&#8221;, enfatiza Andr\u00e9a Thom\u00e9.<br \/>\nEla \u00e9 p\u00f3s-graduada em Gest\u00e3o Empresarial pela BSP &#8211; Business School S\u00e3o Paulo, bacharel em Ci\u00eancia da Computa\u00e7\u00e3o pela Universidade de S\u00e3o Caetano do Sul e t\u00e9cnica em Contabilidade.&#8221;<\/p>\n<p><strong>Market21 Comunica\u00e7\u00e3o &amp; Marketing<\/strong><\/p>\n","protected":false},"excerpt":{"rendered":"<p>A everis Brasil, consultoria de neg\u00f3cios e TI do Grupo NTT Data, acaba de contratar Andr\u00e9a Thom\u00e9 como Head de Cyberseguran\u00e7a. Sua miss\u00e3o na nova fun\u00e7\u00e3o ser\u00e1 estruturar a \u00e1rea no Brasil e levar para os clientes brasileiros a nova oferta de valor de Cybersecurity desenvolvida pela everis. Com mais de 26 anos de experi\u00eancia [&hellip;]<\/p>\n","protected":false},"author":2,"featured_media":21712,"comment_status":"open","ping_status":"open","sticky":false,"template":"","format":"standard","meta":[],"categories":[387],"tags":[],"jetpack_featured_media_url":"https:\/\/insurancecorp.com.br\/pt\/wp-content\/uploads\/2021\/01\/4-25-scaled.jpg","yoast_head":"<!-- This site is optimized with the Yoast SEO plugin v14.8 - https:\/\/yoast.com\/wordpress\/plugins\/seo\/ -->\n<title>Andr\u00e9a Thom\u00e9 assume diretoria de Solu\u00e7\u00f5es de Ciberseguran\u00e7a da everis | Revista Insurance Corp | PT-BR<\/title>\n<meta name=\"robots\" content=\"index, follow\" \/>\n<meta name=\"googlebot\" content=\"index, follow, max-snippet:-1, max-image-preview:large, max-video-preview:-1\" \/>\n<meta name=\"bingbot\" content=\"index, follow, max-snippet:-1, max-image-preview:large, max-video-preview:-1\" \/>\n<link rel=\"canonical\" href=\"https:\/\/insurancecorp.com.br\/pt\/2021\/01\/11\/andrea-thome-assume-diretoria-de-solucoes-de-ciberseguranca-da-everis\/\" \/>\n<meta property=\"og:locale\" content=\"pt_BR\" \/>\n<meta property=\"og:type\" content=\"article\" \/>\n<meta property=\"og:title\" content=\"Andr\u00e9a Thom\u00e9 assume diretoria de Solu\u00e7\u00f5es de Ciberseguran\u00e7a da everis | Revista Insurance Corp | PT-BR\" \/>\n<meta property=\"og:description\" content=\"A everis Brasil, consultoria de neg\u00f3cios e TI do Grupo NTT Data, acaba de contratar Andr\u00e9a Thom\u00e9 como Head de Cyberseguran\u00e7a. Sua miss\u00e3o na nova fun\u00e7\u00e3o ser\u00e1 estruturar a \u00e1rea no Brasil e levar para os clientes brasileiros a nova oferta de valor de Cybersecurity desenvolvida pela everis. Com mais de 26 anos de experi\u00eancia [&hellip;]\" \/>\n<meta property=\"og:url\" content=\"https:\/\/insurancecorp.com.br\/pt\/2021\/01\/11\/andrea-thome-assume-diretoria-de-solucoes-de-ciberseguranca-da-everis\/\" \/>\n<meta property=\"og:site_name\" content=\"Revista Insurance Corp | PT-BR\" \/>\n<meta property=\"article:publisher\" content=\"https:\/\/www.facebook.com\/RevistaInsuranceCorp\/\" \/>\n<meta property=\"article:published_time\" content=\"2021-01-11T23:28:12+00:00\" \/>\n<meta property=\"article:modified_time\" content=\"2021-01-11T23:30:53+00:00\" \/>\n<meta property=\"og:image\" content=\"https:\/\/insurancecorp.com.br\/pt\/wp-content\/uploads\/2021\/01\/4-25-scaled.jpg\" \/>\n\t<meta property=\"og:image:width\" content=\"2560\" \/>\n\t<meta property=\"og:image:height\" content=\"2028\" \/>\n<meta name=\"twitter:card\" content=\"summary\" \/>\n<script type=\"application\/ld+json\" class=\"yoast-schema-graph\">{\"@context\":\"https:\/\/schema.org\",\"@graph\":[{\"@type\":\"Organization\",\"@id\":\"https:\/\/insurancecorp.com.br\/pt\/#organization\",\"name\":\"Revista Insurance Corp\",\"url\":\"https:\/\/insurancecorp.com.br\/pt\/\",\"sameAs\":[\"https:\/\/www.facebook.com\/RevistaInsuranceCorp\/\"],\"logo\":{\"@type\":\"ImageObject\",\"@id\":\"https:\/\/insurancecorp.com.br\/pt\/#logo\",\"inLanguage\":\"pt-BR\",\"url\":\"\",\"caption\":\"Revista Insurance Corp\"},\"image\":{\"@id\":\"https:\/\/insurancecorp.com.br\/pt\/#logo\"}},{\"@type\":\"WebSite\",\"@id\":\"https:\/\/insurancecorp.com.br\/pt\/#website\",\"url\":\"https:\/\/insurancecorp.com.br\/pt\/\",\"name\":\"Revista Insurance Corp | PT-BR\",\"description\":\"A \\u00fanica revista bil\\u00edngue voltada ao mercado de seguro.\",\"publisher\":{\"@id\":\"https:\/\/insurancecorp.com.br\/pt\/#organization\"},\"potentialAction\":[{\"@type\":\"SearchAction\",\"target\":\"https:\/\/insurancecorp.com.br\/pt\/?s={search_term_string}\",\"query-input\":\"required name=search_term_string\"}],\"inLanguage\":\"pt-BR\"},{\"@type\":\"ImageObject\",\"@id\":\"https:\/\/insurancecorp.com.br\/pt\/2021\/01\/11\/andrea-thome-assume-diretoria-de-solucoes-de-ciberseguranca-da-everis\/#primaryimage\",\"inLanguage\":\"pt-BR\",\"url\":\"https:\/\/insurancecorp.com.br\/pt\/wp-content\/uploads\/2021\/01\/4-25-scaled.jpg\",\"width\":2560,\"height\":2028},{\"@type\":\"WebPage\",\"@id\":\"https:\/\/insurancecorp.com.br\/pt\/2021\/01\/11\/andrea-thome-assume-diretoria-de-solucoes-de-ciberseguranca-da-everis\/#webpage\",\"url\":\"https:\/\/insurancecorp.com.br\/pt\/2021\/01\/11\/andrea-thome-assume-diretoria-de-solucoes-de-ciberseguranca-da-everis\/\",\"name\":\"Andr\\u00e9a Thom\\u00e9 assume diretoria de Solu\\u00e7\\u00f5es de Ciberseguran\\u00e7a da everis | Revista Insurance Corp | PT-BR\",\"isPartOf\":{\"@id\":\"https:\/\/insurancecorp.com.br\/pt\/#website\"},\"primaryImageOfPage\":{\"@id\":\"https:\/\/insurancecorp.com.br\/pt\/2021\/01\/11\/andrea-thome-assume-diretoria-de-solucoes-de-ciberseguranca-da-everis\/#primaryimage\"},\"datePublished\":\"2021-01-11T23:28:12+00:00\",\"dateModified\":\"2021-01-11T23:30:53+00:00\",\"inLanguage\":\"pt-BR\",\"potentialAction\":[{\"@type\":\"ReadAction\",\"target\":[\"https:\/\/insurancecorp.com.br\/pt\/2021\/01\/11\/andrea-thome-assume-diretoria-de-solucoes-de-ciberseguranca-da-everis\/\"]}]},{\"@type\":\"Article\",\"@id\":\"https:\/\/insurancecorp.com.br\/pt\/2021\/01\/11\/andrea-thome-assume-diretoria-de-solucoes-de-ciberseguranca-da-everis\/#article\",\"isPartOf\":{\"@id\":\"https:\/\/insurancecorp.com.br\/pt\/2021\/01\/11\/andrea-thome-assume-diretoria-de-solucoes-de-ciberseguranca-da-everis\/#webpage\"},\"author\":{\"@id\":\"https:\/\/insurancecorp.com.br\/pt\/#\/schema\/person\/1b69c8cf325f0b7167f1b171f52df4af\"},\"headline\":\"Andr\\u00e9a Thom\\u00e9 assume diretoria de Solu\\u00e7\\u00f5es de Ciberseguran\\u00e7a da everis\",\"datePublished\":\"2021-01-11T23:28:12+00:00\",\"dateModified\":\"2021-01-11T23:30:53+00:00\",\"mainEntityOfPage\":{\"@id\":\"https:\/\/insurancecorp.com.br\/pt\/2021\/01\/11\/andrea-thome-assume-diretoria-de-solucoes-de-ciberseguranca-da-everis\/#webpage\"},\"commentCount\":0,\"publisher\":{\"@id\":\"https:\/\/insurancecorp.com.br\/pt\/#organization\"},\"image\":{\"@id\":\"https:\/\/insurancecorp.com.br\/pt\/2021\/01\/11\/andrea-thome-assume-diretoria-de-solucoes-de-ciberseguranca-da-everis\/#primaryimage\"},\"articleSection\":\"everis Brasil\",\"inLanguage\":\"pt-BR\",\"potentialAction\":[{\"@type\":\"CommentAction\",\"name\":\"Comment\",\"target\":[\"https:\/\/insurancecorp.com.br\/pt\/2021\/01\/11\/andrea-thome-assume-diretoria-de-solucoes-de-ciberseguranca-da-everis\/#respond\"]}]},{\"@type\":\"Person\",\"@id\":\"https:\/\/insurancecorp.com.br\/pt\/#\/schema\/person\/1b69c8cf325f0b7167f1b171f52df4af\",\"name\":\"Publica\\u00e7\\u00e3o\",\"image\":{\"@type\":\"ImageObject\",\"@id\":\"https:\/\/insurancecorp.com.br\/pt\/#personlogo\",\"inLanguage\":\"pt-BR\",\"url\":\"https:\/\/secure.gravatar.com\/avatar\/17226f1f60486eb25d4c6b301ffed37f?s=96&d=mm&r=g\",\"caption\":\"Publica\\u00e7\\u00e3o\"}}]}<\/script>\n<!-- \/ Yoast SEO plugin. -->","_links":{"self":[{"href":"https:\/\/insurancecorp.com.br\/pt\/wp-json\/wp\/v2\/posts\/21706"}],"collection":[{"href":"https:\/\/insurancecorp.com.br\/pt\/wp-json\/wp\/v2\/posts"}],"about":[{"href":"https:\/\/insurancecorp.com.br\/pt\/wp-json\/wp\/v2\/types\/post"}],"author":[{"embeddable":true,"href":"https:\/\/insurancecorp.com.br\/pt\/wp-json\/wp\/v2\/users\/2"}],"replies":[{"embeddable":true,"href":"https:\/\/insurancecorp.com.br\/pt\/wp-json\/wp\/v2\/comments?post=21706"}],"version-history":[{"count":1,"href":"https:\/\/insurancecorp.com.br\/pt\/wp-json\/wp\/v2\/posts\/21706\/revisions"}],"predecessor-version":[{"id":21707,"href":"https:\/\/insurancecorp.com.br\/pt\/wp-json\/wp\/v2\/posts\/21706\/revisions\/21707"}],"wp:featuredmedia":[{"embeddable":true,"href":"https:\/\/insurancecorp.com.br\/pt\/wp-json\/wp\/v2\/media\/21712"}],"wp:attachment":[{"href":"https:\/\/insurancecorp.com.br\/pt\/wp-json\/wp\/v2\/media?parent=21706"}],"wp:term":[{"taxonomy":"category","embeddable":true,"href":"https:\/\/insurancecorp.com.br\/pt\/wp-json\/wp\/v2\/categories?post=21706"},{"taxonomy":"post_tag","embeddable":true,"href":"https:\/\/insurancecorp.com.br\/pt\/wp-json\/wp\/v2\/tags?post=21706"}],"curies":[{"name":"wp","href":"https:\/\/api.w.org\/{rel}","templated":true}]}}