{"id":20782,"date":"2020-11-26T15:39:23","date_gmt":"2020-11-26T18:39:23","guid":{"rendered":"https:\/\/insurancecorp.com.br\/pt\/?p=20782"},"modified":"2020-11-26T15:39:45","modified_gmt":"2020-11-26T18:39:45","slug":"bradesco-seguros-destaca-novidades-no-segmento-auto","status":"publish","type":"post","link":"https:\/\/insurancecorp.com.br\/pt\/2020\/11\/26\/bradesco-seguros-destaca-novidades-no-segmento-auto\/","title":{"rendered":"Bradesco Seguros destaca novidades no segmento Auto"},"content":{"rendered":"<p>Dados de mercado, aprimoramento de servi\u00e7os e assist\u00eancias, al\u00e9m de benef\u00edcios de produtos e novidades da carteira de Autom\u00f3veis, esses foram os temas de destaque do evento digital \u2018Rede On Live +\u2019, promovido na \u00faltima ter\u00e7a-feira (24), pela Bradesco Auto\/RE, empresa do Grupo Bradesco Seguros. O bate-papo foi conduzido pelo diretor-geral, Ney Dias; pelos diretores de Rede da Organiza\u00e7\u00e3o de Vendas, Am\u00e9rico Gomes, Francisco Rosado e Jos\u00e9 Pires; pela gerente departamental, Raquel Cerqueira; e o gerente J\u00falio Mendon\u00e7a. Cerca de 1,5 mil espectadores, entre corretores, assessorias e profissionais do mercado \u2013 das Regionais S\u00e3o Paulo Capital, S\u00e3o Paulo Interior, Rio de Janeiro e Esp\u00edrito Santo \u2013 acompanharam a live e puderam enviar perguntas e sugest\u00f5es.<\/p>\n<p>Entre os principais assuntos abordados, os executivos destacaram as novidades na carteira para 2021, que ir\u00e1 oferecer cobertura de vidros para ve\u00edculos blindados, carro reserva sedan m\u00e9dio porte ou t\u00e1xi executivo, cl\u00e1usula para bens deixados no ve\u00edculo, entre outras novidades. Ainda, os atrativos do seguro Auto Frota, que agora possui uma maior flexibiliza\u00e7\u00e3o na contrata\u00e7\u00e3o de servi\u00e7os e assist\u00eancias, de acordo com a necessidade de cada cliente e, por fim, as facilidades da renova\u00e7\u00e3o simplificada, que oferece um processo mais \u00e1gil para o dia a dia do corretor.<\/p>\n<p>\u201cA ind\u00fastria de seguros vive um momento de grandes oportunidades. Produtos e servi\u00e7os mais customizados s\u00e3o imprescind\u00edveis, com foco em maximizar a experi\u00eancia do cliente. A Bradesco Auto\/RE continuar\u00e1 investindo em pesquisas e aprimoramento constante de coberturas, servi\u00e7os e assist\u00eancias\u201d, afirma Ney Dias.<\/p>\n<p><strong>Approach Comunica\u00e7\u00e3o<\/strong><\/p>\n","protected":false},"excerpt":{"rendered":"<p>Dados de mercado, aprimoramento de servi\u00e7os e assist\u00eancias, al\u00e9m de benef\u00edcios de produtos e novidades da carteira de Autom\u00f3veis, esses foram os temas de destaque do evento digital \u2018Rede On Live +\u2019, promovido na \u00faltima ter\u00e7a-feira (24), pela Bradesco Auto\/RE, empresa do Grupo Bradesco Seguros. O bate-papo foi conduzido pelo diretor-geral, Ney Dias; pelos diretores [&hellip;]<\/p>\n","protected":false},"author":2,"featured_media":20783,"comment_status":"open","ping_status":"open","sticky":false,"template":"","format":"standard","meta":[],"categories":[413],"tags":[],"jetpack_featured_media_url":"https:\/\/insurancecorp.com.br\/pt\/wp-content\/uploads\/2020\/11\/1Eu-e-ela-50-scaled.jpg","yoast_head":"<!-- This site is optimized with the Yoast SEO plugin v14.8 - https:\/\/yoast.com\/wordpress\/plugins\/seo\/ -->\n<title>Bradesco Seguros destaca novidades no segmento Auto | Revista Insurance Corp | PT-BR<\/title>\n<meta name=\"robots\" content=\"index, follow\" \/>\n<meta name=\"googlebot\" content=\"index, follow, max-snippet:-1, max-image-preview:large, max-video-preview:-1\" \/>\n<meta name=\"bingbot\" content=\"index, follow, max-snippet:-1, max-image-preview:large, max-video-preview:-1\" \/>\n<link rel=\"canonical\" href=\"https:\/\/insurancecorp.com.br\/pt\/2020\/11\/26\/bradesco-seguros-destaca-novidades-no-segmento-auto\/\" \/>\n<meta property=\"og:locale\" content=\"pt_BR\" \/>\n<meta property=\"og:type\" content=\"article\" \/>\n<meta property=\"og:title\" content=\"Bradesco Seguros destaca novidades no segmento Auto | Revista Insurance Corp | PT-BR\" \/>\n<meta property=\"og:description\" content=\"Dados de mercado, aprimoramento de servi\u00e7os e assist\u00eancias, al\u00e9m de benef\u00edcios de produtos e novidades da carteira de Autom\u00f3veis, esses foram os temas de destaque do evento digital \u2018Rede On Live +\u2019, promovido na \u00faltima ter\u00e7a-feira (24), pela Bradesco Auto\/RE, empresa do Grupo Bradesco Seguros. O bate-papo foi conduzido pelo diretor-geral, Ney Dias; pelos diretores [&hellip;]\" \/>\n<meta property=\"og:url\" content=\"https:\/\/insurancecorp.com.br\/pt\/2020\/11\/26\/bradesco-seguros-destaca-novidades-no-segmento-auto\/\" \/>\n<meta property=\"og:site_name\" content=\"Revista Insurance Corp | PT-BR\" \/>\n<meta property=\"article:publisher\" content=\"https:\/\/www.facebook.com\/RevistaInsuranceCorp\/\" \/>\n<meta property=\"article:published_time\" content=\"2020-11-26T18:39:23+00:00\" \/>\n<meta property=\"article:modified_time\" content=\"2020-11-26T18:39:45+00:00\" \/>\n<meta property=\"og:image\" content=\"https:\/\/insurancecorp.com.br\/pt\/wp-content\/uploads\/2020\/11\/1Eu-e-ela-50-scaled.jpg\" \/>\n\t<meta property=\"og:image:width\" content=\"2560\" \/>\n\t<meta property=\"og:image:height\" content=\"1707\" \/>\n<meta name=\"twitter:card\" content=\"summary\" \/>\n<script type=\"application\/ld+json\" class=\"yoast-schema-graph\">{\"@context\":\"https:\/\/schema.org\",\"@graph\":[{\"@type\":\"Organization\",\"@id\":\"https:\/\/insurancecorp.com.br\/pt\/#organization\",\"name\":\"Revista Insurance Corp\",\"url\":\"https:\/\/insurancecorp.com.br\/pt\/\",\"sameAs\":[\"https:\/\/www.facebook.com\/RevistaInsuranceCorp\/\"],\"logo\":{\"@type\":\"ImageObject\",\"@id\":\"https:\/\/insurancecorp.com.br\/pt\/#logo\",\"inLanguage\":\"pt-BR\",\"url\":\"\",\"caption\":\"Revista Insurance Corp\"},\"image\":{\"@id\":\"https:\/\/insurancecorp.com.br\/pt\/#logo\"}},{\"@type\":\"WebSite\",\"@id\":\"https:\/\/insurancecorp.com.br\/pt\/#website\",\"url\":\"https:\/\/insurancecorp.com.br\/pt\/\",\"name\":\"Revista Insurance Corp | PT-BR\",\"description\":\"A \\u00fanica revista bil\\u00edngue voltada ao mercado de seguro.\",\"publisher\":{\"@id\":\"https:\/\/insurancecorp.com.br\/pt\/#organization\"},\"potentialAction\":[{\"@type\":\"SearchAction\",\"target\":\"https:\/\/insurancecorp.com.br\/pt\/?s={search_term_string}\",\"query-input\":\"required name=search_term_string\"}],\"inLanguage\":\"pt-BR\"},{\"@type\":\"ImageObject\",\"@id\":\"https:\/\/insurancecorp.com.br\/pt\/2020\/11\/26\/bradesco-seguros-destaca-novidades-no-segmento-auto\/#primaryimage\",\"inLanguage\":\"pt-BR\",\"url\":\"https:\/\/insurancecorp.com.br\/pt\/wp-content\/uploads\/2020\/11\/1Eu-e-ela-50-scaled.jpg\",\"width\":2560,\"height\":1707,\"caption\":\"Data: 25.05.2018 Local: Rio de Janeiro, RJ. Cliente: Bradesco Seguros Assunto: Ney Dias, diretor do Bradesco Auto\/RE. Fot\\u00f3grafo: Julio Bittencourt Assistente: Luiz Michelini\"},{\"@type\":\"WebPage\",\"@id\":\"https:\/\/insurancecorp.com.br\/pt\/2020\/11\/26\/bradesco-seguros-destaca-novidades-no-segmento-auto\/#webpage\",\"url\":\"https:\/\/insurancecorp.com.br\/pt\/2020\/11\/26\/bradesco-seguros-destaca-novidades-no-segmento-auto\/\",\"name\":\"Bradesco Seguros destaca novidades no segmento Auto | Revista Insurance Corp | PT-BR\",\"isPartOf\":{\"@id\":\"https:\/\/insurancecorp.com.br\/pt\/#website\"},\"primaryImageOfPage\":{\"@id\":\"https:\/\/insurancecorp.com.br\/pt\/2020\/11\/26\/bradesco-seguros-destaca-novidades-no-segmento-auto\/#primaryimage\"},\"datePublished\":\"2020-11-26T18:39:23+00:00\",\"dateModified\":\"2020-11-26T18:39:45+00:00\",\"inLanguage\":\"pt-BR\",\"potentialAction\":[{\"@type\":\"ReadAction\",\"target\":[\"https:\/\/insurancecorp.com.br\/pt\/2020\/11\/26\/bradesco-seguros-destaca-novidades-no-segmento-auto\/\"]}]},{\"@type\":\"Article\",\"@id\":\"https:\/\/insurancecorp.com.br\/pt\/2020\/11\/26\/bradesco-seguros-destaca-novidades-no-segmento-auto\/#article\",\"isPartOf\":{\"@id\":\"https:\/\/insurancecorp.com.br\/pt\/2020\/11\/26\/bradesco-seguros-destaca-novidades-no-segmento-auto\/#webpage\"},\"author\":{\"@id\":\"https:\/\/insurancecorp.com.br\/pt\/#\/schema\/person\/1b69c8cf325f0b7167f1b171f52df4af\"},\"headline\":\"Bradesco Seguros destaca novidades no segmento Auto\",\"datePublished\":\"2020-11-26T18:39:23+00:00\",\"dateModified\":\"2020-11-26T18:39:45+00:00\",\"mainEntityOfPage\":{\"@id\":\"https:\/\/insurancecorp.com.br\/pt\/2020\/11\/26\/bradesco-seguros-destaca-novidades-no-segmento-auto\/#webpage\"},\"commentCount\":0,\"publisher\":{\"@id\":\"https:\/\/insurancecorp.com.br\/pt\/#organization\"},\"image\":{\"@id\":\"https:\/\/insurancecorp.com.br\/pt\/2020\/11\/26\/bradesco-seguros-destaca-novidades-no-segmento-auto\/#primaryimage\"},\"articleSection\":\"Bradesco Seguros\",\"inLanguage\":\"pt-BR\",\"potentialAction\":[{\"@type\":\"CommentAction\",\"name\":\"Comment\",\"target\":[\"https:\/\/insurancecorp.com.br\/pt\/2020\/11\/26\/bradesco-seguros-destaca-novidades-no-segmento-auto\/#respond\"]}]},{\"@type\":\"Person\",\"@id\":\"https:\/\/insurancecorp.com.br\/pt\/#\/schema\/person\/1b69c8cf325f0b7167f1b171f52df4af\",\"name\":\"Publica\\u00e7\\u00e3o\",\"image\":{\"@type\":\"ImageObject\",\"@id\":\"https:\/\/insurancecorp.com.br\/pt\/#personlogo\",\"inLanguage\":\"pt-BR\",\"url\":\"https:\/\/secure.gravatar.com\/avatar\/17226f1f60486eb25d4c6b301ffed37f?s=96&d=mm&r=g\",\"caption\":\"Publica\\u00e7\\u00e3o\"}}]}<\/script>\n<!-- \/ Yoast SEO plugin. -->","_links":{"self":[{"href":"https:\/\/insurancecorp.com.br\/pt\/wp-json\/wp\/v2\/posts\/20782"}],"collection":[{"href":"https:\/\/insurancecorp.com.br\/pt\/wp-json\/wp\/v2\/posts"}],"about":[{"href":"https:\/\/insurancecorp.com.br\/pt\/wp-json\/wp\/v2\/types\/post"}],"author":[{"embeddable":true,"href":"https:\/\/insurancecorp.com.br\/pt\/wp-json\/wp\/v2\/users\/2"}],"replies":[{"embeddable":true,"href":"https:\/\/insurancecorp.com.br\/pt\/wp-json\/wp\/v2\/comments?post=20782"}],"version-history":[{"count":1,"href":"https:\/\/insurancecorp.com.br\/pt\/wp-json\/wp\/v2\/posts\/20782\/revisions"}],"predecessor-version":[{"id":20784,"href":"https:\/\/insurancecorp.com.br\/pt\/wp-json\/wp\/v2\/posts\/20782\/revisions\/20784"}],"wp:featuredmedia":[{"embeddable":true,"href":"https:\/\/insurancecorp.com.br\/pt\/wp-json\/wp\/v2\/media\/20783"}],"wp:attachment":[{"href":"https:\/\/insurancecorp.com.br\/pt\/wp-json\/wp\/v2\/media?parent=20782"}],"wp:term":[{"taxonomy":"category","embeddable":true,"href":"https:\/\/insurancecorp.com.br\/pt\/wp-json\/wp\/v2\/categories?post=20782"},{"taxonomy":"post_tag","embeddable":true,"href":"https:\/\/insurancecorp.com.br\/pt\/wp-json\/wp\/v2\/tags?post=20782"}],"curies":[{"name":"wp","href":"https:\/\/api.w.org\/{rel}","templated":true}]}}