{"id":20725,"date":"2020-11-25T10:20:44","date_gmt":"2020-11-25T13:20:44","guid":{"rendered":"https:\/\/insurancecorp.com.br\/pt\/?p=20725"},"modified":"2020-11-25T10:21:36","modified_gmt":"2020-11-25T13:21:36","slug":"csp-mg-elege-nova-diretoria-para-o-trienio-2021-2023","status":"publish","type":"post","link":"https:\/\/insurancecorp.com.br\/pt\/2020\/11\/25\/csp-mg-elege-nova-diretoria-para-o-trienio-2021-2023\/","title":{"rendered":"CSP-MG elege nova diretoria para o tri\u00eanio 2021\/2023"},"content":{"rendered":"<div>\n<div>\n<p class=\"x_ydp232bfaffmsonormal\">O Clube de Seguros de Pessoas de Minas Gerais (CSP-MG) elegeu, no dia 24 de novembro, a nova diretoria para o tri\u00eanio 2021\/2023. \u00a0O atual presidente Jo\u00e3o Paulo Moreira de Mello foi reconduzido ao cargo, liderando a chapa \u00fanica.<\/p>\n<p class=\"x_ydp232bfaffmsonormal\">Durante a Assembleia Geral Ordin\u00e1ria Eleitoral, realizada de forma virtual, os associados e representantes das benem\u00e9ritas tamb\u00e9m aprovaram os novos membros da Comiss\u00e3o Fiscal, Conselho Consultivo e assessores da diretoria. A reuni\u00e3o foi conduzida pelo presidente do Conselho Consultivo, Dr. Jos\u00e9 Osvaldo Miranda, tamb\u00e9m reeleito.<\/p>\n<p class=\"x_ydp232bfaffmsonormal\">O presidente do CSP-MG agradeceu a confian\u00e7a de todos na gest\u00e3o realizada pelo Clube. \u201cTrabalhamos bastante nos \u00faltimos anos e realizamos diversas a\u00e7\u00f5es em prol do desenvolvimento do mercado. O resultado \u00e9 o apoio de 42 benem\u00e9ritas em nosso quadro associativo. Prometemos ainda mais empenho e dedica\u00e7\u00e3o, contribuindo sempre para o desenvolvimento dos seguros de pessoas no Estado e no Pa\u00eds, aumentando a prote\u00e7\u00e3o da popula\u00e7\u00e3o\u201d, assegura.<\/p>\n<p class=\"x_ydp232bfaffmsonormal\">A posse da diretoria acontecer\u00e1 no dia 10 de dezembro, durante evento on-line de confraterniza\u00e7\u00e3o de fim do ano.<\/p>\n<p class=\"x_ydp232bfaffmsonospacing\" align=\"center\"><b>Nova diretoria do CSP-MG (tri\u00eanio 2021\/2023)<\/b><\/p>\n<p class=\"x_ydp232bfaffmsonospacing\"><b>Diretoria Executiva<\/b><\/p>\n<p class=\"x_ydp232bfaffmsonospacing\">Presidente: Jo\u00e3o Paulo Moreira de Mello<\/p>\n<p class=\"x_ydp232bfaffmsonospacing\">Vice-Presidente: Rog\u00e9rio Poleti Gebin<\/p>\n<p class=\"x_ydp232bfaffmsonospacing\">Diretor Tesoureiro: Maur\u00edcio Tadeu Barros Morais<\/p>\n<p class=\"x_ydp232bfaffmsonospacing\">Diretor de Seguros: Edilon Mesquita<\/p>\n<p class=\"x_ydp232bfaffmsonospacing\">Diretora Social: Elaine Oliveira Patente Godinho<\/p>\n<p class=\"x_ydp232bfaffmsonospacing\"><b>Comiss\u00e3o Fiscal<\/b><\/p>\n<p class=\"x_ydp232bfaffmsonospacing\">Denize Gon\u00e7alves Pena<\/p>\n<p class=\"x_ydp232bfaffmsonospacing\">Gilberto Cordeiro da Silveira<\/p>\n<p class=\"x_ydp232bfaffmsonospacing\">Jos\u00e9 Geraldo de Andrade<\/p>\n<p class=\"x_ydp232bfaffmsonospacing\">Marinalda dos Santos Dias<\/p>\n<p class=\"x_ydp232bfaffmsonospacing\">Wesley Ferreira de Andrade<b>\u00a0 \u00a0 \u00a0 \u00a0 \u00a0 \u00a0 \u00a0 \u00a0 \u00a0 \u00a0 \u00a0 \u00a0 \u00a0 \u00a0 \u00a0 \u00a0 \u00a0 \u00a0 \u00a0 \u00a0 \u00a0 \u00a0 \u00a0 \u00a0 \u00a0 \u00a0 \u00a0 \u00a0 \u00a0 \u00a0 \u00a0 \u00a0 \u00a0\u00a0<\/b><\/p>\n<p class=\"x_ydp232bfaffmsonospacing\"><b>Conselho Consultivo<\/b><\/p>\n<p class=\"x_ydp232bfaffmsonospacing\">Presidente: Jos\u00e9 Osvaldo de Miranda<\/p>\n<p class=\"x_ydp232bfaffmsonospacing\">Secret\u00e1rio: H\u00e9lio Marcelino Loreno<\/p>\n<p class=\"x_ydp232bfaffmsonospacing\">Membros: Augusto Frederico Costa Rosa\u00a0de Matos,\u00a0Edson Ferreira Iria, Fernanda Machado de Carvalho Silva, Jos\u00e9 Horta Bregunci, Landulfo de Oliveira Ferreira J\u00fanior, Maria do Carmo Ferreira Ribeiro Costa, Roberto Silva Barbosa, S\u00e9rgio Canesso Viegas.<\/p>\n<p class=\"x_ydp232bfaffmsonospacing\"><b>\u00a0A<\/b><b>ssessores da Diretoria<\/b><\/p>\n<p class=\"x_ydp232bfaffmsonospacing\">Daniela Viana Madeira Malta Moreira<\/p>\n<p class=\"x_ydp232bfaffmsonospacing\">Eduardo Gabriel Diniz<\/p>\n<p class=\"x_ydp232bfaffmsonospacing\">Franklin Rafael Correia da Rocha<\/p>\n<p class=\"x_ydp232bfaffmsonospacing\">Giuliano Alves Baeta<\/p>\n<p class=\"x_ydp232bfaffmsonospacing\">Leandro Higino Godinho de Oliveira<\/p>\n<p class=\"x_ydp232bfaffmsonospacing\">Lorena Caires da Silveira<\/p>\n<p class=\"x_ydp232bfaffmsonospacing\">Raquel Ferreira da Silva<\/p>\n<p class=\"x_ydp232bfaffmsonospacing\">S\u00e9rgio Prates Nogueira Filho<\/p>\n<\/div>\n<p class=\"x_MsoNormal\"><strong>DG Comunica\u00e7\u00e3o<\/strong><\/p>\n<\/div>\n<div>\n<p class=\"x_MsoNormal\">\n<\/div>\n<div>\n<p class=\"x_MsoNormal\">\n<\/div>\n","protected":false},"excerpt":{"rendered":"<p>O Clube de Seguros de Pessoas de Minas Gerais (CSP-MG) elegeu, no dia 24 de novembro, a nova diretoria para o tri\u00eanio 2021\/2023. \u00a0O atual presidente Jo\u00e3o Paulo Moreira de Mello foi reconduzido ao cargo, liderando a chapa \u00fanica. Durante a Assembleia Geral Ordin\u00e1ria Eleitoral, realizada de forma virtual, os associados e representantes das benem\u00e9ritas [&hellip;]<\/p>\n","protected":false},"author":2,"featured_media":20726,"comment_status":"open","ping_status":"open","sticky":false,"template":"","format":"standard","meta":[],"categories":[279],"tags":[],"jetpack_featured_media_url":"https:\/\/insurancecorp.com.br\/pt\/wp-content\/uploads\/2020\/11\/1Eu-e-ela-44.jpg","yoast_head":"<!-- This site is optimized with the Yoast SEO plugin v14.8 - https:\/\/yoast.com\/wordpress\/plugins\/seo\/ -->\n<title>CSP-MG elege nova diretoria para o tri\u00eanio 2021\/2023 | Revista Insurance Corp | PT-BR<\/title>\n<meta name=\"robots\" content=\"index, follow\" \/>\n<meta name=\"googlebot\" content=\"index, follow, max-snippet:-1, max-image-preview:large, max-video-preview:-1\" \/>\n<meta name=\"bingbot\" content=\"index, follow, max-snippet:-1, max-image-preview:large, max-video-preview:-1\" \/>\n<link rel=\"canonical\" href=\"https:\/\/insurancecorp.com.br\/pt\/2020\/11\/25\/csp-mg-elege-nova-diretoria-para-o-trienio-2021-2023\/\" \/>\n<meta property=\"og:locale\" content=\"pt_BR\" \/>\n<meta property=\"og:type\" content=\"article\" \/>\n<meta property=\"og:title\" content=\"CSP-MG elege nova diretoria para o tri\u00eanio 2021\/2023 | Revista Insurance Corp | PT-BR\" \/>\n<meta property=\"og:description\" content=\"O Clube de Seguros de Pessoas de Minas Gerais (CSP-MG) elegeu, no dia 24 de novembro, a nova diretoria para o tri\u00eanio 2021\/2023. \u00a0O atual presidente Jo\u00e3o Paulo Moreira de Mello foi reconduzido ao cargo, liderando a chapa \u00fanica. Durante a Assembleia Geral Ordin\u00e1ria Eleitoral, realizada de forma virtual, os associados e representantes das benem\u00e9ritas [&hellip;]\" \/>\n<meta property=\"og:url\" content=\"https:\/\/insurancecorp.com.br\/pt\/2020\/11\/25\/csp-mg-elege-nova-diretoria-para-o-trienio-2021-2023\/\" \/>\n<meta property=\"og:site_name\" content=\"Revista Insurance Corp | PT-BR\" \/>\n<meta property=\"article:publisher\" content=\"https:\/\/www.facebook.com\/RevistaInsuranceCorp\/\" \/>\n<meta property=\"article:published_time\" content=\"2020-11-25T13:20:44+00:00\" \/>\n<meta property=\"article:modified_time\" content=\"2020-11-25T13:21:36+00:00\" \/>\n<meta property=\"og:image\" content=\"https:\/\/insurancecorp.com.br\/pt\/wp-content\/uploads\/2020\/11\/1Eu-e-ela-44.jpg\" \/>\n\t<meta property=\"og:image:width\" content=\"1280\" \/>\n\t<meta property=\"og:image:height\" content=\"1024\" \/>\n<meta name=\"twitter:card\" content=\"summary\" \/>\n<script type=\"application\/ld+json\" class=\"yoast-schema-graph\">{\"@context\":\"https:\/\/schema.org\",\"@graph\":[{\"@type\":\"Organization\",\"@id\":\"https:\/\/insurancecorp.com.br\/pt\/#organization\",\"name\":\"Revista Insurance Corp\",\"url\":\"https:\/\/insurancecorp.com.br\/pt\/\",\"sameAs\":[\"https:\/\/www.facebook.com\/RevistaInsuranceCorp\/\"],\"logo\":{\"@type\":\"ImageObject\",\"@id\":\"https:\/\/insurancecorp.com.br\/pt\/#logo\",\"inLanguage\":\"pt-BR\",\"url\":\"\",\"caption\":\"Revista Insurance Corp\"},\"image\":{\"@id\":\"https:\/\/insurancecorp.com.br\/pt\/#logo\"}},{\"@type\":\"WebSite\",\"@id\":\"https:\/\/insurancecorp.com.br\/pt\/#website\",\"url\":\"https:\/\/insurancecorp.com.br\/pt\/\",\"name\":\"Revista Insurance Corp | PT-BR\",\"description\":\"A \\u00fanica revista bil\\u00edngue voltada ao mercado de seguro.\",\"publisher\":{\"@id\":\"https:\/\/insurancecorp.com.br\/pt\/#organization\"},\"potentialAction\":[{\"@type\":\"SearchAction\",\"target\":\"https:\/\/insurancecorp.com.br\/pt\/?s={search_term_string}\",\"query-input\":\"required name=search_term_string\"}],\"inLanguage\":\"pt-BR\"},{\"@type\":\"ImageObject\",\"@id\":\"https:\/\/insurancecorp.com.br\/pt\/2020\/11\/25\/csp-mg-elege-nova-diretoria-para-o-trienio-2021-2023\/#primaryimage\",\"inLanguage\":\"pt-BR\",\"url\":\"https:\/\/insurancecorp.com.br\/pt\/wp-content\/uploads\/2020\/11\/1Eu-e-ela-44.jpg\",\"width\":1280,\"height\":1024},{\"@type\":\"WebPage\",\"@id\":\"https:\/\/insurancecorp.com.br\/pt\/2020\/11\/25\/csp-mg-elege-nova-diretoria-para-o-trienio-2021-2023\/#webpage\",\"url\":\"https:\/\/insurancecorp.com.br\/pt\/2020\/11\/25\/csp-mg-elege-nova-diretoria-para-o-trienio-2021-2023\/\",\"name\":\"CSP-MG elege nova diretoria para o tri\\u00eanio 2021\/2023 | Revista Insurance Corp | PT-BR\",\"isPartOf\":{\"@id\":\"https:\/\/insurancecorp.com.br\/pt\/#website\"},\"primaryImageOfPage\":{\"@id\":\"https:\/\/insurancecorp.com.br\/pt\/2020\/11\/25\/csp-mg-elege-nova-diretoria-para-o-trienio-2021-2023\/#primaryimage\"},\"datePublished\":\"2020-11-25T13:20:44+00:00\",\"dateModified\":\"2020-11-25T13:21:36+00:00\",\"inLanguage\":\"pt-BR\",\"potentialAction\":[{\"@type\":\"ReadAction\",\"target\":[\"https:\/\/insurancecorp.com.br\/pt\/2020\/11\/25\/csp-mg-elege-nova-diretoria-para-o-trienio-2021-2023\/\"]}]},{\"@type\":\"Article\",\"@id\":\"https:\/\/insurancecorp.com.br\/pt\/2020\/11\/25\/csp-mg-elege-nova-diretoria-para-o-trienio-2021-2023\/#article\",\"isPartOf\":{\"@id\":\"https:\/\/insurancecorp.com.br\/pt\/2020\/11\/25\/csp-mg-elege-nova-diretoria-para-o-trienio-2021-2023\/#webpage\"},\"author\":{\"@id\":\"https:\/\/insurancecorp.com.br\/pt\/#\/schema\/person\/1b69c8cf325f0b7167f1b171f52df4af\"},\"headline\":\"CSP-MG elege nova diretoria para o tri\\u00eanio 2021\/2023\",\"datePublished\":\"2020-11-25T13:20:44+00:00\",\"dateModified\":\"2020-11-25T13:21:36+00:00\",\"mainEntityOfPage\":{\"@id\":\"https:\/\/insurancecorp.com.br\/pt\/2020\/11\/25\/csp-mg-elege-nova-diretoria-para-o-trienio-2021-2023\/#webpage\"},\"commentCount\":0,\"publisher\":{\"@id\":\"https:\/\/insurancecorp.com.br\/pt\/#organization\"},\"image\":{\"@id\":\"https:\/\/insurancecorp.com.br\/pt\/2020\/11\/25\/csp-mg-elege-nova-diretoria-para-o-trienio-2021-2023\/#primaryimage\"},\"articleSection\":\"CCSP-MG\",\"inLanguage\":\"pt-BR\",\"potentialAction\":[{\"@type\":\"CommentAction\",\"name\":\"Comment\",\"target\":[\"https:\/\/insurancecorp.com.br\/pt\/2020\/11\/25\/csp-mg-elege-nova-diretoria-para-o-trienio-2021-2023\/#respond\"]}]},{\"@type\":\"Person\",\"@id\":\"https:\/\/insurancecorp.com.br\/pt\/#\/schema\/person\/1b69c8cf325f0b7167f1b171f52df4af\",\"name\":\"Publica\\u00e7\\u00e3o\",\"image\":{\"@type\":\"ImageObject\",\"@id\":\"https:\/\/insurancecorp.com.br\/pt\/#personlogo\",\"inLanguage\":\"pt-BR\",\"url\":\"https:\/\/secure.gravatar.com\/avatar\/17226f1f60486eb25d4c6b301ffed37f?s=96&d=mm&r=g\",\"caption\":\"Publica\\u00e7\\u00e3o\"}}]}<\/script>\n<!-- \/ Yoast SEO plugin. -->","_links":{"self":[{"href":"https:\/\/insurancecorp.com.br\/pt\/wp-json\/wp\/v2\/posts\/20725"}],"collection":[{"href":"https:\/\/insurancecorp.com.br\/pt\/wp-json\/wp\/v2\/posts"}],"about":[{"href":"https:\/\/insurancecorp.com.br\/pt\/wp-json\/wp\/v2\/types\/post"}],"author":[{"embeddable":true,"href":"https:\/\/insurancecorp.com.br\/pt\/wp-json\/wp\/v2\/users\/2"}],"replies":[{"embeddable":true,"href":"https:\/\/insurancecorp.com.br\/pt\/wp-json\/wp\/v2\/comments?post=20725"}],"version-history":[{"count":1,"href":"https:\/\/insurancecorp.com.br\/pt\/wp-json\/wp\/v2\/posts\/20725\/revisions"}],"predecessor-version":[{"id":20727,"href":"https:\/\/insurancecorp.com.br\/pt\/wp-json\/wp\/v2\/posts\/20725\/revisions\/20727"}],"wp:featuredmedia":[{"embeddable":true,"href":"https:\/\/insurancecorp.com.br\/pt\/wp-json\/wp\/v2\/media\/20726"}],"wp:attachment":[{"href":"https:\/\/insurancecorp.com.br\/pt\/wp-json\/wp\/v2\/media?parent=20725"}],"wp:term":[{"taxonomy":"category","embeddable":true,"href":"https:\/\/insurancecorp.com.br\/pt\/wp-json\/wp\/v2\/categories?post=20725"},{"taxonomy":"post_tag","embeddable":true,"href":"https:\/\/insurancecorp.com.br\/pt\/wp-json\/wp\/v2\/tags?post=20725"}],"curies":[{"name":"wp","href":"https:\/\/api.w.org\/{rel}","templated":true}]}}