{"id":20694,"date":"2020-11-24T12:30:59","date_gmt":"2020-11-24T15:30:59","guid":{"rendered":"https:\/\/insurancecorp.com.br\/pt\/?p=20694"},"modified":"2020-11-24T12:30:59","modified_gmt":"2020-11-24T15:30:59","slug":"ultima-edicao-de-2020-do-direto-reto-com-camillo-sera-especial-de-fim-de-ano","status":"publish","type":"post","link":"https:\/\/insurancecorp.com.br\/pt\/2020\/11\/24\/ultima-edicao-de-2020-do-direto-reto-com-camillo-sera-especial-de-fim-de-ano\/","title":{"rendered":"\u00daltima edi\u00e7\u00e3o de 2020 do Direto &#038; Reto com Camillo ser\u00e1 especial de fim de ano"},"content":{"rendered":"<p>Para fazer uma retrospectiva do ano e falar sobre as proje\u00e7\u00f5es para o pr\u00f3ximo per\u00edodo, a \u00faltima edi\u00e7\u00e3o de 2020 do Direto &amp; Reto com Camillo ser\u00e1 um Especial de Fim de Ano. A transmiss\u00e3o acontece no dia 25 de novembro, a partir das 10h, pelo canal da TV Sincor-SP, no YouTube.<br \/>\nO presidente do Sincor-SP, Alexandre Camillo, vai receber os integrantes da diretoria executiva: Boris Ber, 1\u00ba vice-presidente, Simone F\u00e1varo, 2\u00aa vice-presidente, Marcos Abarca, 1\u00ba secret\u00e1rio, \u00c1lvaro Fonseca, 2\u00ba secret\u00e1rio, Marco Damiani, 1\u00ba tesoureiro, e Carlos Cunha, 2\u00ba tesoureiro.<br \/>\nOs diretores s\u00e3o respons\u00e1veis pela gest\u00e3o interna das atividades do Sincor-SP, por isso, devem apresentar as entregas e o planejamento de \u00e1reas como Assessoria T\u00e9cnica, Comiss\u00f5es, Benef\u00edcios, Regionais, Financeiro, Unisincor, Comunica\u00e7\u00e3o, entre outras.<br \/>\nJ\u00e1 \u00e9 poss\u00edvel participar enviando perguntas, questionamentos e coment\u00e1rios sobre o tema para o WhatsApp (11) 97363-0844. Na ocasi\u00e3o, Camillo tamb\u00e9m ir\u00e1 atualizar os corretores sobre as lutas pol\u00edticas da entidade e iniciativas que est\u00e3o por vir.<br \/>\nO Direto &amp; Reto com Camillo \u00e9 exibido todas as \u00faltimas quartas-feiras do m\u00eas e tem como prop\u00f3sito aproximar, ainda mais, o Sincor-SP dos corretores de seguros, promovendo di\u00e1logo entre a categoria e o presidente.<\/p>\n<p><strong>Assessoria de Imprensa Sincor-SP<\/strong><\/p>\n","protected":false},"excerpt":{"rendered":"<p>Para fazer uma retrospectiva do ano e falar sobre as proje\u00e7\u00f5es para o pr\u00f3ximo per\u00edodo, a \u00faltima edi\u00e7\u00e3o de 2020 do Direto &amp; Reto com Camillo ser\u00e1 um Especial de Fim de Ano. A transmiss\u00e3o acontece no dia 25 de novembro, a partir das 10h, pelo canal da TV Sincor-SP, no YouTube. O presidente do [&hellip;]<\/p>\n","protected":false},"author":2,"featured_media":20695,"comment_status":"open","ping_status":"open","sticky":false,"template":"","format":"standard","meta":[],"categories":[376],"tags":[],"jetpack_featured_media_url":"https:\/\/insurancecorp.com.br\/pt\/wp-content\/uploads\/2020\/11\/2-25.jpg","yoast_head":"<!-- This site is optimized with the Yoast SEO plugin v14.8 - https:\/\/yoast.com\/wordpress\/plugins\/seo\/ -->\n<title>\u00daltima edi\u00e7\u00e3o de 2020 do Direto &amp; Reto com Camillo ser\u00e1 especial de fim de ano | Revista Insurance Corp | PT-BR<\/title>\n<meta name=\"robots\" content=\"index, follow\" \/>\n<meta name=\"googlebot\" content=\"index, follow, max-snippet:-1, max-image-preview:large, max-video-preview:-1\" \/>\n<meta name=\"bingbot\" content=\"index, follow, max-snippet:-1, max-image-preview:large, max-video-preview:-1\" \/>\n<link rel=\"canonical\" href=\"https:\/\/insurancecorp.com.br\/pt\/2020\/11\/24\/ultima-edicao-de-2020-do-direto-reto-com-camillo-sera-especial-de-fim-de-ano\/\" \/>\n<meta property=\"og:locale\" content=\"pt_BR\" \/>\n<meta property=\"og:type\" content=\"article\" \/>\n<meta property=\"og:title\" content=\"\u00daltima edi\u00e7\u00e3o de 2020 do Direto &amp; Reto com Camillo ser\u00e1 especial de fim de ano | Revista Insurance Corp | PT-BR\" \/>\n<meta property=\"og:description\" content=\"Para fazer uma retrospectiva do ano e falar sobre as proje\u00e7\u00f5es para o pr\u00f3ximo per\u00edodo, a \u00faltima edi\u00e7\u00e3o de 2020 do Direto &amp; Reto com Camillo ser\u00e1 um Especial de Fim de Ano. A transmiss\u00e3o acontece no dia 25 de novembro, a partir das 10h, pelo canal da TV Sincor-SP, no YouTube. O presidente do [&hellip;]\" \/>\n<meta property=\"og:url\" content=\"https:\/\/insurancecorp.com.br\/pt\/2020\/11\/24\/ultima-edicao-de-2020-do-direto-reto-com-camillo-sera-especial-de-fim-de-ano\/\" \/>\n<meta property=\"og:site_name\" content=\"Revista Insurance Corp | PT-BR\" \/>\n<meta property=\"article:publisher\" content=\"https:\/\/www.facebook.com\/RevistaInsuranceCorp\/\" \/>\n<meta property=\"article:published_time\" content=\"2020-11-24T15:30:59+00:00\" \/>\n<meta property=\"og:image\" content=\"https:\/\/insurancecorp.com.br\/pt\/wp-content\/uploads\/2020\/11\/2-25.jpg\" \/>\n\t<meta property=\"og:image:width\" content=\"790\" \/>\n\t<meta property=\"og:image:height\" content=\"444\" \/>\n<meta name=\"twitter:card\" content=\"summary\" \/>\n<script type=\"application\/ld+json\" class=\"yoast-schema-graph\">{\"@context\":\"https:\/\/schema.org\",\"@graph\":[{\"@type\":\"Organization\",\"@id\":\"https:\/\/insurancecorp.com.br\/pt\/#organization\",\"name\":\"Revista Insurance Corp\",\"url\":\"https:\/\/insurancecorp.com.br\/pt\/\",\"sameAs\":[\"https:\/\/www.facebook.com\/RevistaInsuranceCorp\/\"],\"logo\":{\"@type\":\"ImageObject\",\"@id\":\"https:\/\/insurancecorp.com.br\/pt\/#logo\",\"inLanguage\":\"pt-BR\",\"url\":\"\",\"caption\":\"Revista Insurance Corp\"},\"image\":{\"@id\":\"https:\/\/insurancecorp.com.br\/pt\/#logo\"}},{\"@type\":\"WebSite\",\"@id\":\"https:\/\/insurancecorp.com.br\/pt\/#website\",\"url\":\"https:\/\/insurancecorp.com.br\/pt\/\",\"name\":\"Revista Insurance Corp | PT-BR\",\"description\":\"A \\u00fanica revista bil\\u00edngue voltada ao mercado de seguro.\",\"publisher\":{\"@id\":\"https:\/\/insurancecorp.com.br\/pt\/#organization\"},\"potentialAction\":[{\"@type\":\"SearchAction\",\"target\":\"https:\/\/insurancecorp.com.br\/pt\/?s={search_term_string}\",\"query-input\":\"required name=search_term_string\"}],\"inLanguage\":\"pt-BR\"},{\"@type\":\"ImageObject\",\"@id\":\"https:\/\/insurancecorp.com.br\/pt\/2020\/11\/24\/ultima-edicao-de-2020-do-direto-reto-com-camillo-sera-especial-de-fim-de-ano\/#primaryimage\",\"inLanguage\":\"pt-BR\",\"url\":\"https:\/\/insurancecorp.com.br\/pt\/wp-content\/uploads\/2020\/11\/2-25.jpg\",\"width\":790,\"height\":444},{\"@type\":\"WebPage\",\"@id\":\"https:\/\/insurancecorp.com.br\/pt\/2020\/11\/24\/ultima-edicao-de-2020-do-direto-reto-com-camillo-sera-especial-de-fim-de-ano\/#webpage\",\"url\":\"https:\/\/insurancecorp.com.br\/pt\/2020\/11\/24\/ultima-edicao-de-2020-do-direto-reto-com-camillo-sera-especial-de-fim-de-ano\/\",\"name\":\"\\u00daltima edi\\u00e7\\u00e3o de 2020 do Direto & Reto com Camillo ser\\u00e1 especial de fim de ano | Revista Insurance Corp | PT-BR\",\"isPartOf\":{\"@id\":\"https:\/\/insurancecorp.com.br\/pt\/#website\"},\"primaryImageOfPage\":{\"@id\":\"https:\/\/insurancecorp.com.br\/pt\/2020\/11\/24\/ultima-edicao-de-2020-do-direto-reto-com-camillo-sera-especial-de-fim-de-ano\/#primaryimage\"},\"datePublished\":\"2020-11-24T15:30:59+00:00\",\"dateModified\":\"2020-11-24T15:30:59+00:00\",\"inLanguage\":\"pt-BR\",\"potentialAction\":[{\"@type\":\"ReadAction\",\"target\":[\"https:\/\/insurancecorp.com.br\/pt\/2020\/11\/24\/ultima-edicao-de-2020-do-direto-reto-com-camillo-sera-especial-de-fim-de-ano\/\"]}]},{\"@type\":\"Article\",\"@id\":\"https:\/\/insurancecorp.com.br\/pt\/2020\/11\/24\/ultima-edicao-de-2020-do-direto-reto-com-camillo-sera-especial-de-fim-de-ano\/#article\",\"isPartOf\":{\"@id\":\"https:\/\/insurancecorp.com.br\/pt\/2020\/11\/24\/ultima-edicao-de-2020-do-direto-reto-com-camillo-sera-especial-de-fim-de-ano\/#webpage\"},\"author\":{\"@id\":\"https:\/\/insurancecorp.com.br\/pt\/#\/schema\/person\/1b69c8cf325f0b7167f1b171f52df4af\"},\"headline\":\"\\u00daltima edi\\u00e7\\u00e3o de 2020 do Direto &#038; Reto com Camillo ser\\u00e1 especial de fim de ano\",\"datePublished\":\"2020-11-24T15:30:59+00:00\",\"dateModified\":\"2020-11-24T15:30:59+00:00\",\"mainEntityOfPage\":{\"@id\":\"https:\/\/insurancecorp.com.br\/pt\/2020\/11\/24\/ultima-edicao-de-2020-do-direto-reto-com-camillo-sera-especial-de-fim-de-ano\/#webpage\"},\"commentCount\":0,\"publisher\":{\"@id\":\"https:\/\/insurancecorp.com.br\/pt\/#organization\"},\"image\":{\"@id\":\"https:\/\/insurancecorp.com.br\/pt\/2020\/11\/24\/ultima-edicao-de-2020-do-direto-reto-com-camillo-sera-especial-de-fim-de-ano\/#primaryimage\"},\"articleSection\":\"Programa Direto e Reto\",\"inLanguage\":\"pt-BR\",\"potentialAction\":[{\"@type\":\"CommentAction\",\"name\":\"Comment\",\"target\":[\"https:\/\/insurancecorp.com.br\/pt\/2020\/11\/24\/ultima-edicao-de-2020-do-direto-reto-com-camillo-sera-especial-de-fim-de-ano\/#respond\"]}]},{\"@type\":\"Person\",\"@id\":\"https:\/\/insurancecorp.com.br\/pt\/#\/schema\/person\/1b69c8cf325f0b7167f1b171f52df4af\",\"name\":\"Publica\\u00e7\\u00e3o\",\"image\":{\"@type\":\"ImageObject\",\"@id\":\"https:\/\/insurancecorp.com.br\/pt\/#personlogo\",\"inLanguage\":\"pt-BR\",\"url\":\"https:\/\/secure.gravatar.com\/avatar\/17226f1f60486eb25d4c6b301ffed37f?s=96&d=mm&r=g\",\"caption\":\"Publica\\u00e7\\u00e3o\"}}]}<\/script>\n<!-- \/ Yoast SEO plugin. -->","_links":{"self":[{"href":"https:\/\/insurancecorp.com.br\/pt\/wp-json\/wp\/v2\/posts\/20694"}],"collection":[{"href":"https:\/\/insurancecorp.com.br\/pt\/wp-json\/wp\/v2\/posts"}],"about":[{"href":"https:\/\/insurancecorp.com.br\/pt\/wp-json\/wp\/v2\/types\/post"}],"author":[{"embeddable":true,"href":"https:\/\/insurancecorp.com.br\/pt\/wp-json\/wp\/v2\/users\/2"}],"replies":[{"embeddable":true,"href":"https:\/\/insurancecorp.com.br\/pt\/wp-json\/wp\/v2\/comments?post=20694"}],"version-history":[{"count":2,"href":"https:\/\/insurancecorp.com.br\/pt\/wp-json\/wp\/v2\/posts\/20694\/revisions"}],"predecessor-version":[{"id":20697,"href":"https:\/\/insurancecorp.com.br\/pt\/wp-json\/wp\/v2\/posts\/20694\/revisions\/20697"}],"wp:featuredmedia":[{"embeddable":true,"href":"https:\/\/insurancecorp.com.br\/pt\/wp-json\/wp\/v2\/media\/20695"}],"wp:attachment":[{"href":"https:\/\/insurancecorp.com.br\/pt\/wp-json\/wp\/v2\/media?parent=20694"}],"wp:term":[{"taxonomy":"category","embeddable":true,"href":"https:\/\/insurancecorp.com.br\/pt\/wp-json\/wp\/v2\/categories?post=20694"},{"taxonomy":"post_tag","embeddable":true,"href":"https:\/\/insurancecorp.com.br\/pt\/wp-json\/wp\/v2\/tags?post=20694"}],"curies":[{"name":"wp","href":"https:\/\/api.w.org\/{rel}","templated":true}]}}