{"id":20586,"date":"2020-11-18T18:51:03","date_gmt":"2020-11-18T21:51:03","guid":{"rendered":"https:\/\/insurancecorp.com.br\/pt\/?p=20586"},"modified":"2020-11-18T18:51:22","modified_gmt":"2020-11-18T21:51:22","slug":"forum-internacional-da-longevidade-discute-os-impactos-sociais-da-longevidade","status":"publish","type":"post","link":"https:\/\/insurancecorp.com.br\/pt\/2020\/11\/18\/forum-internacional-da-longevidade-discute-os-impactos-sociais-da-longevidade\/","title":{"rendered":"F\u00f3rum Internacional da Longevidade discute os Impactos Sociais  da Longevidade"},"content":{"rendered":"<p>Nesta quinta-feira (19), \u00e0s 11h, acontece o terceiro ciclo de palestras do F\u00f3rum Internacional da Longevidade Bradesco Seguros, organizado pelo Centro Internacional de Longevidade Brasil (ILC-BR), ocorrido ao longo de todo o m\u00eas de novembro.<\/p>\n<p>Com o tema &#8220;Impactos Sociais da Revolu\u00e7\u00e3o da Longevidade&#8221;, o encontro contar\u00e1 com media\u00e7\u00e3o de Alexandre Kalache, Presidente do Centro Internacional de Longevidade Brasil (ILC-BR) e Consultor de Longevidade da Bradesco Seguros, e a participa\u00e7\u00e3o de Ana Am\u00e9lia Camarano, Economista do Instituto de Pesquisa Econ\u00f4mica Aplicada (Ipea) e Membro do Conselho do ILC-BR; Morris Litivak, MaturiJobs, S\u00e3o Paulo, ILC-BR\/Ponto Focal Tem\u00e1tico (Trabalho e Empregabilidade); Daniele Vieira, Universidade Federal Rural de Pernambuco (UFRPE), Recife, ILC-BR\/Ponto Focal Tem\u00e1tico (Aprendizagem ao Longo da Vida), e coment\u00e1rios de Anita Neri, Professora Titular do Departamento de Psicologia, UNICAMP, ILC-BR\/Ponto Focal (Idadismo).<\/p>\n<p>Aberta ao p\u00fablico, a live ser\u00e1 transmitida pela plataforma da seguradora Livebseguros.com.br. O \u00faltimo encontro acontecer\u00e1 em 26 de novembro e ter\u00e1 o tema \u2018Como Ser\u00e1 o Futuro?\u2019<\/p>\n<p><strong>Ideal H+K Strategies <\/strong><\/p>\n","protected":false},"excerpt":{"rendered":"<p>Nesta quinta-feira (19), \u00e0s 11h, acontece o terceiro ciclo de palestras do F\u00f3rum Internacional da Longevidade Bradesco Seguros, organizado pelo Centro Internacional de Longevidade Brasil (ILC-BR), ocorrido ao longo de todo o m\u00eas de novembro. Com o tema &#8220;Impactos Sociais da Revolu\u00e7\u00e3o da Longevidade&#8221;, o encontro contar\u00e1 com media\u00e7\u00e3o de Alexandre Kalache, Presidente do Centro [&hellip;]<\/p>\n","protected":false},"author":2,"featured_media":20587,"comment_status":"open","ping_status":"open","sticky":false,"template":"","format":"standard","meta":[],"categories":[413],"tags":[],"jetpack_featured_media_url":"https:\/\/insurancecorp.com.br\/pt\/wp-content\/uploads\/2020\/11\/abecor-7.png","yoast_head":"<!-- This site is optimized with the Yoast SEO plugin v14.8 - https:\/\/yoast.com\/wordpress\/plugins\/seo\/ -->\n<title>F\u00f3rum Internacional da Longevidade discute os Impactos Sociais da Longevidade | Revista Insurance Corp | PT-BR<\/title>\n<meta name=\"robots\" content=\"index, follow\" \/>\n<meta name=\"googlebot\" content=\"index, follow, max-snippet:-1, max-image-preview:large, max-video-preview:-1\" \/>\n<meta name=\"bingbot\" content=\"index, follow, max-snippet:-1, max-image-preview:large, max-video-preview:-1\" \/>\n<link rel=\"canonical\" href=\"https:\/\/insurancecorp.com.br\/pt\/2020\/11\/18\/forum-internacional-da-longevidade-discute-os-impactos-sociais-da-longevidade\/\" \/>\n<meta property=\"og:locale\" content=\"pt_BR\" \/>\n<meta property=\"og:type\" content=\"article\" \/>\n<meta property=\"og:title\" content=\"F\u00f3rum Internacional da Longevidade discute os Impactos Sociais da Longevidade | Revista Insurance Corp | PT-BR\" \/>\n<meta property=\"og:description\" content=\"Nesta quinta-feira (19), \u00e0s 11h, acontece o terceiro ciclo de palestras do F\u00f3rum Internacional da Longevidade Bradesco Seguros, organizado pelo Centro Internacional de Longevidade Brasil (ILC-BR), ocorrido ao longo de todo o m\u00eas de novembro. Com o tema &#8220;Impactos Sociais da Revolu\u00e7\u00e3o da Longevidade&#8221;, o encontro contar\u00e1 com media\u00e7\u00e3o de Alexandre Kalache, Presidente do Centro [&hellip;]\" \/>\n<meta property=\"og:url\" content=\"https:\/\/insurancecorp.com.br\/pt\/2020\/11\/18\/forum-internacional-da-longevidade-discute-os-impactos-sociais-da-longevidade\/\" \/>\n<meta property=\"og:site_name\" content=\"Revista Insurance Corp | PT-BR\" \/>\n<meta property=\"article:publisher\" content=\"https:\/\/www.facebook.com\/RevistaInsuranceCorp\/\" \/>\n<meta property=\"article:published_time\" content=\"2020-11-18T21:51:03+00:00\" \/>\n<meta property=\"article:modified_time\" content=\"2020-11-18T21:51:22+00:00\" \/>\n<meta property=\"og:image\" content=\"https:\/\/insurancecorp.com.br\/pt\/wp-content\/uploads\/2020\/11\/abecor-7.png\" \/>\n\t<meta property=\"og:image:width\" content=\"4096\" \/>\n\t<meta property=\"og:image:height\" content=\"1573\" \/>\n<meta name=\"twitter:card\" content=\"summary\" \/>\n<script type=\"application\/ld+json\" class=\"yoast-schema-graph\">{\"@context\":\"https:\/\/schema.org\",\"@graph\":[{\"@type\":\"Organization\",\"@id\":\"https:\/\/insurancecorp.com.br\/pt\/#organization\",\"name\":\"Revista Insurance Corp\",\"url\":\"https:\/\/insurancecorp.com.br\/pt\/\",\"sameAs\":[\"https:\/\/www.facebook.com\/RevistaInsuranceCorp\/\"],\"logo\":{\"@type\":\"ImageObject\",\"@id\":\"https:\/\/insurancecorp.com.br\/pt\/#logo\",\"inLanguage\":\"pt-BR\",\"url\":\"\",\"caption\":\"Revista Insurance Corp\"},\"image\":{\"@id\":\"https:\/\/insurancecorp.com.br\/pt\/#logo\"}},{\"@type\":\"WebSite\",\"@id\":\"https:\/\/insurancecorp.com.br\/pt\/#website\",\"url\":\"https:\/\/insurancecorp.com.br\/pt\/\",\"name\":\"Revista Insurance Corp | PT-BR\",\"description\":\"A \\u00fanica revista bil\\u00edngue voltada ao mercado de seguro.\",\"publisher\":{\"@id\":\"https:\/\/insurancecorp.com.br\/pt\/#organization\"},\"potentialAction\":[{\"@type\":\"SearchAction\",\"target\":\"https:\/\/insurancecorp.com.br\/pt\/?s={search_term_string}\",\"query-input\":\"required name=search_term_string\"}],\"inLanguage\":\"pt-BR\"},{\"@type\":\"ImageObject\",\"@id\":\"https:\/\/insurancecorp.com.br\/pt\/2020\/11\/18\/forum-internacional-da-longevidade-discute-os-impactos-sociais-da-longevidade\/#primaryimage\",\"inLanguage\":\"pt-BR\",\"url\":\"https:\/\/insurancecorp.com.br\/pt\/wp-content\/uploads\/2020\/11\/abecor-7.png\",\"width\":4096,\"height\":1573},{\"@type\":\"WebPage\",\"@id\":\"https:\/\/insurancecorp.com.br\/pt\/2020\/11\/18\/forum-internacional-da-longevidade-discute-os-impactos-sociais-da-longevidade\/#webpage\",\"url\":\"https:\/\/insurancecorp.com.br\/pt\/2020\/11\/18\/forum-internacional-da-longevidade-discute-os-impactos-sociais-da-longevidade\/\",\"name\":\"F\\u00f3rum Internacional da Longevidade discute os Impactos Sociais da Longevidade | Revista Insurance Corp | PT-BR\",\"isPartOf\":{\"@id\":\"https:\/\/insurancecorp.com.br\/pt\/#website\"},\"primaryImageOfPage\":{\"@id\":\"https:\/\/insurancecorp.com.br\/pt\/2020\/11\/18\/forum-internacional-da-longevidade-discute-os-impactos-sociais-da-longevidade\/#primaryimage\"},\"datePublished\":\"2020-11-18T21:51:03+00:00\",\"dateModified\":\"2020-11-18T21:51:22+00:00\",\"inLanguage\":\"pt-BR\",\"potentialAction\":[{\"@type\":\"ReadAction\",\"target\":[\"https:\/\/insurancecorp.com.br\/pt\/2020\/11\/18\/forum-internacional-da-longevidade-discute-os-impactos-sociais-da-longevidade\/\"]}]},{\"@type\":\"Article\",\"@id\":\"https:\/\/insurancecorp.com.br\/pt\/2020\/11\/18\/forum-internacional-da-longevidade-discute-os-impactos-sociais-da-longevidade\/#article\",\"isPartOf\":{\"@id\":\"https:\/\/insurancecorp.com.br\/pt\/2020\/11\/18\/forum-internacional-da-longevidade-discute-os-impactos-sociais-da-longevidade\/#webpage\"},\"author\":{\"@id\":\"https:\/\/insurancecorp.com.br\/pt\/#\/schema\/person\/1b69c8cf325f0b7167f1b171f52df4af\"},\"headline\":\"F\\u00f3rum Internacional da Longevidade discute os Impactos Sociais da Longevidade\",\"datePublished\":\"2020-11-18T21:51:03+00:00\",\"dateModified\":\"2020-11-18T21:51:22+00:00\",\"mainEntityOfPage\":{\"@id\":\"https:\/\/insurancecorp.com.br\/pt\/2020\/11\/18\/forum-internacional-da-longevidade-discute-os-impactos-sociais-da-longevidade\/#webpage\"},\"commentCount\":0,\"publisher\":{\"@id\":\"https:\/\/insurancecorp.com.br\/pt\/#organization\"},\"image\":{\"@id\":\"https:\/\/insurancecorp.com.br\/pt\/2020\/11\/18\/forum-internacional-da-longevidade-discute-os-impactos-sociais-da-longevidade\/#primaryimage\"},\"articleSection\":\"Bradesco Seguros\",\"inLanguage\":\"pt-BR\",\"potentialAction\":[{\"@type\":\"CommentAction\",\"name\":\"Comment\",\"target\":[\"https:\/\/insurancecorp.com.br\/pt\/2020\/11\/18\/forum-internacional-da-longevidade-discute-os-impactos-sociais-da-longevidade\/#respond\"]}]},{\"@type\":\"Person\",\"@id\":\"https:\/\/insurancecorp.com.br\/pt\/#\/schema\/person\/1b69c8cf325f0b7167f1b171f52df4af\",\"name\":\"Publica\\u00e7\\u00e3o\",\"image\":{\"@type\":\"ImageObject\",\"@id\":\"https:\/\/insurancecorp.com.br\/pt\/#personlogo\",\"inLanguage\":\"pt-BR\",\"url\":\"https:\/\/secure.gravatar.com\/avatar\/17226f1f60486eb25d4c6b301ffed37f?s=96&d=mm&r=g\",\"caption\":\"Publica\\u00e7\\u00e3o\"}}]}<\/script>\n<!-- \/ Yoast SEO plugin. -->","_links":{"self":[{"href":"https:\/\/insurancecorp.com.br\/pt\/wp-json\/wp\/v2\/posts\/20586"}],"collection":[{"href":"https:\/\/insurancecorp.com.br\/pt\/wp-json\/wp\/v2\/posts"}],"about":[{"href":"https:\/\/insurancecorp.com.br\/pt\/wp-json\/wp\/v2\/types\/post"}],"author":[{"embeddable":true,"href":"https:\/\/insurancecorp.com.br\/pt\/wp-json\/wp\/v2\/users\/2"}],"replies":[{"embeddable":true,"href":"https:\/\/insurancecorp.com.br\/pt\/wp-json\/wp\/v2\/comments?post=20586"}],"version-history":[{"count":2,"href":"https:\/\/insurancecorp.com.br\/pt\/wp-json\/wp\/v2\/posts\/20586\/revisions"}],"predecessor-version":[{"id":20589,"href":"https:\/\/insurancecorp.com.br\/pt\/wp-json\/wp\/v2\/posts\/20586\/revisions\/20589"}],"wp:featuredmedia":[{"embeddable":true,"href":"https:\/\/insurancecorp.com.br\/pt\/wp-json\/wp\/v2\/media\/20587"}],"wp:attachment":[{"href":"https:\/\/insurancecorp.com.br\/pt\/wp-json\/wp\/v2\/media?parent=20586"}],"wp:term":[{"taxonomy":"category","embeddable":true,"href":"https:\/\/insurancecorp.com.br\/pt\/wp-json\/wp\/v2\/categories?post=20586"},{"taxonomy":"post_tag","embeddable":true,"href":"https:\/\/insurancecorp.com.br\/pt\/wp-json\/wp\/v2\/tags?post=20586"}],"curies":[{"name":"wp","href":"https:\/\/api.w.org\/{rel}","templated":true}]}}