{"id":20556,"date":"2020-11-18T12:02:49","date_gmt":"2020-11-18T15:02:49","guid":{"rendered":"https:\/\/insurancecorp.com.br\/pt\/?p=20556"},"modified":"2020-11-18T12:10:34","modified_gmt":"2020-11-18T15:10:34","slug":"transformacao-digital-e-tema-de-encontro-promovido-pela-bradesco-seguros","status":"publish","type":"post","link":"https:\/\/insurancecorp.com.br\/pt\/2020\/11\/18\/transformacao-digital-e-tema-de-encontro-promovido-pela-bradesco-seguros\/","title":{"rendered":"Transforma\u00e7\u00e3o digital \u00e9 tema de encontro promovido pela Bradesco Seguros"},"content":{"rendered":"<p>Quais s\u00e3o os caminhos para estimular a inova\u00e7\u00e3o dentro das grandes corpora\u00e7\u00f5es? Esse \u00e9 um dos pontos centrais do terceiro painel sobre cultura de inova\u00e7\u00e3o promovido Bradesco Seguros. O evento \u2013 que ser\u00e1 transmitido pela plataforma &#8211; livebs.com.br e pelo canal oficial da seguradora no YouTube \u2013 acontecer\u00e1 no dia 19 de novembro, \u00e0s 15h, e ter\u00e1 como tema \u201cA Cultura da Inova\u00e7\u00e3o e o Processo de Transforma\u00e7\u00e3o Corporativa\u201d. No encontro, estar\u00e3o presentes Leonardo de Freitas &#8211; Diretor de Organiza\u00e7\u00e3o e Vendas do Grupo Bradesco Seguros; Renato Castelo &#8211; Head de SMB da Gympass; Luiz Serafim &#8211; Head de Marketing, E-commerce e Insights da 3M e Andr\u00e9 Sena &#8211; Chief Digital &amp; Comercial Officer Accor Am\u00e9rica do Sul. A mesa ser\u00e1 mediada por Silvio Meira \u2013 Cientista-chefe da The Digital Strategy Company.<br \/>\nO objetivo \u00e9 refletir como as empresas fazem para estimular a inova\u00e7\u00e3o, muitas vezes precisando transformar a cultura corporativa para se tornar mais aberta \u00e0 participa\u00e7\u00e3o dos colaboradores e para promover liberdade a explorar novas \u00e1reas. Os l\u00edderes tamb\u00e9m pretendem mostrar como o profissional moderno \u00e9 cada vez mais multidisciplinar e precisa estar pronto para mudan\u00e7as e desafios envolvendo novos escopos e entregas.<br \/>\nO encontro \u00e9 aberto ao p\u00fablico. Em dezembro, acontecer\u00e1 a quarta mesa redonda, com o tema \u201dInova\u00e7\u00e3o como mecanismo de inclus\u00e3o\u201d.<\/p>\n<p><strong>Ideal H+K Strategies<\/strong><\/p>\n","protected":false},"excerpt":{"rendered":"<p>Quais s\u00e3o os caminhos para estimular a inova\u00e7\u00e3o dentro das grandes corpora\u00e7\u00f5es? Esse \u00e9 um dos pontos centrais do terceiro painel sobre cultura de inova\u00e7\u00e3o promovido Bradesco Seguros. O evento \u2013 que ser\u00e1 transmitido pela plataforma &#8211; livebs.com.br e pelo canal oficial da seguradora no YouTube \u2013 acontecer\u00e1 no dia 19 de novembro, \u00e0s 15h, [&hellip;]<\/p>\n","protected":false},"author":2,"featured_media":20557,"comment_status":"open","ping_status":"open","sticky":false,"template":"","format":"standard","meta":[],"categories":[413],"tags":[],"jetpack_featured_media_url":"https:\/\/insurancecorp.com.br\/pt\/wp-content\/uploads\/2020\/11\/abecor-3.png","yoast_head":"<!-- This site is optimized with the Yoast SEO plugin v14.8 - https:\/\/yoast.com\/wordpress\/plugins\/seo\/ -->\n<title>Transforma\u00e7\u00e3o digital \u00e9 tema de encontro promovido pela Bradesco Seguros | Revista Insurance Corp | PT-BR<\/title>\n<meta name=\"robots\" content=\"index, follow\" \/>\n<meta name=\"googlebot\" content=\"index, follow, max-snippet:-1, max-image-preview:large, max-video-preview:-1\" \/>\n<meta name=\"bingbot\" content=\"index, follow, max-snippet:-1, max-image-preview:large, max-video-preview:-1\" \/>\n<link rel=\"canonical\" href=\"https:\/\/insurancecorp.com.br\/pt\/2020\/11\/18\/transformacao-digital-e-tema-de-encontro-promovido-pela-bradesco-seguros\/\" \/>\n<meta property=\"og:locale\" content=\"pt_BR\" \/>\n<meta property=\"og:type\" content=\"article\" \/>\n<meta property=\"og:title\" content=\"Transforma\u00e7\u00e3o digital \u00e9 tema de encontro promovido pela Bradesco Seguros | Revista Insurance Corp | PT-BR\" \/>\n<meta property=\"og:description\" content=\"Quais s\u00e3o os caminhos para estimular a inova\u00e7\u00e3o dentro das grandes corpora\u00e7\u00f5es? Esse \u00e9 um dos pontos centrais do terceiro painel sobre cultura de inova\u00e7\u00e3o promovido Bradesco Seguros. O evento \u2013 que ser\u00e1 transmitido pela plataforma &#8211; livebs.com.br e pelo canal oficial da seguradora no YouTube \u2013 acontecer\u00e1 no dia 19 de novembro, \u00e0s 15h, [&hellip;]\" \/>\n<meta property=\"og:url\" content=\"https:\/\/insurancecorp.com.br\/pt\/2020\/11\/18\/transformacao-digital-e-tema-de-encontro-promovido-pela-bradesco-seguros\/\" \/>\n<meta property=\"og:site_name\" content=\"Revista Insurance Corp | PT-BR\" \/>\n<meta property=\"article:publisher\" content=\"https:\/\/www.facebook.com\/RevistaInsuranceCorp\/\" \/>\n<meta property=\"article:published_time\" content=\"2020-11-18T15:02:49+00:00\" \/>\n<meta property=\"article:modified_time\" content=\"2020-11-18T15:10:34+00:00\" \/>\n<meta property=\"og:image\" content=\"https:\/\/insurancecorp.com.br\/pt\/wp-content\/uploads\/2020\/11\/abecor-3.png\" \/>\n\t<meta property=\"og:image:width\" content=\"225\" \/>\n\t<meta property=\"og:image:height\" content=\"225\" \/>\n<meta name=\"twitter:card\" content=\"summary\" \/>\n<script type=\"application\/ld+json\" class=\"yoast-schema-graph\">{\"@context\":\"https:\/\/schema.org\",\"@graph\":[{\"@type\":\"Organization\",\"@id\":\"https:\/\/insurancecorp.com.br\/pt\/#organization\",\"name\":\"Revista Insurance Corp\",\"url\":\"https:\/\/insurancecorp.com.br\/pt\/\",\"sameAs\":[\"https:\/\/www.facebook.com\/RevistaInsuranceCorp\/\"],\"logo\":{\"@type\":\"ImageObject\",\"@id\":\"https:\/\/insurancecorp.com.br\/pt\/#logo\",\"inLanguage\":\"pt-BR\",\"url\":\"\",\"caption\":\"Revista Insurance Corp\"},\"image\":{\"@id\":\"https:\/\/insurancecorp.com.br\/pt\/#logo\"}},{\"@type\":\"WebSite\",\"@id\":\"https:\/\/insurancecorp.com.br\/pt\/#website\",\"url\":\"https:\/\/insurancecorp.com.br\/pt\/\",\"name\":\"Revista Insurance Corp | PT-BR\",\"description\":\"A \\u00fanica revista bil\\u00edngue voltada ao mercado de seguro.\",\"publisher\":{\"@id\":\"https:\/\/insurancecorp.com.br\/pt\/#organization\"},\"potentialAction\":[{\"@type\":\"SearchAction\",\"target\":\"https:\/\/insurancecorp.com.br\/pt\/?s={search_term_string}\",\"query-input\":\"required name=search_term_string\"}],\"inLanguage\":\"pt-BR\"},{\"@type\":\"ImageObject\",\"@id\":\"https:\/\/insurancecorp.com.br\/pt\/2020\/11\/18\/transformacao-digital-e-tema-de-encontro-promovido-pela-bradesco-seguros\/#primaryimage\",\"inLanguage\":\"pt-BR\",\"url\":\"https:\/\/insurancecorp.com.br\/pt\/wp-content\/uploads\/2020\/11\/abecor-3.png\",\"width\":225,\"height\":225},{\"@type\":\"WebPage\",\"@id\":\"https:\/\/insurancecorp.com.br\/pt\/2020\/11\/18\/transformacao-digital-e-tema-de-encontro-promovido-pela-bradesco-seguros\/#webpage\",\"url\":\"https:\/\/insurancecorp.com.br\/pt\/2020\/11\/18\/transformacao-digital-e-tema-de-encontro-promovido-pela-bradesco-seguros\/\",\"name\":\"Transforma\\u00e7\\u00e3o digital \\u00e9 tema de encontro promovido pela Bradesco Seguros | Revista Insurance Corp | PT-BR\",\"isPartOf\":{\"@id\":\"https:\/\/insurancecorp.com.br\/pt\/#website\"},\"primaryImageOfPage\":{\"@id\":\"https:\/\/insurancecorp.com.br\/pt\/2020\/11\/18\/transformacao-digital-e-tema-de-encontro-promovido-pela-bradesco-seguros\/#primaryimage\"},\"datePublished\":\"2020-11-18T15:02:49+00:00\",\"dateModified\":\"2020-11-18T15:10:34+00:00\",\"inLanguage\":\"pt-BR\",\"potentialAction\":[{\"@type\":\"ReadAction\",\"target\":[\"https:\/\/insurancecorp.com.br\/pt\/2020\/11\/18\/transformacao-digital-e-tema-de-encontro-promovido-pela-bradesco-seguros\/\"]}]},{\"@type\":\"Article\",\"@id\":\"https:\/\/insurancecorp.com.br\/pt\/2020\/11\/18\/transformacao-digital-e-tema-de-encontro-promovido-pela-bradesco-seguros\/#article\",\"isPartOf\":{\"@id\":\"https:\/\/insurancecorp.com.br\/pt\/2020\/11\/18\/transformacao-digital-e-tema-de-encontro-promovido-pela-bradesco-seguros\/#webpage\"},\"author\":{\"@id\":\"https:\/\/insurancecorp.com.br\/pt\/#\/schema\/person\/1b69c8cf325f0b7167f1b171f52df4af\"},\"headline\":\"Transforma\\u00e7\\u00e3o digital \\u00e9 tema de encontro promovido pela Bradesco Seguros\",\"datePublished\":\"2020-11-18T15:02:49+00:00\",\"dateModified\":\"2020-11-18T15:10:34+00:00\",\"mainEntityOfPage\":{\"@id\":\"https:\/\/insurancecorp.com.br\/pt\/2020\/11\/18\/transformacao-digital-e-tema-de-encontro-promovido-pela-bradesco-seguros\/#webpage\"},\"commentCount\":0,\"publisher\":{\"@id\":\"https:\/\/insurancecorp.com.br\/pt\/#organization\"},\"image\":{\"@id\":\"https:\/\/insurancecorp.com.br\/pt\/2020\/11\/18\/transformacao-digital-e-tema-de-encontro-promovido-pela-bradesco-seguros\/#primaryimage\"},\"articleSection\":\"Bradesco Seguros\",\"inLanguage\":\"pt-BR\",\"potentialAction\":[{\"@type\":\"CommentAction\",\"name\":\"Comment\",\"target\":[\"https:\/\/insurancecorp.com.br\/pt\/2020\/11\/18\/transformacao-digital-e-tema-de-encontro-promovido-pela-bradesco-seguros\/#respond\"]}]},{\"@type\":\"Person\",\"@id\":\"https:\/\/insurancecorp.com.br\/pt\/#\/schema\/person\/1b69c8cf325f0b7167f1b171f52df4af\",\"name\":\"Publica\\u00e7\\u00e3o\",\"image\":{\"@type\":\"ImageObject\",\"@id\":\"https:\/\/insurancecorp.com.br\/pt\/#personlogo\",\"inLanguage\":\"pt-BR\",\"url\":\"https:\/\/secure.gravatar.com\/avatar\/17226f1f60486eb25d4c6b301ffed37f?s=96&d=mm&r=g\",\"caption\":\"Publica\\u00e7\\u00e3o\"}}]}<\/script>\n<!-- \/ Yoast SEO plugin. -->","_links":{"self":[{"href":"https:\/\/insurancecorp.com.br\/pt\/wp-json\/wp\/v2\/posts\/20556"}],"collection":[{"href":"https:\/\/insurancecorp.com.br\/pt\/wp-json\/wp\/v2\/posts"}],"about":[{"href":"https:\/\/insurancecorp.com.br\/pt\/wp-json\/wp\/v2\/types\/post"}],"author":[{"embeddable":true,"href":"https:\/\/insurancecorp.com.br\/pt\/wp-json\/wp\/v2\/users\/2"}],"replies":[{"embeddable":true,"href":"https:\/\/insurancecorp.com.br\/pt\/wp-json\/wp\/v2\/comments?post=20556"}],"version-history":[{"count":1,"href":"https:\/\/insurancecorp.com.br\/pt\/wp-json\/wp\/v2\/posts\/20556\/revisions"}],"predecessor-version":[{"id":20558,"href":"https:\/\/insurancecorp.com.br\/pt\/wp-json\/wp\/v2\/posts\/20556\/revisions\/20558"}],"wp:featuredmedia":[{"embeddable":true,"href":"https:\/\/insurancecorp.com.br\/pt\/wp-json\/wp\/v2\/media\/20557"}],"wp:attachment":[{"href":"https:\/\/insurancecorp.com.br\/pt\/wp-json\/wp\/v2\/media?parent=20556"}],"wp:term":[{"taxonomy":"category","embeddable":true,"href":"https:\/\/insurancecorp.com.br\/pt\/wp-json\/wp\/v2\/categories?post=20556"},{"taxonomy":"post_tag","embeddable":true,"href":"https:\/\/insurancecorp.com.br\/pt\/wp-json\/wp\/v2\/tags?post=20556"}],"curies":[{"name":"wp","href":"https:\/\/api.w.org\/{rel}","templated":true}]}}