{"id":20517,"date":"2020-11-17T16:12:04","date_gmt":"2020-11-17T19:12:04","guid":{"rendered":"https:\/\/insurancecorp.com.br\/pt\/?p=20517"},"modified":"2020-11-17T16:12:04","modified_gmt":"2020-11-17T19:12:04","slug":"bradesco-seguros-apresenta-ofertas-especiais-para-a-black-friday","status":"publish","type":"post","link":"https:\/\/insurancecorp.com.br\/pt\/2020\/11\/17\/bradesco-seguros-apresenta-ofertas-especiais-para-a-black-friday\/","title":{"rendered":"Bradesco Seguros apresenta ofertas especiais para a Black Friday"},"content":{"rendered":"<p>Com presen\u00e7a em todo o territ\u00f3rio nacional e com atua\u00e7\u00e3o multilinha nos segmentos de Seguros, Capitaliza\u00e7\u00e3o e Previd\u00eancia, o Grupo Bradesco Seguros anuncia suas ofertas para a Black Friday 2020. Em sua 5\u00aa participa\u00e7\u00e3o, a companhia preparou ofertas variadas para o ramo de seguros, com condi\u00e7\u00f5es especiais de contrata\u00e7\u00e3o v\u00e1lidas at\u00e9 27 de novembro.<br \/>\nDe acordo com o Leonardo de Freitas &#8211; Diretor da Organiza\u00e7\u00e3o de Vendas da Bradesco Seguros, a pandemia acelerou a vis\u00e3o de consumo das pessoas, o que fez com os usu\u00e1rios contratassem produtos e servi\u00e7os de maneira mais pr\u00e1tica, segura e vers\u00e1til. &#8220;Com a intensifica\u00e7\u00e3o do processo de digitaliza\u00e7\u00e3o, a Black Friday contar\u00e1 com a ader\u00eancia de novos participantes neste ano. Nosso objetivo \u00e9 ampliar a oferta de prote\u00e7\u00e3o e longevidade financeira em um momento t\u00e3o importante como este que estamos vivendo&#8221;, destaca o executivo.<br \/>\nO Grupo Segurador enxerga a Black Friday como mais uma oportunidade para despertar a consci\u00eancia para gest\u00e3o de riscos e planejamento financeiro nas pessoas. &#8220;Tivemos um aumento da conscientiza\u00e7\u00e3o das pessoas sobre a import\u00e2ncia de assumir e zelar pela dire\u00e7\u00e3o do seu pr\u00f3prio futuro financeiro&#8221;, revela Freitas.<br \/>\nDe acordo com um estudo recente do Google, a Black Friday segue relevante para as diferentes movimenta\u00e7\u00f5es de consumo. A expectativa para 2020 \u00e9 de descontos com grandes oportunidades. O estudo refor\u00e7a que a previs\u00e3o ser\u00e1 menos consumismo e sim mais sobre bons neg\u00f3cios, o que indica que os brasileiros far\u00e3o um planejamento mais adequado, estar\u00e3o mais abertos a experimentar e mais conscientes de suas prioridades e necessidades.<br \/>\nConfira os produtos que participam da <strong>Black Friday do Grupo Bradesco Seguros:<\/strong><br \/>\nCapitaliza\u00e7\u00e3o<br \/>\nClube Max Pontos Bradesco, a cada R? 1,00 em t\u00edtulos de capitaliza\u00e7\u00e3o, voc\u00ea ganha 2 pontos Livelo + 20% de desconto no cat\u00e1logo exclusivo utilizando o cupom BFCLUBEMAX.<br \/>\n*Acesse: livelo.com.br\/bfclubemax<br \/>\nPrevid\u00eancia Privada<br \/>\nInvista nos fundos com valor reduzido, a partir de R? 50,00;<br \/>\nPlanos individuais da grade ativa do Varejo\/Prime;<br \/>\n*No site da Bradesco Seguros, \u00e9 poss\u00edvel fazer a simula\u00e7\u00e3o dos planos.<br \/>\nAuto<br \/>\nAuto light com 30% de desconto.<br \/>\nVida<br \/>\nAssist\u00eancia Residencial completa + Assist\u00eancia Sustentabilidade por 12 meses na aquisi\u00e7\u00e3o do Meu Seguro Bradesco e Top Clube Bradesco na modalidade mensal.<br \/>\nSa\u00fade<br \/>\nSPG Sa\u00fade com 50% de desconto na 2\u00aa fatura (de 3 a 199 vidas).<br \/>\nDental<br \/>\nDental SPG com 50% de desconto na 2\u00aa fatura (de 3 a 199 vidas) e pre\u00e7os promocionais para o Plano Padr\u00e3o Doc (30 a 99 vidas).<br \/>\nDental PF<br \/>\nCar\u00eancia Zero na aquisi\u00e7\u00e3o do Dental Anual PF (Planos: Dental Ideal DOC);<br \/>\nCar\u00eancia Reduzida (30 dias cl\u00ednica geral e 90 dias pr\u00f3tese) no Dental Mensal PF (Planos: Dental Ideal e DOC).<br \/>\nSwiss Re<br \/>\n*15% de desconto no Seguro Caf\u00e9 Granizo;<br \/>\n*15% de desconto no Seguro Caf\u00e9 Granizo Custeio;<br \/>\n*15% de desconto no Seguro Pecu\u00e1rio Simplificado;<br \/>\n<strong>*Acesse o regulamento das promo\u00e7\u00f5es em bradescoseguros.com.br\/blackfriday<\/strong><\/p>\n<p><strong>Ideal H+K Strategies <\/strong><\/p>\n","protected":false},"excerpt":{"rendered":"<p>Com presen\u00e7a em todo o territ\u00f3rio nacional e com atua\u00e7\u00e3o multilinha nos segmentos de Seguros, Capitaliza\u00e7\u00e3o e Previd\u00eancia, o Grupo Bradesco Seguros anuncia suas ofertas para a Black Friday 2020. Em sua 5\u00aa participa\u00e7\u00e3o, a companhia preparou ofertas variadas para o ramo de seguros, com condi\u00e7\u00f5es especiais de contrata\u00e7\u00e3o v\u00e1lidas at\u00e9 27 de novembro. De [&hellip;]<\/p>\n","protected":false},"author":2,"featured_media":20518,"comment_status":"open","ping_status":"open","sticky":false,"template":"","format":"standard","meta":[],"categories":[413],"tags":[],"jetpack_featured_media_url":"https:\/\/insurancecorp.com.br\/pt\/wp-content\/uploads\/2020\/11\/2-8.jpg","yoast_head":"<!-- This site is optimized with the Yoast SEO plugin v14.8 - https:\/\/yoast.com\/wordpress\/plugins\/seo\/ -->\n<title>Bradesco Seguros apresenta ofertas especiais para a Black Friday | Revista Insurance Corp | PT-BR<\/title>\n<meta name=\"robots\" content=\"index, follow\" \/>\n<meta name=\"googlebot\" content=\"index, follow, max-snippet:-1, max-image-preview:large, max-video-preview:-1\" \/>\n<meta name=\"bingbot\" content=\"index, follow, max-snippet:-1, max-image-preview:large, max-video-preview:-1\" \/>\n<link rel=\"canonical\" href=\"https:\/\/insurancecorp.com.br\/pt\/2020\/11\/17\/bradesco-seguros-apresenta-ofertas-especiais-para-a-black-friday\/\" \/>\n<meta property=\"og:locale\" content=\"pt_BR\" \/>\n<meta property=\"og:type\" content=\"article\" \/>\n<meta property=\"og:title\" content=\"Bradesco Seguros apresenta ofertas especiais para a Black Friday | Revista Insurance Corp | PT-BR\" \/>\n<meta property=\"og:description\" content=\"Com presen\u00e7a em todo o territ\u00f3rio nacional e com atua\u00e7\u00e3o multilinha nos segmentos de Seguros, Capitaliza\u00e7\u00e3o e Previd\u00eancia, o Grupo Bradesco Seguros anuncia suas ofertas para a Black Friday 2020. Em sua 5\u00aa participa\u00e7\u00e3o, a companhia preparou ofertas variadas para o ramo de seguros, com condi\u00e7\u00f5es especiais de contrata\u00e7\u00e3o v\u00e1lidas at\u00e9 27 de novembro. De [&hellip;]\" \/>\n<meta property=\"og:url\" content=\"https:\/\/insurancecorp.com.br\/pt\/2020\/11\/17\/bradesco-seguros-apresenta-ofertas-especiais-para-a-black-friday\/\" \/>\n<meta property=\"og:site_name\" content=\"Revista Insurance Corp | PT-BR\" \/>\n<meta property=\"article:publisher\" content=\"https:\/\/www.facebook.com\/RevistaInsuranceCorp\/\" \/>\n<meta property=\"article:published_time\" content=\"2020-11-17T19:12:04+00:00\" \/>\n<meta property=\"og:image\" content=\"https:\/\/insurancecorp.com.br\/pt\/wp-content\/uploads\/2020\/11\/2-8.jpg\" \/>\n\t<meta property=\"og:image:width\" content=\"900\" \/>\n\t<meta property=\"og:image:height\" content=\"346\" \/>\n<meta name=\"twitter:card\" content=\"summary\" \/>\n<script type=\"application\/ld+json\" class=\"yoast-schema-graph\">{\"@context\":\"https:\/\/schema.org\",\"@graph\":[{\"@type\":\"Organization\",\"@id\":\"https:\/\/insurancecorp.com.br\/pt\/#organization\",\"name\":\"Revista Insurance Corp\",\"url\":\"https:\/\/insurancecorp.com.br\/pt\/\",\"sameAs\":[\"https:\/\/www.facebook.com\/RevistaInsuranceCorp\/\"],\"logo\":{\"@type\":\"ImageObject\",\"@id\":\"https:\/\/insurancecorp.com.br\/pt\/#logo\",\"inLanguage\":\"pt-BR\",\"url\":\"\",\"caption\":\"Revista Insurance Corp\"},\"image\":{\"@id\":\"https:\/\/insurancecorp.com.br\/pt\/#logo\"}},{\"@type\":\"WebSite\",\"@id\":\"https:\/\/insurancecorp.com.br\/pt\/#website\",\"url\":\"https:\/\/insurancecorp.com.br\/pt\/\",\"name\":\"Revista Insurance Corp | PT-BR\",\"description\":\"A \\u00fanica revista bil\\u00edngue voltada ao mercado de seguro.\",\"publisher\":{\"@id\":\"https:\/\/insurancecorp.com.br\/pt\/#organization\"},\"potentialAction\":[{\"@type\":\"SearchAction\",\"target\":\"https:\/\/insurancecorp.com.br\/pt\/?s={search_term_string}\",\"query-input\":\"required name=search_term_string\"}],\"inLanguage\":\"pt-BR\"},{\"@type\":\"ImageObject\",\"@id\":\"https:\/\/insurancecorp.com.br\/pt\/2020\/11\/17\/bradesco-seguros-apresenta-ofertas-especiais-para-a-black-friday\/#primaryimage\",\"inLanguage\":\"pt-BR\",\"url\":\"https:\/\/insurancecorp.com.br\/pt\/wp-content\/uploads\/2020\/11\/2-8.jpg\",\"width\":900,\"height\":346},{\"@type\":\"WebPage\",\"@id\":\"https:\/\/insurancecorp.com.br\/pt\/2020\/11\/17\/bradesco-seguros-apresenta-ofertas-especiais-para-a-black-friday\/#webpage\",\"url\":\"https:\/\/insurancecorp.com.br\/pt\/2020\/11\/17\/bradesco-seguros-apresenta-ofertas-especiais-para-a-black-friday\/\",\"name\":\"Bradesco Seguros apresenta ofertas especiais para a Black Friday | Revista Insurance Corp | PT-BR\",\"isPartOf\":{\"@id\":\"https:\/\/insurancecorp.com.br\/pt\/#website\"},\"primaryImageOfPage\":{\"@id\":\"https:\/\/insurancecorp.com.br\/pt\/2020\/11\/17\/bradesco-seguros-apresenta-ofertas-especiais-para-a-black-friday\/#primaryimage\"},\"datePublished\":\"2020-11-17T19:12:04+00:00\",\"dateModified\":\"2020-11-17T19:12:04+00:00\",\"inLanguage\":\"pt-BR\",\"potentialAction\":[{\"@type\":\"ReadAction\",\"target\":[\"https:\/\/insurancecorp.com.br\/pt\/2020\/11\/17\/bradesco-seguros-apresenta-ofertas-especiais-para-a-black-friday\/\"]}]},{\"@type\":\"Article\",\"@id\":\"https:\/\/insurancecorp.com.br\/pt\/2020\/11\/17\/bradesco-seguros-apresenta-ofertas-especiais-para-a-black-friday\/#article\",\"isPartOf\":{\"@id\":\"https:\/\/insurancecorp.com.br\/pt\/2020\/11\/17\/bradesco-seguros-apresenta-ofertas-especiais-para-a-black-friday\/#webpage\"},\"author\":{\"@id\":\"https:\/\/insurancecorp.com.br\/pt\/#\/schema\/person\/1b69c8cf325f0b7167f1b171f52df4af\"},\"headline\":\"Bradesco Seguros apresenta ofertas especiais para a Black Friday\",\"datePublished\":\"2020-11-17T19:12:04+00:00\",\"dateModified\":\"2020-11-17T19:12:04+00:00\",\"mainEntityOfPage\":{\"@id\":\"https:\/\/insurancecorp.com.br\/pt\/2020\/11\/17\/bradesco-seguros-apresenta-ofertas-especiais-para-a-black-friday\/#webpage\"},\"commentCount\":0,\"publisher\":{\"@id\":\"https:\/\/insurancecorp.com.br\/pt\/#organization\"},\"image\":{\"@id\":\"https:\/\/insurancecorp.com.br\/pt\/2020\/11\/17\/bradesco-seguros-apresenta-ofertas-especiais-para-a-black-friday\/#primaryimage\"},\"articleSection\":\"Bradesco Seguros\",\"inLanguage\":\"pt-BR\",\"potentialAction\":[{\"@type\":\"CommentAction\",\"name\":\"Comment\",\"target\":[\"https:\/\/insurancecorp.com.br\/pt\/2020\/11\/17\/bradesco-seguros-apresenta-ofertas-especiais-para-a-black-friday\/#respond\"]}]},{\"@type\":\"Person\",\"@id\":\"https:\/\/insurancecorp.com.br\/pt\/#\/schema\/person\/1b69c8cf325f0b7167f1b171f52df4af\",\"name\":\"Publica\\u00e7\\u00e3o\",\"image\":{\"@type\":\"ImageObject\",\"@id\":\"https:\/\/insurancecorp.com.br\/pt\/#personlogo\",\"inLanguage\":\"pt-BR\",\"url\":\"https:\/\/secure.gravatar.com\/avatar\/17226f1f60486eb25d4c6b301ffed37f?s=96&d=mm&r=g\",\"caption\":\"Publica\\u00e7\\u00e3o\"}}]}<\/script>\n<!-- \/ Yoast SEO plugin. -->","_links":{"self":[{"href":"https:\/\/insurancecorp.com.br\/pt\/wp-json\/wp\/v2\/posts\/20517"}],"collection":[{"href":"https:\/\/insurancecorp.com.br\/pt\/wp-json\/wp\/v2\/posts"}],"about":[{"href":"https:\/\/insurancecorp.com.br\/pt\/wp-json\/wp\/v2\/types\/post"}],"author":[{"embeddable":true,"href":"https:\/\/insurancecorp.com.br\/pt\/wp-json\/wp\/v2\/users\/2"}],"replies":[{"embeddable":true,"href":"https:\/\/insurancecorp.com.br\/pt\/wp-json\/wp\/v2\/comments?post=20517"}],"version-history":[{"count":1,"href":"https:\/\/insurancecorp.com.br\/pt\/wp-json\/wp\/v2\/posts\/20517\/revisions"}],"predecessor-version":[{"id":20519,"href":"https:\/\/insurancecorp.com.br\/pt\/wp-json\/wp\/v2\/posts\/20517\/revisions\/20519"}],"wp:featuredmedia":[{"embeddable":true,"href":"https:\/\/insurancecorp.com.br\/pt\/wp-json\/wp\/v2\/media\/20518"}],"wp:attachment":[{"href":"https:\/\/insurancecorp.com.br\/pt\/wp-json\/wp\/v2\/media?parent=20517"}],"wp:term":[{"taxonomy":"category","embeddable":true,"href":"https:\/\/insurancecorp.com.br\/pt\/wp-json\/wp\/v2\/categories?post=20517"},{"taxonomy":"post_tag","embeddable":true,"href":"https:\/\/insurancecorp.com.br\/pt\/wp-json\/wp\/v2\/tags?post=20517"}],"curies":[{"name":"wp","href":"https:\/\/api.w.org\/{rel}","templated":true}]}}