{"id":20263,"date":"2020-11-06T19:12:51","date_gmt":"2020-11-06T22:12:51","guid":{"rendered":"https:\/\/insurancecorp.com.br\/pt\/?p=20263"},"modified":"2020-11-06T19:12:51","modified_gmt":"2020-11-06T22:12:51","slug":"bradesco-seguros-apresenta-nova-segmentacao-de-produtos","status":"publish","type":"post","link":"https:\/\/insurancecorp.com.br\/pt\/2020\/11\/06\/bradesco-seguros-apresenta-nova-segmentacao-de-produtos\/","title":{"rendered":"Bradesco Seguros apresenta nova segmenta\u00e7\u00e3o de produtos"},"content":{"rendered":"<p>A nova segmenta\u00e7\u00e3o de produtos em Ramos Elementares foi o grande destaque do evento digital \u2018Rede On Live +\u2019, promovido na \u00faltima quarta-feira (04), pela Bradesco Auto\/RE, empresa do Grupo Bradesco Seguros. O bate-papo foi conduzido pelo diretor-geral, Ney Dias; pelos diretores de Rede da Organiza\u00e7\u00e3o de Vendas, Francisco Rosado e Jos\u00e9 Pires; e o gerente de produto Rafael Possati. Cerca de 2 mil espectadores, entre corretores, assessorias e profissionais do mercado &#8211; das Regionais S\u00e3o Paulo Capital, S\u00e3o Paulo Interior, Rio de Janeiro e Esp\u00edrito Santo &#8211; acompanharam a live e participaram enviando perguntas e sugest\u00f5es.<\/p>\n<p>Entre as novidades anunciadas, os executivos destacaram os atrativos do seguro Residencial Sob Medida, j\u00e1 dispon\u00edvel no mercado, que contempla novas prote\u00e7\u00f5es para casa habitual, de veraneio e apartamento, como cobertura para objetos de arte, joias, autom\u00f3veis, entre outros. Al\u00e9m disso, a cobertura tem como diferencial a prote\u00e7\u00e3o in\u00e9dita para atividade comercial na resid\u00eancia, que ampara desde escrit\u00f3rios a pequenos com\u00e9rcios ou estabelecimentos dentro da moradia habitual. \u201cNosso objetivo \u00e9 oferecer o produto certo de acordo com a necessidade e perfil de cada cliente. Para isso, investimos em pesquisas e aprimoramento constante de coberturas, servi\u00e7os e assist\u00eancias. Queremos que os consumidores tenham uma experi\u00eancia excepcional com a nossa marca\u201d, afirma Ney Dias.<\/p>\n<p>As novas segmenta\u00e7\u00f5es para o Condom\u00ednio Sob Medida e Seguro Simpli Empresa tamb\u00e9m foram apresentadas ao mercado. \u201cEstamos preparando muitas novidades, projetadas a partir da necessidade e solicita\u00e7\u00e3o dos consumidores. Para o ano de 2021, novas assist\u00eancias estar\u00e3o dispon\u00edveis na carteira, como orienta\u00e7\u00e3o financeira a consumidores, reparo de piscina e sauna, dedetiza\u00e7\u00e3o de resid\u00eancias, reparo de ar-condicionado, limpeza de telhados, assist\u00eancia funeral, entre muitas outras novidades\u201d, destaca Rafael Possati.<\/p>\n<p>A pr\u00f3xima live acontecer\u00e1 no dia 24 de novembro e ter\u00e1 como foco as novidades implementadas no segmento de autom\u00f3veis. A transmiss\u00e3o acontecer\u00e1 na plataforma www.livebseguros.com.br. Corretores poder\u00e3o participar com perguntas e sugest\u00f5es a todo momento.<\/p>\n<p><strong>Approach Comunica\u00e7\u00e3o Integrada<\/strong><\/p>\n","protected":false},"excerpt":{"rendered":"<p>A nova segmenta\u00e7\u00e3o de produtos em Ramos Elementares foi o grande destaque do evento digital \u2018Rede On Live +\u2019, promovido na \u00faltima quarta-feira (04), pela Bradesco Auto\/RE, empresa do Grupo Bradesco Seguros. O bate-papo foi conduzido pelo diretor-geral, Ney Dias; pelos diretores de Rede da Organiza\u00e7\u00e3o de Vendas, Francisco Rosado e Jos\u00e9 Pires; e o [&hellip;]<\/p>\n","protected":false},"author":2,"featured_media":20264,"comment_status":"open","ping_status":"open","sticky":false,"template":"","format":"standard","meta":[],"categories":[413],"tags":[],"jetpack_featured_media_url":"https:\/\/insurancecorp.com.br\/pt\/wp-content\/uploads\/2020\/11\/Argo-Seguros.jpeg","yoast_head":"<!-- This site is optimized with the Yoast SEO plugin v14.8 - https:\/\/yoast.com\/wordpress\/plugins\/seo\/ -->\n<title>Bradesco Seguros apresenta nova segmenta\u00e7\u00e3o de produtos | Revista Insurance Corp | PT-BR<\/title>\n<meta name=\"robots\" content=\"index, follow\" \/>\n<meta name=\"googlebot\" content=\"index, follow, max-snippet:-1, max-image-preview:large, max-video-preview:-1\" \/>\n<meta name=\"bingbot\" content=\"index, follow, max-snippet:-1, max-image-preview:large, max-video-preview:-1\" \/>\n<link rel=\"canonical\" href=\"https:\/\/insurancecorp.com.br\/pt\/2020\/11\/06\/bradesco-seguros-apresenta-nova-segmentacao-de-produtos\/\" \/>\n<meta property=\"og:locale\" content=\"pt_BR\" \/>\n<meta property=\"og:type\" content=\"article\" \/>\n<meta property=\"og:title\" content=\"Bradesco Seguros apresenta nova segmenta\u00e7\u00e3o de produtos | Revista Insurance Corp | PT-BR\" \/>\n<meta property=\"og:description\" content=\"A nova segmenta\u00e7\u00e3o de produtos em Ramos Elementares foi o grande destaque do evento digital \u2018Rede On Live +\u2019, promovido na \u00faltima quarta-feira (04), pela Bradesco Auto\/RE, empresa do Grupo Bradesco Seguros. O bate-papo foi conduzido pelo diretor-geral, Ney Dias; pelos diretores de Rede da Organiza\u00e7\u00e3o de Vendas, Francisco Rosado e Jos\u00e9 Pires; e o [&hellip;]\" \/>\n<meta property=\"og:url\" content=\"https:\/\/insurancecorp.com.br\/pt\/2020\/11\/06\/bradesco-seguros-apresenta-nova-segmentacao-de-produtos\/\" \/>\n<meta property=\"og:site_name\" content=\"Revista Insurance Corp | PT-BR\" \/>\n<meta property=\"article:publisher\" content=\"https:\/\/www.facebook.com\/RevistaInsuranceCorp\/\" \/>\n<meta property=\"article:published_time\" content=\"2020-11-06T22:12:51+00:00\" \/>\n<meta property=\"og:image\" content=\"https:\/\/insurancecorp.com.br\/pt\/wp-content\/uploads\/2020\/11\/Argo-Seguros.jpeg\" \/>\n\t<meta property=\"og:image:width\" content=\"825\" \/>\n\t<meta property=\"og:image:height\" content=\"516\" \/>\n<meta name=\"twitter:card\" content=\"summary\" \/>\n<script type=\"application\/ld+json\" class=\"yoast-schema-graph\">{\"@context\":\"https:\/\/schema.org\",\"@graph\":[{\"@type\":\"Organization\",\"@id\":\"https:\/\/insurancecorp.com.br\/pt\/#organization\",\"name\":\"Revista Insurance Corp\",\"url\":\"https:\/\/insurancecorp.com.br\/pt\/\",\"sameAs\":[\"https:\/\/www.facebook.com\/RevistaInsuranceCorp\/\"],\"logo\":{\"@type\":\"ImageObject\",\"@id\":\"https:\/\/insurancecorp.com.br\/pt\/#logo\",\"inLanguage\":\"pt-BR\",\"url\":\"\",\"caption\":\"Revista Insurance Corp\"},\"image\":{\"@id\":\"https:\/\/insurancecorp.com.br\/pt\/#logo\"}},{\"@type\":\"WebSite\",\"@id\":\"https:\/\/insurancecorp.com.br\/pt\/#website\",\"url\":\"https:\/\/insurancecorp.com.br\/pt\/\",\"name\":\"Revista Insurance Corp | PT-BR\",\"description\":\"A \\u00fanica revista bil\\u00edngue voltada ao mercado de seguro.\",\"publisher\":{\"@id\":\"https:\/\/insurancecorp.com.br\/pt\/#organization\"},\"potentialAction\":[{\"@type\":\"SearchAction\",\"target\":\"https:\/\/insurancecorp.com.br\/pt\/?s={search_term_string}\",\"query-input\":\"required name=search_term_string\"}],\"inLanguage\":\"pt-BR\"},{\"@type\":\"ImageObject\",\"@id\":\"https:\/\/insurancecorp.com.br\/pt\/2020\/11\/06\/bradesco-seguros-apresenta-nova-segmentacao-de-produtos\/#primaryimage\",\"inLanguage\":\"pt-BR\",\"url\":\"https:\/\/insurancecorp.com.br\/pt\/wp-content\/uploads\/2020\/11\/Argo-Seguros.jpeg\",\"width\":825,\"height\":516},{\"@type\":\"WebPage\",\"@id\":\"https:\/\/insurancecorp.com.br\/pt\/2020\/11\/06\/bradesco-seguros-apresenta-nova-segmentacao-de-produtos\/#webpage\",\"url\":\"https:\/\/insurancecorp.com.br\/pt\/2020\/11\/06\/bradesco-seguros-apresenta-nova-segmentacao-de-produtos\/\",\"name\":\"Bradesco Seguros apresenta nova segmenta\\u00e7\\u00e3o de produtos | Revista Insurance Corp | PT-BR\",\"isPartOf\":{\"@id\":\"https:\/\/insurancecorp.com.br\/pt\/#website\"},\"primaryImageOfPage\":{\"@id\":\"https:\/\/insurancecorp.com.br\/pt\/2020\/11\/06\/bradesco-seguros-apresenta-nova-segmentacao-de-produtos\/#primaryimage\"},\"datePublished\":\"2020-11-06T22:12:51+00:00\",\"dateModified\":\"2020-11-06T22:12:51+00:00\",\"inLanguage\":\"pt-BR\",\"potentialAction\":[{\"@type\":\"ReadAction\",\"target\":[\"https:\/\/insurancecorp.com.br\/pt\/2020\/11\/06\/bradesco-seguros-apresenta-nova-segmentacao-de-produtos\/\"]}]},{\"@type\":\"Article\",\"@id\":\"https:\/\/insurancecorp.com.br\/pt\/2020\/11\/06\/bradesco-seguros-apresenta-nova-segmentacao-de-produtos\/#article\",\"isPartOf\":{\"@id\":\"https:\/\/insurancecorp.com.br\/pt\/2020\/11\/06\/bradesco-seguros-apresenta-nova-segmentacao-de-produtos\/#webpage\"},\"author\":{\"@id\":\"https:\/\/insurancecorp.com.br\/pt\/#\/schema\/person\/1b69c8cf325f0b7167f1b171f52df4af\"},\"headline\":\"Bradesco Seguros apresenta nova segmenta\\u00e7\\u00e3o de produtos\",\"datePublished\":\"2020-11-06T22:12:51+00:00\",\"dateModified\":\"2020-11-06T22:12:51+00:00\",\"mainEntityOfPage\":{\"@id\":\"https:\/\/insurancecorp.com.br\/pt\/2020\/11\/06\/bradesco-seguros-apresenta-nova-segmentacao-de-produtos\/#webpage\"},\"commentCount\":0,\"publisher\":{\"@id\":\"https:\/\/insurancecorp.com.br\/pt\/#organization\"},\"image\":{\"@id\":\"https:\/\/insurancecorp.com.br\/pt\/2020\/11\/06\/bradesco-seguros-apresenta-nova-segmentacao-de-produtos\/#primaryimage\"},\"articleSection\":\"Bradesco Seguros\",\"inLanguage\":\"pt-BR\",\"potentialAction\":[{\"@type\":\"CommentAction\",\"name\":\"Comment\",\"target\":[\"https:\/\/insurancecorp.com.br\/pt\/2020\/11\/06\/bradesco-seguros-apresenta-nova-segmentacao-de-produtos\/#respond\"]}]},{\"@type\":\"Person\",\"@id\":\"https:\/\/insurancecorp.com.br\/pt\/#\/schema\/person\/1b69c8cf325f0b7167f1b171f52df4af\",\"name\":\"Publica\\u00e7\\u00e3o\",\"image\":{\"@type\":\"ImageObject\",\"@id\":\"https:\/\/insurancecorp.com.br\/pt\/#personlogo\",\"inLanguage\":\"pt-BR\",\"url\":\"https:\/\/secure.gravatar.com\/avatar\/17226f1f60486eb25d4c6b301ffed37f?s=96&d=mm&r=g\",\"caption\":\"Publica\\u00e7\\u00e3o\"}}]}<\/script>\n<!-- \/ Yoast SEO plugin. -->","_links":{"self":[{"href":"https:\/\/insurancecorp.com.br\/pt\/wp-json\/wp\/v2\/posts\/20263"}],"collection":[{"href":"https:\/\/insurancecorp.com.br\/pt\/wp-json\/wp\/v2\/posts"}],"about":[{"href":"https:\/\/insurancecorp.com.br\/pt\/wp-json\/wp\/v2\/types\/post"}],"author":[{"embeddable":true,"href":"https:\/\/insurancecorp.com.br\/pt\/wp-json\/wp\/v2\/users\/2"}],"replies":[{"embeddable":true,"href":"https:\/\/insurancecorp.com.br\/pt\/wp-json\/wp\/v2\/comments?post=20263"}],"version-history":[{"count":1,"href":"https:\/\/insurancecorp.com.br\/pt\/wp-json\/wp\/v2\/posts\/20263\/revisions"}],"predecessor-version":[{"id":20265,"href":"https:\/\/insurancecorp.com.br\/pt\/wp-json\/wp\/v2\/posts\/20263\/revisions\/20265"}],"wp:featuredmedia":[{"embeddable":true,"href":"https:\/\/insurancecorp.com.br\/pt\/wp-json\/wp\/v2\/media\/20264"}],"wp:attachment":[{"href":"https:\/\/insurancecorp.com.br\/pt\/wp-json\/wp\/v2\/media?parent=20263"}],"wp:term":[{"taxonomy":"category","embeddable":true,"href":"https:\/\/insurancecorp.com.br\/pt\/wp-json\/wp\/v2\/categories?post=20263"},{"taxonomy":"post_tag","embeddable":true,"href":"https:\/\/insurancecorp.com.br\/pt\/wp-json\/wp\/v2\/tags?post=20263"}],"curies":[{"name":"wp","href":"https:\/\/api.w.org\/{rel}","templated":true}]}}