{"id":20165,"date":"2020-11-04T09:31:38","date_gmt":"2020-11-04T12:31:38","guid":{"rendered":"https:\/\/insurancecorp.com.br\/pt\/?p=20165"},"modified":"2020-11-04T09:31:38","modified_gmt":"2020-11-04T12:31:38","slug":"grupo-bradesco-seguros-anuncia-novo-presidente","status":"publish","type":"post","link":"https:\/\/insurancecorp.com.br\/pt\/2020\/11\/04\/grupo-bradesco-seguros-anuncia-novo-presidente\/","title":{"rendered":"Grupo Bradesco Seguros anuncia novo presidente"},"content":{"rendered":"<p>A Bradesco Seguros divulga a nomea\u00e7\u00e3o de Ivan Gontijo como novo presidente do Grupo Segurador. O executivo assume a posi\u00e7\u00e3o anteriormente ocupada por Vinicius Albernaz, que por motivos pessoais tomou a decis\u00e3o de deixar a companhia para assumir novos desafios.<\/p>\n<p>Antes de ocupar a posi\u00e7\u00e3o de presidente do Grupo Bradesco Seguros, Gontijo atuava como Diretor Geral da Bradesco Seguros. Nascido no Rio de Janeiro, o executivo carioca atuou ao longo de toda a sua carreira no segmento segurador e de institui\u00e7\u00f5es financeiras, posicionando-se assim como um reconhecido especialista no setor.<\/p>\n<p><strong>Ideal H+K Strategies<\/strong><\/p>\n<p>Foto: Seguro Nova Digital<\/p>\n","protected":false},"excerpt":{"rendered":"<p>A Bradesco Seguros divulga a nomea\u00e7\u00e3o de Ivan Gontijo como novo presidente do Grupo Segurador. O executivo assume a posi\u00e7\u00e3o anteriormente ocupada por Vinicius Albernaz, que por motivos pessoais tomou a decis\u00e3o de deixar a companhia para assumir novos desafios. Antes de ocupar a posi\u00e7\u00e3o de presidente do Grupo Bradesco Seguros, Gontijo atuava como Diretor [&hellip;]<\/p>\n","protected":false},"author":2,"featured_media":20167,"comment_status":"open","ping_status":"open","sticky":false,"template":"","format":"standard","meta":[],"categories":[413],"tags":[],"jetpack_featured_media_url":"https:\/\/insurancecorp.com.br\/pt\/wp-content\/uploads\/2020\/11\/CVG.jpg","yoast_head":"<!-- This site is optimized with the Yoast SEO plugin v14.8 - https:\/\/yoast.com\/wordpress\/plugins\/seo\/ -->\n<title>Grupo Bradesco Seguros anuncia novo presidente | Revista Insurance Corp | PT-BR<\/title>\n<meta name=\"robots\" content=\"index, follow\" \/>\n<meta name=\"googlebot\" content=\"index, follow, max-snippet:-1, max-image-preview:large, max-video-preview:-1\" \/>\n<meta name=\"bingbot\" content=\"index, follow, max-snippet:-1, max-image-preview:large, max-video-preview:-1\" \/>\n<link rel=\"canonical\" href=\"https:\/\/insurancecorp.com.br\/pt\/2020\/11\/04\/grupo-bradesco-seguros-anuncia-novo-presidente\/\" \/>\n<meta property=\"og:locale\" content=\"pt_BR\" \/>\n<meta property=\"og:type\" content=\"article\" \/>\n<meta property=\"og:title\" content=\"Grupo Bradesco Seguros anuncia novo presidente | Revista Insurance Corp | PT-BR\" \/>\n<meta property=\"og:description\" content=\"A Bradesco Seguros divulga a nomea\u00e7\u00e3o de Ivan Gontijo como novo presidente do Grupo Segurador. O executivo assume a posi\u00e7\u00e3o anteriormente ocupada por Vinicius Albernaz, que por motivos pessoais tomou a decis\u00e3o de deixar a companhia para assumir novos desafios. Antes de ocupar a posi\u00e7\u00e3o de presidente do Grupo Bradesco Seguros, Gontijo atuava como Diretor [&hellip;]\" \/>\n<meta property=\"og:url\" content=\"https:\/\/insurancecorp.com.br\/pt\/2020\/11\/04\/grupo-bradesco-seguros-anuncia-novo-presidente\/\" \/>\n<meta property=\"og:site_name\" content=\"Revista Insurance Corp | PT-BR\" \/>\n<meta property=\"article:publisher\" content=\"https:\/\/www.facebook.com\/RevistaInsuranceCorp\/\" \/>\n<meta property=\"article:published_time\" content=\"2020-11-04T12:31:38+00:00\" \/>\n<meta property=\"og:image\" content=\"https:\/\/insurancecorp.com.br\/pt\/wp-content\/uploads\/2020\/11\/CVG.jpg\" \/>\n\t<meta property=\"og:image:width\" content=\"1000\" \/>\n\t<meta property=\"og:image:height\" content=\"667\" \/>\n<meta name=\"twitter:card\" content=\"summary\" \/>\n<script type=\"application\/ld+json\" class=\"yoast-schema-graph\">{\"@context\":\"https:\/\/schema.org\",\"@graph\":[{\"@type\":\"Organization\",\"@id\":\"https:\/\/insurancecorp.com.br\/pt\/#organization\",\"name\":\"Revista Insurance Corp\",\"url\":\"https:\/\/insurancecorp.com.br\/pt\/\",\"sameAs\":[\"https:\/\/www.facebook.com\/RevistaInsuranceCorp\/\"],\"logo\":{\"@type\":\"ImageObject\",\"@id\":\"https:\/\/insurancecorp.com.br\/pt\/#logo\",\"inLanguage\":\"pt-BR\",\"url\":\"\",\"caption\":\"Revista Insurance Corp\"},\"image\":{\"@id\":\"https:\/\/insurancecorp.com.br\/pt\/#logo\"}},{\"@type\":\"WebSite\",\"@id\":\"https:\/\/insurancecorp.com.br\/pt\/#website\",\"url\":\"https:\/\/insurancecorp.com.br\/pt\/\",\"name\":\"Revista Insurance Corp | PT-BR\",\"description\":\"A \\u00fanica revista bil\\u00edngue voltada ao mercado de seguro.\",\"publisher\":{\"@id\":\"https:\/\/insurancecorp.com.br\/pt\/#organization\"},\"potentialAction\":[{\"@type\":\"SearchAction\",\"target\":\"https:\/\/insurancecorp.com.br\/pt\/?s={search_term_string}\",\"query-input\":\"required name=search_term_string\"}],\"inLanguage\":\"pt-BR\"},{\"@type\":\"ImageObject\",\"@id\":\"https:\/\/insurancecorp.com.br\/pt\/2020\/11\/04\/grupo-bradesco-seguros-anuncia-novo-presidente\/#primaryimage\",\"inLanguage\":\"pt-BR\",\"url\":\"https:\/\/insurancecorp.com.br\/pt\/wp-content\/uploads\/2020\/11\/CVG.jpg\",\"width\":1000,\"height\":667},{\"@type\":\"WebPage\",\"@id\":\"https:\/\/insurancecorp.com.br\/pt\/2020\/11\/04\/grupo-bradesco-seguros-anuncia-novo-presidente\/#webpage\",\"url\":\"https:\/\/insurancecorp.com.br\/pt\/2020\/11\/04\/grupo-bradesco-seguros-anuncia-novo-presidente\/\",\"name\":\"Grupo Bradesco Seguros anuncia novo presidente | Revista Insurance Corp | PT-BR\",\"isPartOf\":{\"@id\":\"https:\/\/insurancecorp.com.br\/pt\/#website\"},\"primaryImageOfPage\":{\"@id\":\"https:\/\/insurancecorp.com.br\/pt\/2020\/11\/04\/grupo-bradesco-seguros-anuncia-novo-presidente\/#primaryimage\"},\"datePublished\":\"2020-11-04T12:31:38+00:00\",\"dateModified\":\"2020-11-04T12:31:38+00:00\",\"inLanguage\":\"pt-BR\",\"potentialAction\":[{\"@type\":\"ReadAction\",\"target\":[\"https:\/\/insurancecorp.com.br\/pt\/2020\/11\/04\/grupo-bradesco-seguros-anuncia-novo-presidente\/\"]}]},{\"@type\":\"Article\",\"@id\":\"https:\/\/insurancecorp.com.br\/pt\/2020\/11\/04\/grupo-bradesco-seguros-anuncia-novo-presidente\/#article\",\"isPartOf\":{\"@id\":\"https:\/\/insurancecorp.com.br\/pt\/2020\/11\/04\/grupo-bradesco-seguros-anuncia-novo-presidente\/#webpage\"},\"author\":{\"@id\":\"https:\/\/insurancecorp.com.br\/pt\/#\/schema\/person\/1b69c8cf325f0b7167f1b171f52df4af\"},\"headline\":\"Grupo Bradesco Seguros anuncia novo presidente\",\"datePublished\":\"2020-11-04T12:31:38+00:00\",\"dateModified\":\"2020-11-04T12:31:38+00:00\",\"mainEntityOfPage\":{\"@id\":\"https:\/\/insurancecorp.com.br\/pt\/2020\/11\/04\/grupo-bradesco-seguros-anuncia-novo-presidente\/#webpage\"},\"commentCount\":0,\"publisher\":{\"@id\":\"https:\/\/insurancecorp.com.br\/pt\/#organization\"},\"image\":{\"@id\":\"https:\/\/insurancecorp.com.br\/pt\/2020\/11\/04\/grupo-bradesco-seguros-anuncia-novo-presidente\/#primaryimage\"},\"articleSection\":\"Bradesco Seguros\",\"inLanguage\":\"pt-BR\",\"potentialAction\":[{\"@type\":\"CommentAction\",\"name\":\"Comment\",\"target\":[\"https:\/\/insurancecorp.com.br\/pt\/2020\/11\/04\/grupo-bradesco-seguros-anuncia-novo-presidente\/#respond\"]}]},{\"@type\":\"Person\",\"@id\":\"https:\/\/insurancecorp.com.br\/pt\/#\/schema\/person\/1b69c8cf325f0b7167f1b171f52df4af\",\"name\":\"Publica\\u00e7\\u00e3o\",\"image\":{\"@type\":\"ImageObject\",\"@id\":\"https:\/\/insurancecorp.com.br\/pt\/#personlogo\",\"inLanguage\":\"pt-BR\",\"url\":\"https:\/\/secure.gravatar.com\/avatar\/17226f1f60486eb25d4c6b301ffed37f?s=96&d=mm&r=g\",\"caption\":\"Publica\\u00e7\\u00e3o\"}}]}<\/script>\n<!-- \/ Yoast SEO plugin. -->","_links":{"self":[{"href":"https:\/\/insurancecorp.com.br\/pt\/wp-json\/wp\/v2\/posts\/20165"}],"collection":[{"href":"https:\/\/insurancecorp.com.br\/pt\/wp-json\/wp\/v2\/posts"}],"about":[{"href":"https:\/\/insurancecorp.com.br\/pt\/wp-json\/wp\/v2\/types\/post"}],"author":[{"embeddable":true,"href":"https:\/\/insurancecorp.com.br\/pt\/wp-json\/wp\/v2\/users\/2"}],"replies":[{"embeddable":true,"href":"https:\/\/insurancecorp.com.br\/pt\/wp-json\/wp\/v2\/comments?post=20165"}],"version-history":[{"count":1,"href":"https:\/\/insurancecorp.com.br\/pt\/wp-json\/wp\/v2\/posts\/20165\/revisions"}],"predecessor-version":[{"id":20168,"href":"https:\/\/insurancecorp.com.br\/pt\/wp-json\/wp\/v2\/posts\/20165\/revisions\/20168"}],"wp:featuredmedia":[{"embeddable":true,"href":"https:\/\/insurancecorp.com.br\/pt\/wp-json\/wp\/v2\/media\/20167"}],"wp:attachment":[{"href":"https:\/\/insurancecorp.com.br\/pt\/wp-json\/wp\/v2\/media?parent=20165"}],"wp:term":[{"taxonomy":"category","embeddable":true,"href":"https:\/\/insurancecorp.com.br\/pt\/wp-json\/wp\/v2\/categories?post=20165"},{"taxonomy":"post_tag","embeddable":true,"href":"https:\/\/insurancecorp.com.br\/pt\/wp-json\/wp\/v2\/tags?post=20165"}],"curies":[{"name":"wp","href":"https:\/\/api.w.org\/{rel}","templated":true}]}}