{"id":20102,"date":"2020-11-03T10:09:56","date_gmt":"2020-11-03T13:09:56","guid":{"rendered":"https:\/\/insurancecorp.com.br\/pt\/?p=20102"},"modified":"2020-11-04T19:00:46","modified_gmt":"2020-11-04T22:00:46","slug":"bradesco-discute-o-futuro-do-trabalho-no-evento-cultura-da-inovacao","status":"publish","type":"post","link":"https:\/\/insurancecorp.com.br\/pt\/2020\/11\/03\/bradesco-discute-o-futuro-do-trabalho-no-evento-cultura-da-inovacao\/","title":{"rendered":"Bradesco discute o Futuro do Trabalho no evento &#8216;Cultura da Inova\u00e7\u00e3o&#8217;"},"content":{"rendered":"<p>Qual ser\u00e1 o perfil do profissional do futuro? Esse foi o tema da segunda live de uma s\u00e9rie de eventos sobre a cultura da inova\u00e7\u00e3o que a Bradesco Seguros continuar\u00e1 promovendo nos pr\u00f3ximos meses. Mediado pelo influente empreendedor de startups do Brasil e Diretor de Investimentos da TheVentureCity, Edson Mackeenzy, o painel foi realizado na quinta-feira (29) e contou com as participa\u00e7\u00f5es da Valdirene Soares &#8211; Diretora de Recursos Humanos da Bradesco Seguros; do Jo\u00e3o Paulo Pac\u00edfico CEO do Grupo Gaia; da Isabella Pugliesi, S\u00f3cia e L\u00edder de Inova\u00e7\u00e3o e Transforma\u00e7\u00e3o Digital para o Mercado Financeiro e Varejo; e da Renata Fontana Head of Finance &amp; Government do Linkedin.<\/p>\n<p>O pilar do debate foi centrado nas novas compet\u00eancias que ser\u00e3o necess\u00e1rias para o futuro do trabalho, e como elas foram aceleradas durante a pandemia. Se discutiu tamb\u00e9m quais ser\u00e3o as profiss\u00f5es que ter\u00e3o maior destaque nos pr\u00f3ximos anos e de como manter as novas gera\u00e7\u00f5es motivados daqui para a frente.<\/p>\n<p>Para Valdirene Soares, antes de discutir as profiss\u00f5es do futuro, \u00e9 preciso avaliar de que forma as empresas devem se preparar para lidar com todo esse processo de transforma\u00e7\u00e3o, que agora, vem ocorrendo em uma velocidade ainda maior. <em>&#8220;Essa acelera\u00e7\u00e3o depende principalmente de uma mudan\u00e7a cultural para promover a capacita\u00e7\u00e3o das equipes, provocando uma transforma\u00e7\u00e3o de mindset e estimulando o autoconhecimento, caracter\u00edstica extremamente importante nesse momento de pandemia&#8221;<\/em>, destaca a executiva.<\/p>\n<p>Nesse mesmo sentido, tamb\u00e9m foi abordado no encontro a rela\u00e7\u00e3o entre os skills e habilidades que ser\u00e3o necess\u00e1rias no futuro, versus a qualifica\u00e7\u00e3o e prepara\u00e7\u00e3o das empresas para desenvolv\u00ea-las. <em>&#8220;A empatia ser\u00e1 um skill importante. Entender a nova realidade \u00e9 essencial para se manter conectado com as pessoas sem ter a presen\u00e7a f\u00edsica. Hoje j\u00e1 h\u00e1 uma s\u00e9rie de ferramentas e possibilidades no mercado para possibilitar a capacita\u00e7\u00e3o do profissional, no tempo deles e dentro da sua realidade&#8221;<\/em>, explica Renata Fontana.<\/p>\n<p>Sobre os perfis e pap\u00e9is necess\u00e1rios dentro das empresas, um dos destaques da live foi o do intraempreendedor. <em>&#8220;Quando falamos de intraempreendedorismo, logo pensamos sobre ter a \u00b4cabe\u00e7a de dono\u2019 e \u2018cora\u00e7\u00e3o de estagi\u00e1rio\u2019, ou seja, pensar no dono, e ao mesmo tempo ter vontade de realizar a qualquer custo, passar por cima das barreiras! Acabou-se a era do planejamento, comando e controle!&#8221;<\/em>, detalha Isabela Pugliesi.<\/p>\n<p>E por \u00faltimo, a live focou nos skills e caracter\u00edsticas necess\u00e1rias para os profissionais do futuro. <em>&#8220;Os hard skills s\u00e3o bastante importantes, mas eles n\u00e3o s\u00e3o tudo. Sem os soft skills, a vida na empresa fica cada vez mais dif\u00edcil, al\u00e9m de ter dificuldade em lidar com as emo\u00e7\u00f5es relativas aos novos momentos. No Grupo Gaia, contratamos pelas soft skills, por\u00e9m fortalecemos as hard skills&#8221;<\/em>, revela Pac\u00edfico.<\/p>\n<p>Para quem n\u00e3o assistiu a live, \u00e9 poss\u00edvel acompanhar a mesa redonda pelo canal do <a href=\"http:\/\/urldefense.proofpoint.com\/v2\/url?u=https-3A__www.youtube.com_watch-3Fv-3D2h5xdi-5Fjdxg&amp;d=DwMFAw&amp;c=5oszCido4egZ9x-32Pvn-g&amp;r=LHD_1yNAqC8S05Mf1c9qweQtd8Ycda9cP2QdakC7Iwo&amp;m=s4u4SCUEKO8KdKt5IiAHcq24iZQ6uHMNZISu2vEmWAc&amp;s=U5LUCG6zCK9iiD-NhN2Y0HP6URuOQvJ5kbA58iZGzIA&amp;e=\">YouTube da Bradesco Seguros.<\/a><\/p>\n<p><strong>Ideal H+K Strategies<\/strong><\/p>\n","protected":false},"excerpt":{"rendered":"<p>Qual ser\u00e1 o perfil do profissional do futuro? Esse foi o tema da segunda live de uma s\u00e9rie de eventos sobre a cultura da inova\u00e7\u00e3o que a Bradesco Seguros continuar\u00e1 promovendo nos pr\u00f3ximos meses. Mediado pelo influente empreendedor de startups do Brasil e Diretor de Investimentos da TheVentureCity, Edson Mackeenzy, o painel foi realizado na [&hellip;]<\/p>\n","protected":false},"author":2,"featured_media":20103,"comment_status":"open","ping_status":"open","sticky":false,"template":"","format":"standard","meta":[],"categories":[413],"tags":[],"jetpack_featured_media_url":"https:\/\/insurancecorp.com.br\/pt\/wp-content\/uploads\/2020\/11\/1Eu-e-ela.jpg","yoast_head":"<!-- This site is optimized with the Yoast SEO plugin v14.8 - https:\/\/yoast.com\/wordpress\/plugins\/seo\/ -->\n<title>Bradesco discute o Futuro do Trabalho no evento &#039;Cultura da Inova\u00e7\u00e3o&#039; | Revista Insurance Corp | PT-BR<\/title>\n<meta name=\"robots\" content=\"index, follow\" \/>\n<meta name=\"googlebot\" content=\"index, follow, max-snippet:-1, max-image-preview:large, max-video-preview:-1\" \/>\n<meta name=\"bingbot\" content=\"index, follow, max-snippet:-1, max-image-preview:large, max-video-preview:-1\" \/>\n<link rel=\"canonical\" href=\"https:\/\/insurancecorp.com.br\/pt\/2020\/11\/03\/bradesco-discute-o-futuro-do-trabalho-no-evento-cultura-da-inovacao\/\" \/>\n<meta property=\"og:locale\" content=\"pt_BR\" \/>\n<meta property=\"og:type\" content=\"article\" \/>\n<meta property=\"og:title\" content=\"Bradesco discute o Futuro do Trabalho no evento &#039;Cultura da Inova\u00e7\u00e3o&#039; | Revista Insurance Corp | PT-BR\" \/>\n<meta property=\"og:description\" content=\"Qual ser\u00e1 o perfil do profissional do futuro? Esse foi o tema da segunda live de uma s\u00e9rie de eventos sobre a cultura da inova\u00e7\u00e3o que a Bradesco Seguros continuar\u00e1 promovendo nos pr\u00f3ximos meses. Mediado pelo influente empreendedor de startups do Brasil e Diretor de Investimentos da TheVentureCity, Edson Mackeenzy, o painel foi realizado na [&hellip;]\" \/>\n<meta property=\"og:url\" content=\"https:\/\/insurancecorp.com.br\/pt\/2020\/11\/03\/bradesco-discute-o-futuro-do-trabalho-no-evento-cultura-da-inovacao\/\" \/>\n<meta property=\"og:site_name\" content=\"Revista Insurance Corp | PT-BR\" \/>\n<meta property=\"article:publisher\" content=\"https:\/\/www.facebook.com\/RevistaInsuranceCorp\/\" \/>\n<meta property=\"article:published_time\" content=\"2020-11-03T13:09:56+00:00\" \/>\n<meta property=\"article:modified_time\" content=\"2020-11-04T22:00:46+00:00\" \/>\n<meta property=\"og:image\" content=\"https:\/\/insurancecorp.com.br\/pt\/wp-content\/uploads\/2020\/11\/1Eu-e-ela.jpg\" \/>\n\t<meta property=\"og:image:width\" content=\"900\" \/>\n\t<meta property=\"og:image:height\" content=\"954\" \/>\n<meta name=\"twitter:card\" content=\"summary\" \/>\n<script type=\"application\/ld+json\" class=\"yoast-schema-graph\">{\"@context\":\"https:\/\/schema.org\",\"@graph\":[{\"@type\":\"Organization\",\"@id\":\"https:\/\/insurancecorp.com.br\/pt\/#organization\",\"name\":\"Revista Insurance Corp\",\"url\":\"https:\/\/insurancecorp.com.br\/pt\/\",\"sameAs\":[\"https:\/\/www.facebook.com\/RevistaInsuranceCorp\/\"],\"logo\":{\"@type\":\"ImageObject\",\"@id\":\"https:\/\/insurancecorp.com.br\/pt\/#logo\",\"inLanguage\":\"pt-BR\",\"url\":\"\",\"caption\":\"Revista Insurance Corp\"},\"image\":{\"@id\":\"https:\/\/insurancecorp.com.br\/pt\/#logo\"}},{\"@type\":\"WebSite\",\"@id\":\"https:\/\/insurancecorp.com.br\/pt\/#website\",\"url\":\"https:\/\/insurancecorp.com.br\/pt\/\",\"name\":\"Revista Insurance Corp | PT-BR\",\"description\":\"A \\u00fanica revista bil\\u00edngue voltada ao mercado de seguro.\",\"publisher\":{\"@id\":\"https:\/\/insurancecorp.com.br\/pt\/#organization\"},\"potentialAction\":[{\"@type\":\"SearchAction\",\"target\":\"https:\/\/insurancecorp.com.br\/pt\/?s={search_term_string}\",\"query-input\":\"required name=search_term_string\"}],\"inLanguage\":\"pt-BR\"},{\"@type\":\"ImageObject\",\"@id\":\"https:\/\/insurancecorp.com.br\/pt\/2020\/11\/03\/bradesco-discute-o-futuro-do-trabalho-no-evento-cultura-da-inovacao\/#primaryimage\",\"inLanguage\":\"pt-BR\",\"url\":\"https:\/\/insurancecorp.com.br\/pt\/wp-content\/uploads\/2020\/11\/1Eu-e-ela.jpg\",\"width\":900,\"height\":954},{\"@type\":\"WebPage\",\"@id\":\"https:\/\/insurancecorp.com.br\/pt\/2020\/11\/03\/bradesco-discute-o-futuro-do-trabalho-no-evento-cultura-da-inovacao\/#webpage\",\"url\":\"https:\/\/insurancecorp.com.br\/pt\/2020\/11\/03\/bradesco-discute-o-futuro-do-trabalho-no-evento-cultura-da-inovacao\/\",\"name\":\"Bradesco discute o Futuro do Trabalho no evento 'Cultura da Inova\\u00e7\\u00e3o' | Revista Insurance Corp | PT-BR\",\"isPartOf\":{\"@id\":\"https:\/\/insurancecorp.com.br\/pt\/#website\"},\"primaryImageOfPage\":{\"@id\":\"https:\/\/insurancecorp.com.br\/pt\/2020\/11\/03\/bradesco-discute-o-futuro-do-trabalho-no-evento-cultura-da-inovacao\/#primaryimage\"},\"datePublished\":\"2020-11-03T13:09:56+00:00\",\"dateModified\":\"2020-11-04T22:00:46+00:00\",\"inLanguage\":\"pt-BR\",\"potentialAction\":[{\"@type\":\"ReadAction\",\"target\":[\"https:\/\/insurancecorp.com.br\/pt\/2020\/11\/03\/bradesco-discute-o-futuro-do-trabalho-no-evento-cultura-da-inovacao\/\"]}]},{\"@type\":\"Article\",\"@id\":\"https:\/\/insurancecorp.com.br\/pt\/2020\/11\/03\/bradesco-discute-o-futuro-do-trabalho-no-evento-cultura-da-inovacao\/#article\",\"isPartOf\":{\"@id\":\"https:\/\/insurancecorp.com.br\/pt\/2020\/11\/03\/bradesco-discute-o-futuro-do-trabalho-no-evento-cultura-da-inovacao\/#webpage\"},\"author\":{\"@id\":\"https:\/\/insurancecorp.com.br\/pt\/#\/schema\/person\/1b69c8cf325f0b7167f1b171f52df4af\"},\"headline\":\"Bradesco discute o Futuro do Trabalho no evento &#8216;Cultura da Inova\\u00e7\\u00e3o&#8217;\",\"datePublished\":\"2020-11-03T13:09:56+00:00\",\"dateModified\":\"2020-11-04T22:00:46+00:00\",\"mainEntityOfPage\":{\"@id\":\"https:\/\/insurancecorp.com.br\/pt\/2020\/11\/03\/bradesco-discute-o-futuro-do-trabalho-no-evento-cultura-da-inovacao\/#webpage\"},\"commentCount\":0,\"publisher\":{\"@id\":\"https:\/\/insurancecorp.com.br\/pt\/#organization\"},\"image\":{\"@id\":\"https:\/\/insurancecorp.com.br\/pt\/2020\/11\/03\/bradesco-discute-o-futuro-do-trabalho-no-evento-cultura-da-inovacao\/#primaryimage\"},\"articleSection\":\"Bradesco Seguros\",\"inLanguage\":\"pt-BR\",\"potentialAction\":[{\"@type\":\"CommentAction\",\"name\":\"Comment\",\"target\":[\"https:\/\/insurancecorp.com.br\/pt\/2020\/11\/03\/bradesco-discute-o-futuro-do-trabalho-no-evento-cultura-da-inovacao\/#respond\"]}]},{\"@type\":\"Person\",\"@id\":\"https:\/\/insurancecorp.com.br\/pt\/#\/schema\/person\/1b69c8cf325f0b7167f1b171f52df4af\",\"name\":\"Publica\\u00e7\\u00e3o\",\"image\":{\"@type\":\"ImageObject\",\"@id\":\"https:\/\/insurancecorp.com.br\/pt\/#personlogo\",\"inLanguage\":\"pt-BR\",\"url\":\"https:\/\/secure.gravatar.com\/avatar\/17226f1f60486eb25d4c6b301ffed37f?s=96&d=mm&r=g\",\"caption\":\"Publica\\u00e7\\u00e3o\"}}]}<\/script>\n<!-- \/ Yoast SEO plugin. -->","_links":{"self":[{"href":"https:\/\/insurancecorp.com.br\/pt\/wp-json\/wp\/v2\/posts\/20102"}],"collection":[{"href":"https:\/\/insurancecorp.com.br\/pt\/wp-json\/wp\/v2\/posts"}],"about":[{"href":"https:\/\/insurancecorp.com.br\/pt\/wp-json\/wp\/v2\/types\/post"}],"author":[{"embeddable":true,"href":"https:\/\/insurancecorp.com.br\/pt\/wp-json\/wp\/v2\/users\/2"}],"replies":[{"embeddable":true,"href":"https:\/\/insurancecorp.com.br\/pt\/wp-json\/wp\/v2\/comments?post=20102"}],"version-history":[{"count":1,"href":"https:\/\/insurancecorp.com.br\/pt\/wp-json\/wp\/v2\/posts\/20102\/revisions"}],"predecessor-version":[{"id":20104,"href":"https:\/\/insurancecorp.com.br\/pt\/wp-json\/wp\/v2\/posts\/20102\/revisions\/20104"}],"wp:featuredmedia":[{"embeddable":true,"href":"https:\/\/insurancecorp.com.br\/pt\/wp-json\/wp\/v2\/media\/20103"}],"wp:attachment":[{"href":"https:\/\/insurancecorp.com.br\/pt\/wp-json\/wp\/v2\/media?parent=20102"}],"wp:term":[{"taxonomy":"category","embeddable":true,"href":"https:\/\/insurancecorp.com.br\/pt\/wp-json\/wp\/v2\/categories?post=20102"},{"taxonomy":"post_tag","embeddable":true,"href":"https:\/\/insurancecorp.com.br\/pt\/wp-json\/wp\/v2\/tags?post=20102"}],"curies":[{"name":"wp","href":"https:\/\/api.w.org\/{rel}","templated":true}]}}