{"id":20036,"date":"2020-10-29T12:31:23","date_gmt":"2020-10-29T15:31:23","guid":{"rendered":"https:\/\/insurancecorp.com.br\/pt\/?p=20036"},"modified":"2020-10-29T12:31:23","modified_gmt":"2020-10-29T15:31:23","slug":"bradesco-lanca-podcast-com-o-tema-seguro-de-vida-na-infancia","status":"publish","type":"post","link":"https:\/\/insurancecorp.com.br\/pt\/2020\/10\/29\/bradesco-lanca-podcast-com-o-tema-seguro-de-vida-na-infancia\/","title":{"rendered":"Bradesco lan\u00e7a podcast com o tema \u2018Seguro de Vida na Inf\u00e2ncia&#8217;"},"content":{"rendered":"<p>Pensando em um planejamento financeiro consistente, muitos pais se perguntam qual \u00e9 o momento recomend\u00e1vel para tratar o tema educa\u00e7\u00e3o financeira com os filhos. Com base nisso, a R\u00e1dio Bradesco Seguros preparou um podcast, com o tema &#8220;Seguro de Vida na Inf\u00e2ncia &#8211; como garantir o futuro dos seus filhos&#8221;. O epis\u00f3dio conta com a participa\u00e7\u00e3o de Bernardo Castello &#8211; diretor da Bradesco Vida e Previd\u00eancia, empresa do Grupo Bradesco Seguros &#8211; e est\u00e1 dispon\u00edvel em diversas plataformas digitais.<br \/>\nPara Castello, o seguro de vida possui v\u00e1rias vantagens para os pais que procuram um investimento de olho no futuro das crian\u00e7as. A prote\u00e7\u00e3o proporcionada pelo produto pode ser vista como um investimento financeiro amplo, principalmente quando se trata de resguardar o patrim\u00f4nio e o poder de compra da fam\u00edlia, garantir a educa\u00e7\u00e3o dos filhos e prover estabilidade e qualidade de vida, independentemente de qualquer imprevisto.<br \/>\n&#8220;Normalmente, o que mais priorizamos para os nossos filhos s\u00e3o a sa\u00fade e a educa\u00e7\u00e3o. Quando pensamos em educa\u00e7\u00e3o, se porventura acontece uma eventualidade na rotina e a pessoa perde o emprego e a renda, a primeira coisa que vem \u00e0 mente \u00e9 como manter a estabilidade financeira. Por exemplo, no caso de uma crian\u00e7a que estuda em col\u00e9gio particular, o seguro educacional serve justamente para garantir a continuidade do estudo. Ent\u00e3o, \u00e9 uma prote\u00e7\u00e3o que visa um planejamento financeiro a longo prazo para essa fam\u00edlia&#8221;, afirma o diretor da Bradesco Vida e Previd\u00eancia.<br \/>\nQuanto ao momento mais adequado para se ter um seguro de vida, Castello observa que, quanto antes adquiri-lo, melhor \u00e9 o benef\u00edcio para o segurado. &#8220;O seguro de vida tem que fazer parte desde o in\u00edcio de uma vida e de um ambiente familiar para justamente proteger o patrim\u00f4nio, a educa\u00e7\u00e3o, os momentos de lazer e os imprevistos que podem acontecer a qualquer momento. \u00c9 um produto indispens\u00e1vel no or\u00e7amento financeiro familiar e possui um custo acess\u00edvel. Por apenas R$ 15,00, j\u00e1 \u00e9 poss\u00edvel adquirir um seguro de vida&#8221;, revela.<br \/>\nNa inf\u00e2ncia e na adolesc\u00eancia, os pais podem e devem ajudar os filhos a lidarem melhor com as suas finan\u00e7as. Por meio da prote\u00e7\u00e3o do seguro de vida, \u00e9 poss\u00edvel ampliar a consci\u00eancia dessas gera\u00e7\u00f5es, principalmente quando o intuito \u00e9 proteger quem se ama, e tendo em vista a possibilidade de a fam\u00edlia utilizar esses benef\u00edcios em vida, garantindo uma situa\u00e7\u00e3o financeira est\u00e1vel, confort\u00e1vel e segura. O podcast est\u00e1 dispon\u00edvel nas plataformas digitais Spotify, Google Podcasts, CastBox, Tune In, Deezer e Itunes.<\/p>\n<p><strong>Confira o postcad: radiobradescoseguros.com.br\/project\/22-como-garantir-o-futuro-dos-nossos-filhos\/<\/strong><\/p>\n<p><strong>Ideal H+K Strategies<\/p>\n<p><\/strong><\/p>\n","protected":false},"excerpt":{"rendered":"<p>Pensando em um planejamento financeiro consistente, muitos pais se perguntam qual \u00e9 o momento recomend\u00e1vel para tratar o tema educa\u00e7\u00e3o financeira com os filhos. Com base nisso, a R\u00e1dio Bradesco Seguros preparou um podcast, com o tema &#8220;Seguro de Vida na Inf\u00e2ncia &#8211; como garantir o futuro dos seus filhos&#8221;. O epis\u00f3dio conta com a [&hellip;]<\/p>\n","protected":false},"author":2,"featured_media":20037,"comment_status":"open","ping_status":"open","sticky":false,"template":"","format":"standard","meta":[],"categories":[413],"tags":[],"jetpack_featured_media_url":"https:\/\/insurancecorp.com.br\/pt\/wp-content\/uploads\/2020\/10\/Argo-Seguros-6-scaled.jpeg","yoast_head":"<!-- This site is optimized with the Yoast SEO plugin v14.8 - https:\/\/yoast.com\/wordpress\/plugins\/seo\/ -->\n<title>Bradesco lan\u00e7a podcast com o tema \u2018Seguro de Vida na Inf\u00e2ncia&#039; | Revista Insurance Corp | PT-BR<\/title>\n<meta name=\"robots\" content=\"index, follow\" \/>\n<meta name=\"googlebot\" content=\"index, follow, max-snippet:-1, max-image-preview:large, max-video-preview:-1\" \/>\n<meta name=\"bingbot\" content=\"index, follow, max-snippet:-1, max-image-preview:large, max-video-preview:-1\" \/>\n<link rel=\"canonical\" href=\"https:\/\/insurancecorp.com.br\/pt\/2020\/10\/29\/bradesco-lanca-podcast-com-o-tema-seguro-de-vida-na-infancia\/\" \/>\n<meta property=\"og:locale\" content=\"pt_BR\" \/>\n<meta property=\"og:type\" content=\"article\" \/>\n<meta property=\"og:title\" content=\"Bradesco lan\u00e7a podcast com o tema \u2018Seguro de Vida na Inf\u00e2ncia&#039; | Revista Insurance Corp | PT-BR\" \/>\n<meta property=\"og:description\" content=\"Pensando em um planejamento financeiro consistente, muitos pais se perguntam qual \u00e9 o momento recomend\u00e1vel para tratar o tema educa\u00e7\u00e3o financeira com os filhos. Com base nisso, a R\u00e1dio Bradesco Seguros preparou um podcast, com o tema &#8220;Seguro de Vida na Inf\u00e2ncia &#8211; como garantir o futuro dos seus filhos&#8221;. O epis\u00f3dio conta com a [&hellip;]\" \/>\n<meta property=\"og:url\" content=\"https:\/\/insurancecorp.com.br\/pt\/2020\/10\/29\/bradesco-lanca-podcast-com-o-tema-seguro-de-vida-na-infancia\/\" \/>\n<meta property=\"og:site_name\" content=\"Revista Insurance Corp | PT-BR\" \/>\n<meta property=\"article:publisher\" content=\"https:\/\/www.facebook.com\/RevistaInsuranceCorp\/\" \/>\n<meta property=\"article:published_time\" content=\"2020-10-29T15:31:23+00:00\" \/>\n<meta property=\"og:image\" content=\"https:\/\/insurancecorp.com.br\/pt\/wp-content\/uploads\/2020\/10\/Argo-Seguros-6-scaled.jpeg\" \/>\n\t<meta property=\"og:image:width\" content=\"2560\" \/>\n\t<meta property=\"og:image:height\" content=\"1706\" \/>\n<meta name=\"twitter:card\" content=\"summary\" \/>\n<script type=\"application\/ld+json\" class=\"yoast-schema-graph\">{\"@context\":\"https:\/\/schema.org\",\"@graph\":[{\"@type\":\"Organization\",\"@id\":\"https:\/\/insurancecorp.com.br\/pt\/#organization\",\"name\":\"Revista Insurance Corp\",\"url\":\"https:\/\/insurancecorp.com.br\/pt\/\",\"sameAs\":[\"https:\/\/www.facebook.com\/RevistaInsuranceCorp\/\"],\"logo\":{\"@type\":\"ImageObject\",\"@id\":\"https:\/\/insurancecorp.com.br\/pt\/#logo\",\"inLanguage\":\"pt-BR\",\"url\":\"\",\"caption\":\"Revista Insurance Corp\"},\"image\":{\"@id\":\"https:\/\/insurancecorp.com.br\/pt\/#logo\"}},{\"@type\":\"WebSite\",\"@id\":\"https:\/\/insurancecorp.com.br\/pt\/#website\",\"url\":\"https:\/\/insurancecorp.com.br\/pt\/\",\"name\":\"Revista Insurance Corp | PT-BR\",\"description\":\"A \\u00fanica revista bil\\u00edngue voltada ao mercado de seguro.\",\"publisher\":{\"@id\":\"https:\/\/insurancecorp.com.br\/pt\/#organization\"},\"potentialAction\":[{\"@type\":\"SearchAction\",\"target\":\"https:\/\/insurancecorp.com.br\/pt\/?s={search_term_string}\",\"query-input\":\"required name=search_term_string\"}],\"inLanguage\":\"pt-BR\"},{\"@type\":\"ImageObject\",\"@id\":\"https:\/\/insurancecorp.com.br\/pt\/2020\/10\/29\/bradesco-lanca-podcast-com-o-tema-seguro-de-vida-na-infancia\/#primaryimage\",\"inLanguage\":\"pt-BR\",\"url\":\"https:\/\/insurancecorp.com.br\/pt\/wp-content\/uploads\/2020\/10\/Argo-Seguros-6-scaled.jpeg\",\"width\":2560,\"height\":1706},{\"@type\":\"WebPage\",\"@id\":\"https:\/\/insurancecorp.com.br\/pt\/2020\/10\/29\/bradesco-lanca-podcast-com-o-tema-seguro-de-vida-na-infancia\/#webpage\",\"url\":\"https:\/\/insurancecorp.com.br\/pt\/2020\/10\/29\/bradesco-lanca-podcast-com-o-tema-seguro-de-vida-na-infancia\/\",\"name\":\"Bradesco lan\\u00e7a podcast com o tema \\u2018Seguro de Vida na Inf\\u00e2ncia' | Revista Insurance Corp | PT-BR\",\"isPartOf\":{\"@id\":\"https:\/\/insurancecorp.com.br\/pt\/#website\"},\"primaryImageOfPage\":{\"@id\":\"https:\/\/insurancecorp.com.br\/pt\/2020\/10\/29\/bradesco-lanca-podcast-com-o-tema-seguro-de-vida-na-infancia\/#primaryimage\"},\"datePublished\":\"2020-10-29T15:31:23+00:00\",\"dateModified\":\"2020-10-29T15:31:23+00:00\",\"inLanguage\":\"pt-BR\",\"potentialAction\":[{\"@type\":\"ReadAction\",\"target\":[\"https:\/\/insurancecorp.com.br\/pt\/2020\/10\/29\/bradesco-lanca-podcast-com-o-tema-seguro-de-vida-na-infancia\/\"]}]},{\"@type\":\"Article\",\"@id\":\"https:\/\/insurancecorp.com.br\/pt\/2020\/10\/29\/bradesco-lanca-podcast-com-o-tema-seguro-de-vida-na-infancia\/#article\",\"isPartOf\":{\"@id\":\"https:\/\/insurancecorp.com.br\/pt\/2020\/10\/29\/bradesco-lanca-podcast-com-o-tema-seguro-de-vida-na-infancia\/#webpage\"},\"author\":{\"@id\":\"https:\/\/insurancecorp.com.br\/pt\/#\/schema\/person\/1b69c8cf325f0b7167f1b171f52df4af\"},\"headline\":\"Bradesco lan\\u00e7a podcast com o tema \\u2018Seguro de Vida na Inf\\u00e2ncia&#8217;\",\"datePublished\":\"2020-10-29T15:31:23+00:00\",\"dateModified\":\"2020-10-29T15:31:23+00:00\",\"mainEntityOfPage\":{\"@id\":\"https:\/\/insurancecorp.com.br\/pt\/2020\/10\/29\/bradesco-lanca-podcast-com-o-tema-seguro-de-vida-na-infancia\/#webpage\"},\"commentCount\":0,\"publisher\":{\"@id\":\"https:\/\/insurancecorp.com.br\/pt\/#organization\"},\"image\":{\"@id\":\"https:\/\/insurancecorp.com.br\/pt\/2020\/10\/29\/bradesco-lanca-podcast-com-o-tema-seguro-de-vida-na-infancia\/#primaryimage\"},\"articleSection\":\"Bradesco Seguros\",\"inLanguage\":\"pt-BR\",\"potentialAction\":[{\"@type\":\"CommentAction\",\"name\":\"Comment\",\"target\":[\"https:\/\/insurancecorp.com.br\/pt\/2020\/10\/29\/bradesco-lanca-podcast-com-o-tema-seguro-de-vida-na-infancia\/#respond\"]}]},{\"@type\":\"Person\",\"@id\":\"https:\/\/insurancecorp.com.br\/pt\/#\/schema\/person\/1b69c8cf325f0b7167f1b171f52df4af\",\"name\":\"Publica\\u00e7\\u00e3o\",\"image\":{\"@type\":\"ImageObject\",\"@id\":\"https:\/\/insurancecorp.com.br\/pt\/#personlogo\",\"inLanguage\":\"pt-BR\",\"url\":\"https:\/\/secure.gravatar.com\/avatar\/17226f1f60486eb25d4c6b301ffed37f?s=96&d=mm&r=g\",\"caption\":\"Publica\\u00e7\\u00e3o\"}}]}<\/script>\n<!-- \/ Yoast SEO plugin. -->","_links":{"self":[{"href":"https:\/\/insurancecorp.com.br\/pt\/wp-json\/wp\/v2\/posts\/20036"}],"collection":[{"href":"https:\/\/insurancecorp.com.br\/pt\/wp-json\/wp\/v2\/posts"}],"about":[{"href":"https:\/\/insurancecorp.com.br\/pt\/wp-json\/wp\/v2\/types\/post"}],"author":[{"embeddable":true,"href":"https:\/\/insurancecorp.com.br\/pt\/wp-json\/wp\/v2\/users\/2"}],"replies":[{"embeddable":true,"href":"https:\/\/insurancecorp.com.br\/pt\/wp-json\/wp\/v2\/comments?post=20036"}],"version-history":[{"count":2,"href":"https:\/\/insurancecorp.com.br\/pt\/wp-json\/wp\/v2\/posts\/20036\/revisions"}],"predecessor-version":[{"id":20039,"href":"https:\/\/insurancecorp.com.br\/pt\/wp-json\/wp\/v2\/posts\/20036\/revisions\/20039"}],"wp:featuredmedia":[{"embeddable":true,"href":"https:\/\/insurancecorp.com.br\/pt\/wp-json\/wp\/v2\/media\/20037"}],"wp:attachment":[{"href":"https:\/\/insurancecorp.com.br\/pt\/wp-json\/wp\/v2\/media?parent=20036"}],"wp:term":[{"taxonomy":"category","embeddable":true,"href":"https:\/\/insurancecorp.com.br\/pt\/wp-json\/wp\/v2\/categories?post=20036"},{"taxonomy":"post_tag","embeddable":true,"href":"https:\/\/insurancecorp.com.br\/pt\/wp-json\/wp\/v2\/tags?post=20036"}],"curies":[{"name":"wp","href":"https:\/\/api.w.org\/{rel}","templated":true}]}}