{"id":19951,"date":"2020-10-27T10:07:07","date_gmt":"2020-10-27T13:07:07","guid":{"rendered":"https:\/\/insurancecorp.com.br\/pt\/?p=19951"},"modified":"2020-10-27T10:08:17","modified_gmt":"2020-10-27T13:08:17","slug":"direto-reto-com-camillo-apresenta-parceria-do-sincor-sp","status":"publish","type":"post","link":"https:\/\/insurancecorp.com.br\/pt\/2020\/10\/27\/direto-reto-com-camillo-apresenta-parceria-do-sincor-sp\/","title":{"rendered":"Direto &#038; Reto com Camillo apresenta  parceria do Sincor-SP"},"content":{"rendered":"<table width=\"600\">\n<tbody>\n<tr>\n<td width=\"600\">A 21\u00aa edi\u00e7\u00e3o do Direto &amp; Reto com Camillo vai apresentar uma nova\u00a0parceira\u00a0do Sindicato de Empres\u00e1rios e Profissionais Aut\u00f4nomos da Corretagem e da Distribui\u00e7\u00e3o de Seguros do Estado de S\u00e3o Paulo (Sincor-SP), a Seggy. A transmiss\u00e3o acontece nesta quarta-feira (28\/10), a partir das 10h, pelo\u00a0<a href=\"https:\/\/youtu.be\/Z4aeQ62arsw\">canal da TV Sincor-SP<\/a>,\u00a0no YouTube.<\/p>\n<p>Para falar sobre o tema\u00a0&#8220;App do Corretor &#8211; Uma ferramenta que vai turbinar suas vendas&#8221;,\u00a0o\u00a0presidente do Sincor-SP, Alexandre Camillo, vai receber o CEO e o COO da Seggy, Jose Roberto Sousa e Rui Bussab, que far\u00e3o o lan\u00e7amento do App do Corretor, um aplicativo que ir\u00e1 auxiliar a categoria a se tornar digital.<\/p>\n<p>J\u00e1 \u00e9 poss\u00edvel participar enviando perguntas, questionamentos e coment\u00e1rios sobre o tema para o WhatsApp (11) 97363-0844.\u00a0Al\u00e9m da novidade, Camillo tamb\u00e9m ir\u00e1 atualizar os corretores sobre as lutas pol\u00edticas da entidade e iniciativas que est\u00e3o por vir.<\/td>\n<\/tr>\n<tr>\n<td width=\"600\"><strong>Assessoria de Imprensa Sincor-SP<\/strong><\/td>\n<\/tr>\n<\/tbody>\n<\/table>\n","protected":false},"excerpt":{"rendered":"<p>A 21\u00aa edi\u00e7\u00e3o do Direto &amp; Reto com Camillo vai apresentar uma nova\u00a0parceira\u00a0do Sindicato de Empres\u00e1rios e Profissionais Aut\u00f4nomos da Corretagem e da Distribui\u00e7\u00e3o de Seguros do Estado de S\u00e3o Paulo (Sincor-SP), a Seggy. A transmiss\u00e3o acontece nesta quarta-feira (28\/10), a partir das 10h, pelo\u00a0canal da TV Sincor-SP,\u00a0no YouTube. Para falar sobre o tema\u00a0&#8220;App do [&hellip;]<\/p>\n","protected":false},"author":2,"featured_media":19952,"comment_status":"open","ping_status":"open","sticky":false,"template":"","format":"standard","meta":[],"categories":[376],"tags":[],"jetpack_featured_media_url":"https:\/\/insurancecorp.com.br\/pt\/wp-content\/uploads\/2020\/10\/0-74.jpg","yoast_head":"<!-- This site is optimized with the Yoast SEO plugin v14.8 - https:\/\/yoast.com\/wordpress\/plugins\/seo\/ -->\n<title>Direto &amp; Reto com Camillo apresenta parceria do Sincor-SP | Revista Insurance Corp | PT-BR<\/title>\n<meta name=\"robots\" content=\"index, follow\" \/>\n<meta name=\"googlebot\" content=\"index, follow, max-snippet:-1, max-image-preview:large, max-video-preview:-1\" \/>\n<meta name=\"bingbot\" content=\"index, follow, max-snippet:-1, max-image-preview:large, max-video-preview:-1\" \/>\n<link rel=\"canonical\" href=\"https:\/\/insurancecorp.com.br\/pt\/2020\/10\/27\/direto-reto-com-camillo-apresenta-parceria-do-sincor-sp\/\" \/>\n<meta property=\"og:locale\" content=\"pt_BR\" \/>\n<meta property=\"og:type\" content=\"article\" \/>\n<meta property=\"og:title\" content=\"Direto &amp; Reto com Camillo apresenta parceria do Sincor-SP | Revista Insurance Corp | PT-BR\" \/>\n<meta property=\"og:description\" content=\"A 21\u00aa edi\u00e7\u00e3o do Direto &amp; Reto com Camillo vai apresentar uma nova\u00a0parceira\u00a0do Sindicato de Empres\u00e1rios e Profissionais Aut\u00f4nomos da Corretagem e da Distribui\u00e7\u00e3o de Seguros do Estado de S\u00e3o Paulo (Sincor-SP), a Seggy. A transmiss\u00e3o acontece nesta quarta-feira (28\/10), a partir das 10h, pelo\u00a0canal da TV Sincor-SP,\u00a0no YouTube. Para falar sobre o tema\u00a0&#8220;App do [&hellip;]\" \/>\n<meta property=\"og:url\" content=\"https:\/\/insurancecorp.com.br\/pt\/2020\/10\/27\/direto-reto-com-camillo-apresenta-parceria-do-sincor-sp\/\" \/>\n<meta property=\"og:site_name\" content=\"Revista Insurance Corp | PT-BR\" \/>\n<meta property=\"article:publisher\" content=\"https:\/\/www.facebook.com\/RevistaInsuranceCorp\/\" \/>\n<meta property=\"article:published_time\" content=\"2020-10-27T13:07:07+00:00\" \/>\n<meta property=\"article:modified_time\" content=\"2020-10-27T13:08:17+00:00\" \/>\n<meta property=\"og:image\" content=\"https:\/\/insurancecorp.com.br\/pt\/wp-content\/uploads\/2020\/10\/0-74.jpg\" \/>\n\t<meta property=\"og:image:width\" content=\"683\" \/>\n\t<meta property=\"og:image:height\" content=\"385\" \/>\n<meta name=\"twitter:card\" content=\"summary\" \/>\n<script type=\"application\/ld+json\" class=\"yoast-schema-graph\">{\"@context\":\"https:\/\/schema.org\",\"@graph\":[{\"@type\":\"Organization\",\"@id\":\"https:\/\/insurancecorp.com.br\/pt\/#organization\",\"name\":\"Revista Insurance Corp\",\"url\":\"https:\/\/insurancecorp.com.br\/pt\/\",\"sameAs\":[\"https:\/\/www.facebook.com\/RevistaInsuranceCorp\/\"],\"logo\":{\"@type\":\"ImageObject\",\"@id\":\"https:\/\/insurancecorp.com.br\/pt\/#logo\",\"inLanguage\":\"pt-BR\",\"url\":\"\",\"caption\":\"Revista Insurance Corp\"},\"image\":{\"@id\":\"https:\/\/insurancecorp.com.br\/pt\/#logo\"}},{\"@type\":\"WebSite\",\"@id\":\"https:\/\/insurancecorp.com.br\/pt\/#website\",\"url\":\"https:\/\/insurancecorp.com.br\/pt\/\",\"name\":\"Revista Insurance Corp | PT-BR\",\"description\":\"A \\u00fanica revista bil\\u00edngue voltada ao mercado de seguro.\",\"publisher\":{\"@id\":\"https:\/\/insurancecorp.com.br\/pt\/#organization\"},\"potentialAction\":[{\"@type\":\"SearchAction\",\"target\":\"https:\/\/insurancecorp.com.br\/pt\/?s={search_term_string}\",\"query-input\":\"required name=search_term_string\"}],\"inLanguage\":\"pt-BR\"},{\"@type\":\"ImageObject\",\"@id\":\"https:\/\/insurancecorp.com.br\/pt\/2020\/10\/27\/direto-reto-com-camillo-apresenta-parceria-do-sincor-sp\/#primaryimage\",\"inLanguage\":\"pt-BR\",\"url\":\"https:\/\/insurancecorp.com.br\/pt\/wp-content\/uploads\/2020\/10\/0-74.jpg\",\"width\":683,\"height\":385},{\"@type\":\"WebPage\",\"@id\":\"https:\/\/insurancecorp.com.br\/pt\/2020\/10\/27\/direto-reto-com-camillo-apresenta-parceria-do-sincor-sp\/#webpage\",\"url\":\"https:\/\/insurancecorp.com.br\/pt\/2020\/10\/27\/direto-reto-com-camillo-apresenta-parceria-do-sincor-sp\/\",\"name\":\"Direto & Reto com Camillo apresenta parceria do Sincor-SP | Revista Insurance Corp | PT-BR\",\"isPartOf\":{\"@id\":\"https:\/\/insurancecorp.com.br\/pt\/#website\"},\"primaryImageOfPage\":{\"@id\":\"https:\/\/insurancecorp.com.br\/pt\/2020\/10\/27\/direto-reto-com-camillo-apresenta-parceria-do-sincor-sp\/#primaryimage\"},\"datePublished\":\"2020-10-27T13:07:07+00:00\",\"dateModified\":\"2020-10-27T13:08:17+00:00\",\"inLanguage\":\"pt-BR\",\"potentialAction\":[{\"@type\":\"ReadAction\",\"target\":[\"https:\/\/insurancecorp.com.br\/pt\/2020\/10\/27\/direto-reto-com-camillo-apresenta-parceria-do-sincor-sp\/\"]}]},{\"@type\":\"Article\",\"@id\":\"https:\/\/insurancecorp.com.br\/pt\/2020\/10\/27\/direto-reto-com-camillo-apresenta-parceria-do-sincor-sp\/#article\",\"isPartOf\":{\"@id\":\"https:\/\/insurancecorp.com.br\/pt\/2020\/10\/27\/direto-reto-com-camillo-apresenta-parceria-do-sincor-sp\/#webpage\"},\"author\":{\"@id\":\"https:\/\/insurancecorp.com.br\/pt\/#\/schema\/person\/1b69c8cf325f0b7167f1b171f52df4af\"},\"headline\":\"Direto &#038; Reto com Camillo apresenta parceria do Sincor-SP\",\"datePublished\":\"2020-10-27T13:07:07+00:00\",\"dateModified\":\"2020-10-27T13:08:17+00:00\",\"mainEntityOfPage\":{\"@id\":\"https:\/\/insurancecorp.com.br\/pt\/2020\/10\/27\/direto-reto-com-camillo-apresenta-parceria-do-sincor-sp\/#webpage\"},\"commentCount\":0,\"publisher\":{\"@id\":\"https:\/\/insurancecorp.com.br\/pt\/#organization\"},\"image\":{\"@id\":\"https:\/\/insurancecorp.com.br\/pt\/2020\/10\/27\/direto-reto-com-camillo-apresenta-parceria-do-sincor-sp\/#primaryimage\"},\"articleSection\":\"Programa Direto e Reto\",\"inLanguage\":\"pt-BR\",\"potentialAction\":[{\"@type\":\"CommentAction\",\"name\":\"Comment\",\"target\":[\"https:\/\/insurancecorp.com.br\/pt\/2020\/10\/27\/direto-reto-com-camillo-apresenta-parceria-do-sincor-sp\/#respond\"]}]},{\"@type\":\"Person\",\"@id\":\"https:\/\/insurancecorp.com.br\/pt\/#\/schema\/person\/1b69c8cf325f0b7167f1b171f52df4af\",\"name\":\"Publica\\u00e7\\u00e3o\",\"image\":{\"@type\":\"ImageObject\",\"@id\":\"https:\/\/insurancecorp.com.br\/pt\/#personlogo\",\"inLanguage\":\"pt-BR\",\"url\":\"https:\/\/secure.gravatar.com\/avatar\/17226f1f60486eb25d4c6b301ffed37f?s=96&d=mm&r=g\",\"caption\":\"Publica\\u00e7\\u00e3o\"}}]}<\/script>\n<!-- \/ Yoast SEO plugin. -->","_links":{"self":[{"href":"https:\/\/insurancecorp.com.br\/pt\/wp-json\/wp\/v2\/posts\/19951"}],"collection":[{"href":"https:\/\/insurancecorp.com.br\/pt\/wp-json\/wp\/v2\/posts"}],"about":[{"href":"https:\/\/insurancecorp.com.br\/pt\/wp-json\/wp\/v2\/types\/post"}],"author":[{"embeddable":true,"href":"https:\/\/insurancecorp.com.br\/pt\/wp-json\/wp\/v2\/users\/2"}],"replies":[{"embeddable":true,"href":"https:\/\/insurancecorp.com.br\/pt\/wp-json\/wp\/v2\/comments?post=19951"}],"version-history":[{"count":2,"href":"https:\/\/insurancecorp.com.br\/pt\/wp-json\/wp\/v2\/posts\/19951\/revisions"}],"predecessor-version":[{"id":19954,"href":"https:\/\/insurancecorp.com.br\/pt\/wp-json\/wp\/v2\/posts\/19951\/revisions\/19954"}],"wp:featuredmedia":[{"embeddable":true,"href":"https:\/\/insurancecorp.com.br\/pt\/wp-json\/wp\/v2\/media\/19952"}],"wp:attachment":[{"href":"https:\/\/insurancecorp.com.br\/pt\/wp-json\/wp\/v2\/media?parent=19951"}],"wp:term":[{"taxonomy":"category","embeddable":true,"href":"https:\/\/insurancecorp.com.br\/pt\/wp-json\/wp\/v2\/categories?post=19951"},{"taxonomy":"post_tag","embeddable":true,"href":"https:\/\/insurancecorp.com.br\/pt\/wp-json\/wp\/v2\/tags?post=19951"}],"curies":[{"name":"wp","href":"https:\/\/api.w.org\/{rel}","templated":true}]}}