{"id":19904,"date":"2020-10-26T11:34:36","date_gmt":"2020-10-26T14:34:36","guid":{"rendered":"https:\/\/insurancecorp.com.br\/pt\/?p=19904"},"modified":"2020-10-26T11:37:18","modified_gmt":"2020-10-26T14:37:18","slug":"quem-e-o-profissional-do-futuro-e-o-proximo-evento-promovido-pela-bradesco","status":"publish","type":"post","link":"https:\/\/insurancecorp.com.br\/pt\/2020\/10\/26\/quem-e-o-profissional-do-futuro-e-o-proximo-evento-promovido-pela-bradesco\/","title":{"rendered":"\u2018Quem \u00e9 o profissional do futuro?\u2019 \u00e9 o pr\u00f3ximo evento promovido pela Bradesco"},"content":{"rendered":"<p>Pensando nos novos cen\u00e1rios do mercado, nas compet\u00eancias desejadas pelos recrutadores e em como deve ser o comportamento e habilidades dos profissionais do futuro, a Bradesco Seguros promover\u00e1 na pr\u00f3xima quinta-feira (29\/10), \u00e0s 15h, o evento &#8220;Quem \u00e9 o profissional do futuro?&#8221;. O encontro de Inova\u00e7\u00e3o \u00e9 o segundo de uma s\u00e9rie de quatro eventos que ser\u00e3o realizados ainda neste ano.<\/p>\n<p>A live contar\u00e1 com a presen\u00e7a da Diretora de Recursos Humanos e Sustentabilidade da Bradesco Seguros, Valdirene Soares; do CEO do Grupo Gaia, Jo\u00e3o Paulo Pac\u00edfico; da CEO da StartSe, S\u00f3cia e L\u00edder de Inova\u00e7\u00e3o e Transforma\u00e7\u00e3o Digital para o Mercado Financeiro e Varejo, Isabella Pugliesi; da Head of Finance &amp; Government do Linkedin, Renata Fontana; e com media\u00e7\u00e3o do palestrante, influente empreendedor de startups do Brasil e Diretor de Investimentos da TheVentureCity, Edson Mackeenzy.<\/p>\n<p>Os l\u00edderes ir\u00e3o tratar sobre como os profissionais devem ser manter relevantes diante das novas inova\u00e7\u00f5es do mercado e dicas para construir uma rotina de aprendizagem criativa. Al\u00e9m de um debate de como conservar o fit entre as empresas e os funcion\u00e1rios baseado em valores, miss\u00e3o e prop\u00f3sito. O pilar da discuss\u00e3o ser\u00e1 como construir hist\u00f3rias inovadoras dentro das companhias, aplicando a consci\u00eancia dos aspectos fundamentais para se tornar um talento digital e de como desenvolver a capacidade de reinven\u00e7\u00e3o pessoal de forma cont\u00ednua.<\/p>\n<p>O encontro, aberto ao p\u00fablico, ser\u00e1 transmitido pela plataforma da seguradora &#8211; <a href=\"https:\/\/yedmalazainarxe.i-mpr.com\/link.php?code=bDpodHRwJTNBJTJGJTJGbGl2ZWJzLmNvbS5iciUyRjoyMTQ3MTk3NTYzOnJlZGFjYW9AaW5zdXJhbmNlY29ycC5jb20uYnI6ZTg0NWIx\">Live BS <\/a><a href=\"https:\/\/yedmalazainarxe.i-mpr.com\/link.php?code=bDpodHRwJTNBJTJGJTJGbGl2ZWJzLmNvbS5iciUyRjoyMTQ3MTk3NTYzOnJlZGFjYW9AaW5zdXJhbmNlY29ycC5jb20uYnI6ZTg0NWIx\">e<\/a> pelo canal oficial da seguradora no YouTube. Em novembro, acontece o terceiro evento de inova\u00e7\u00e3o da Bradesco Seguros, em que ser\u00e1 abordado o tema &#8220;A Cultura da Inova\u00e7\u00e3o e o Processo de Transforma\u00e7\u00e3o Corporativa&#8221;.<\/p>\n<p><strong>Ideal H+K Strategies <\/strong><\/p>\n","protected":false},"excerpt":{"rendered":"<p>Pensando nos novos cen\u00e1rios do mercado, nas compet\u00eancias desejadas pelos recrutadores e em como deve ser o comportamento e habilidades dos profissionais do futuro, a Bradesco Seguros promover\u00e1 na pr\u00f3xima quinta-feira (29\/10), \u00e0s 15h, o evento &#8220;Quem \u00e9 o profissional do futuro?&#8221;. O encontro de Inova\u00e7\u00e3o \u00e9 o segundo de uma s\u00e9rie de quatro eventos [&hellip;]<\/p>\n","protected":false},"author":2,"featured_media":19905,"comment_status":"open","ping_status":"open","sticky":false,"template":"","format":"standard","meta":[],"categories":[413],"tags":[],"jetpack_featured_media_url":"https:\/\/insurancecorp.com.br\/pt\/wp-content\/uploads\/2020\/10\/1-26.png","yoast_head":"<!-- This site is optimized with the Yoast SEO plugin v14.8 - https:\/\/yoast.com\/wordpress\/plugins\/seo\/ -->\n<title>\u2018Quem \u00e9 o profissional do futuro?\u2019 \u00e9 o pr\u00f3ximo evento promovido pela Bradesco | Revista Insurance Corp | PT-BR<\/title>\n<meta name=\"robots\" content=\"index, follow\" \/>\n<meta name=\"googlebot\" content=\"index, follow, max-snippet:-1, max-image-preview:large, max-video-preview:-1\" \/>\n<meta name=\"bingbot\" content=\"index, follow, max-snippet:-1, max-image-preview:large, max-video-preview:-1\" \/>\n<link rel=\"canonical\" href=\"https:\/\/insurancecorp.com.br\/pt\/2020\/10\/26\/quem-e-o-profissional-do-futuro-e-o-proximo-evento-promovido-pela-bradesco\/\" \/>\n<meta property=\"og:locale\" content=\"pt_BR\" \/>\n<meta property=\"og:type\" content=\"article\" \/>\n<meta property=\"og:title\" content=\"\u2018Quem \u00e9 o profissional do futuro?\u2019 \u00e9 o pr\u00f3ximo evento promovido pela Bradesco | Revista Insurance Corp | PT-BR\" \/>\n<meta property=\"og:description\" content=\"Pensando nos novos cen\u00e1rios do mercado, nas compet\u00eancias desejadas pelos recrutadores e em como deve ser o comportamento e habilidades dos profissionais do futuro, a Bradesco Seguros promover\u00e1 na pr\u00f3xima quinta-feira (29\/10), \u00e0s 15h, o evento &#8220;Quem \u00e9 o profissional do futuro?&#8221;. O encontro de Inova\u00e7\u00e3o \u00e9 o segundo de uma s\u00e9rie de quatro eventos [&hellip;]\" \/>\n<meta property=\"og:url\" content=\"https:\/\/insurancecorp.com.br\/pt\/2020\/10\/26\/quem-e-o-profissional-do-futuro-e-o-proximo-evento-promovido-pela-bradesco\/\" \/>\n<meta property=\"og:site_name\" content=\"Revista Insurance Corp | PT-BR\" \/>\n<meta property=\"article:publisher\" content=\"https:\/\/www.facebook.com\/RevistaInsuranceCorp\/\" \/>\n<meta property=\"article:published_time\" content=\"2020-10-26T14:34:36+00:00\" \/>\n<meta property=\"article:modified_time\" content=\"2020-10-26T14:37:18+00:00\" \/>\n<meta property=\"og:image\" content=\"https:\/\/insurancecorp.com.br\/pt\/wp-content\/uploads\/2020\/10\/1-26.png\" \/>\n\t<meta property=\"og:image:width\" content=\"363\" \/>\n\t<meta property=\"og:image:height\" content=\"139\" \/>\n<meta name=\"twitter:card\" content=\"summary\" \/>\n<script type=\"application\/ld+json\" class=\"yoast-schema-graph\">{\"@context\":\"https:\/\/schema.org\",\"@graph\":[{\"@type\":\"Organization\",\"@id\":\"https:\/\/insurancecorp.com.br\/pt\/#organization\",\"name\":\"Revista Insurance Corp\",\"url\":\"https:\/\/insurancecorp.com.br\/pt\/\",\"sameAs\":[\"https:\/\/www.facebook.com\/RevistaInsuranceCorp\/\"],\"logo\":{\"@type\":\"ImageObject\",\"@id\":\"https:\/\/insurancecorp.com.br\/pt\/#logo\",\"inLanguage\":\"pt-BR\",\"url\":\"\",\"caption\":\"Revista Insurance Corp\"},\"image\":{\"@id\":\"https:\/\/insurancecorp.com.br\/pt\/#logo\"}},{\"@type\":\"WebSite\",\"@id\":\"https:\/\/insurancecorp.com.br\/pt\/#website\",\"url\":\"https:\/\/insurancecorp.com.br\/pt\/\",\"name\":\"Revista Insurance Corp | PT-BR\",\"description\":\"A \\u00fanica revista bil\\u00edngue voltada ao mercado de seguro.\",\"publisher\":{\"@id\":\"https:\/\/insurancecorp.com.br\/pt\/#organization\"},\"potentialAction\":[{\"@type\":\"SearchAction\",\"target\":\"https:\/\/insurancecorp.com.br\/pt\/?s={search_term_string}\",\"query-input\":\"required name=search_term_string\"}],\"inLanguage\":\"pt-BR\"},{\"@type\":\"ImageObject\",\"@id\":\"https:\/\/insurancecorp.com.br\/pt\/2020\/10\/26\/quem-e-o-profissional-do-futuro-e-o-proximo-evento-promovido-pela-bradesco\/#primaryimage\",\"inLanguage\":\"pt-BR\",\"url\":\"https:\/\/insurancecorp.com.br\/pt\/wp-content\/uploads\/2020\/10\/1-26.png\",\"width\":363,\"height\":139},{\"@type\":\"WebPage\",\"@id\":\"https:\/\/insurancecorp.com.br\/pt\/2020\/10\/26\/quem-e-o-profissional-do-futuro-e-o-proximo-evento-promovido-pela-bradesco\/#webpage\",\"url\":\"https:\/\/insurancecorp.com.br\/pt\/2020\/10\/26\/quem-e-o-profissional-do-futuro-e-o-proximo-evento-promovido-pela-bradesco\/\",\"name\":\"\\u2018Quem \\u00e9 o profissional do futuro?\\u2019 \\u00e9 o pr\\u00f3ximo evento promovido pela Bradesco | Revista Insurance Corp | PT-BR\",\"isPartOf\":{\"@id\":\"https:\/\/insurancecorp.com.br\/pt\/#website\"},\"primaryImageOfPage\":{\"@id\":\"https:\/\/insurancecorp.com.br\/pt\/2020\/10\/26\/quem-e-o-profissional-do-futuro-e-o-proximo-evento-promovido-pela-bradesco\/#primaryimage\"},\"datePublished\":\"2020-10-26T14:34:36+00:00\",\"dateModified\":\"2020-10-26T14:37:18+00:00\",\"inLanguage\":\"pt-BR\",\"potentialAction\":[{\"@type\":\"ReadAction\",\"target\":[\"https:\/\/insurancecorp.com.br\/pt\/2020\/10\/26\/quem-e-o-profissional-do-futuro-e-o-proximo-evento-promovido-pela-bradesco\/\"]}]},{\"@type\":\"Article\",\"@id\":\"https:\/\/insurancecorp.com.br\/pt\/2020\/10\/26\/quem-e-o-profissional-do-futuro-e-o-proximo-evento-promovido-pela-bradesco\/#article\",\"isPartOf\":{\"@id\":\"https:\/\/insurancecorp.com.br\/pt\/2020\/10\/26\/quem-e-o-profissional-do-futuro-e-o-proximo-evento-promovido-pela-bradesco\/#webpage\"},\"author\":{\"@id\":\"https:\/\/insurancecorp.com.br\/pt\/#\/schema\/person\/1b69c8cf325f0b7167f1b171f52df4af\"},\"headline\":\"\\u2018Quem \\u00e9 o profissional do futuro?\\u2019 \\u00e9 o pr\\u00f3ximo evento promovido pela Bradesco\",\"datePublished\":\"2020-10-26T14:34:36+00:00\",\"dateModified\":\"2020-10-26T14:37:18+00:00\",\"mainEntityOfPage\":{\"@id\":\"https:\/\/insurancecorp.com.br\/pt\/2020\/10\/26\/quem-e-o-profissional-do-futuro-e-o-proximo-evento-promovido-pela-bradesco\/#webpage\"},\"commentCount\":0,\"publisher\":{\"@id\":\"https:\/\/insurancecorp.com.br\/pt\/#organization\"},\"image\":{\"@id\":\"https:\/\/insurancecorp.com.br\/pt\/2020\/10\/26\/quem-e-o-profissional-do-futuro-e-o-proximo-evento-promovido-pela-bradesco\/#primaryimage\"},\"articleSection\":\"Bradesco Seguros\",\"inLanguage\":\"pt-BR\",\"potentialAction\":[{\"@type\":\"CommentAction\",\"name\":\"Comment\",\"target\":[\"https:\/\/insurancecorp.com.br\/pt\/2020\/10\/26\/quem-e-o-profissional-do-futuro-e-o-proximo-evento-promovido-pela-bradesco\/#respond\"]}]},{\"@type\":\"Person\",\"@id\":\"https:\/\/insurancecorp.com.br\/pt\/#\/schema\/person\/1b69c8cf325f0b7167f1b171f52df4af\",\"name\":\"Publica\\u00e7\\u00e3o\",\"image\":{\"@type\":\"ImageObject\",\"@id\":\"https:\/\/insurancecorp.com.br\/pt\/#personlogo\",\"inLanguage\":\"pt-BR\",\"url\":\"https:\/\/secure.gravatar.com\/avatar\/17226f1f60486eb25d4c6b301ffed37f?s=96&d=mm&r=g\",\"caption\":\"Publica\\u00e7\\u00e3o\"}}]}<\/script>\n<!-- \/ Yoast SEO plugin. -->","_links":{"self":[{"href":"https:\/\/insurancecorp.com.br\/pt\/wp-json\/wp\/v2\/posts\/19904"}],"collection":[{"href":"https:\/\/insurancecorp.com.br\/pt\/wp-json\/wp\/v2\/posts"}],"about":[{"href":"https:\/\/insurancecorp.com.br\/pt\/wp-json\/wp\/v2\/types\/post"}],"author":[{"embeddable":true,"href":"https:\/\/insurancecorp.com.br\/pt\/wp-json\/wp\/v2\/users\/2"}],"replies":[{"embeddable":true,"href":"https:\/\/insurancecorp.com.br\/pt\/wp-json\/wp\/v2\/comments?post=19904"}],"version-history":[{"count":2,"href":"https:\/\/insurancecorp.com.br\/pt\/wp-json\/wp\/v2\/posts\/19904\/revisions"}],"predecessor-version":[{"id":19907,"href":"https:\/\/insurancecorp.com.br\/pt\/wp-json\/wp\/v2\/posts\/19904\/revisions\/19907"}],"wp:featuredmedia":[{"embeddable":true,"href":"https:\/\/insurancecorp.com.br\/pt\/wp-json\/wp\/v2\/media\/19905"}],"wp:attachment":[{"href":"https:\/\/insurancecorp.com.br\/pt\/wp-json\/wp\/v2\/media?parent=19904"}],"wp:term":[{"taxonomy":"category","embeddable":true,"href":"https:\/\/insurancecorp.com.br\/pt\/wp-json\/wp\/v2\/categories?post=19904"},{"taxonomy":"post_tag","embeddable":true,"href":"https:\/\/insurancecorp.com.br\/pt\/wp-json\/wp\/v2\/tags?post=19904"}],"curies":[{"name":"wp","href":"https:\/\/api.w.org\/{rel}","templated":true}]}}