{"id":19842,"date":"2020-10-23T10:04:28","date_gmt":"2020-10-23T13:04:28","guid":{"rendered":"https:\/\/insurancecorp.com.br\/pt\/?p=19842"},"modified":"2020-10-23T10:04:28","modified_gmt":"2020-10-23T13:04:28","slug":"nao-desligue-sua-protecao","status":"publish","type":"post","link":"https:\/\/insurancecorp.com.br\/pt\/2020\/10\/23\/nao-desligue-sua-protecao\/","title":{"rendered":"N\u00e3o \u201cdesligue\u201d sua prote\u00e7\u00e3o"},"content":{"rendered":"<p>*por Antonio Carlos Costa, presidente do Sindicato das Seguradoras RJ\/ES<\/p>\n<p>Amparadas na circular 592 da SUSEP, algumas seguradoras e insurtechs v\u00eam lan\u00e7ando op\u00e7\u00f5es de coberturas on demand. S\u00e3o os chamados seguros intermitentes. Trata-se da modalidade pay per use (&#8220;pague pelo uso&#8221;, em tradu\u00e7\u00e3o livre). Essa nova modalidade de contrata\u00e7\u00e3o tem recebido forte apoio da m\u00eddia em 2020 aqui no Brasil. Com a tecnologia e a sociedade mudando de forma acelerada, novas ofertas de valor agradam os consumidores e despertam o interesse de novos operadores inseridos nesse novo e surpreendente mundo digital.<br \/>\nV\u00e1rios aspectos ainda precisam ser discutidos pelo lado dos operadores do setor de seguros. Conseguiremos escalar n\u00fameros significativos de vendas nessa modalidade? Teremos opera\u00e7\u00f5es sustent\u00e1veis considerando a redu\u00e7\u00e3o de pre\u00e7os m\u00e9dios vis a vis o aumento de perfis de risco agravados na carteira de contratos da seguradora? Teremos faturamento e resultados suficientes para sustentar um significativo aumento em despesas de marketing, especialmente em publicidade, para tornar essa modalidade conhecida e compreendida pela sociedade?<br \/>\nMinha preocupa\u00e7\u00e3o, sob a \u00f3tica do consumidor, reside na comunica\u00e7\u00e3o e compreens\u00e3o. Ser\u00e1 que estamos levando aos consumidores a mensagem certa? Ligar e desligar sua prote\u00e7\u00e3o requer esclarecimentos importantes. O consumidor precisa entender que seu ativo est\u00e1 sujeito a diversos riscos 24hs por dia. Vamos pensar no autom\u00f3vel. Desligar a prote\u00e7\u00e3o do seguro do seu carro ao chegar em casa requer a compreens\u00e3o de que ainda existem riscos e que passam a ser assumidos pelo segurado. Poderia citar aqui uma infinidade de possibilidades, mas vou lembrar uma ocorr\u00eancia que foi impactante e n\u00e3o rara. Em julho de 2016, a \u00e1rea de lazer de um condom\u00ednio de luxo na cidade de Vit\u00f3ria desabou causando a morte do porteiro e danos a aproximadamente 300 ve\u00edculos que estavam estacionados na garagem do pr\u00e9dio. A grande maioria desses ve\u00edculos sofreu perda total e aqueles moradores que tinham seguro de autom\u00f3vel puderam reparar de imediato seus preju\u00edzos. J\u00e1 os moradores sem seguro tiveram que esperar o fim do inqu\u00e9rito policial para buscar seu ressarcimento junto aos causadores do dano. Citei este caso para exemplificar que o seguro de autom\u00f3vel n\u00e3o se restringe a colis\u00f5es e\/ou roubo e furto enquanto o ve\u00edculo est\u00e1 em uso.<br \/>\nOutra preocupa\u00e7\u00e3o diz respeito ao gerenciamento do risco. O consumidor precisa entender que ele passa a gerenciar a prote\u00e7\u00e3o do seu ativo. Ao contr\u00e1rio do conforto de ter um seguro por prazo previamente determinado e sem interrup\u00e7\u00f5es ocasionais da cobertura, na modalidade on demand o consumidor \u00e9 que faz a an\u00e1lise do seu risco e ativa e desativa a sua prote\u00e7\u00e3o. Importante alertar que se trata de tarefa no m\u00ednimo preocupante, especialmente vivendo num mundo com tantos desafios e contratempos, j\u00e1 que estaremos transferindo essa responsabilidade para o segurado.<br \/>\nEssa nova modalidade n\u00e3o ser\u00e1 a \u201cbala de prata\u201d do pre\u00e7o justo. A contrata\u00e7\u00e3o do seguro anual j\u00e1 consegue captar qual \u00e9 a efetiva utiliza\u00e7\u00e3o do ve\u00edculo ao longo da vig\u00eancia do contrato, com o conforto de voc\u00ea n\u00e3o precisar ligar e desligar sua cobertura e prote\u00e7\u00e3o.<\/p>\n<p><strong>FSB Comunica\u00e7\u00e3o<\/strong><\/p>\n","protected":false},"excerpt":{"rendered":"<p>*por Antonio Carlos Costa, presidente do Sindicato das Seguradoras RJ\/ES Amparadas na circular 592 da SUSEP, algumas seguradoras e insurtechs v\u00eam lan\u00e7ando op\u00e7\u00f5es de coberturas on demand. S\u00e3o os chamados seguros intermitentes. Trata-se da modalidade pay per use (&#8220;pague pelo uso&#8221;, em tradu\u00e7\u00e3o livre). Essa nova modalidade de contrata\u00e7\u00e3o tem recebido forte apoio da m\u00eddia [&hellip;]<\/p>\n","protected":false},"author":2,"featured_media":19843,"comment_status":"open","ping_status":"open","sticky":false,"template":"","format":"standard","meta":[],"categories":[153],"tags":[],"jetpack_featured_media_url":"https:\/\/insurancecorp.com.br\/pt\/wp-content\/uploads\/2020\/10\/1-23.png","yoast_head":"<!-- This site is optimized with the Yoast SEO plugin v14.8 - https:\/\/yoast.com\/wordpress\/plugins\/seo\/ -->\n<title>N\u00e3o \u201cdesligue\u201d sua prote\u00e7\u00e3o | Revista Insurance Corp | PT-BR<\/title>\n<meta name=\"robots\" content=\"index, follow\" \/>\n<meta name=\"googlebot\" content=\"index, follow, max-snippet:-1, max-image-preview:large, max-video-preview:-1\" \/>\n<meta name=\"bingbot\" content=\"index, follow, max-snippet:-1, max-image-preview:large, max-video-preview:-1\" \/>\n<link rel=\"canonical\" href=\"https:\/\/insurancecorp.com.br\/pt\/2020\/10\/23\/nao-desligue-sua-protecao\/\" \/>\n<meta property=\"og:locale\" content=\"pt_BR\" \/>\n<meta property=\"og:type\" content=\"article\" \/>\n<meta property=\"og:title\" content=\"N\u00e3o \u201cdesligue\u201d sua prote\u00e7\u00e3o | Revista Insurance Corp | PT-BR\" \/>\n<meta property=\"og:description\" content=\"*por Antonio Carlos Costa, presidente do Sindicato das Seguradoras RJ\/ES Amparadas na circular 592 da SUSEP, algumas seguradoras e insurtechs v\u00eam lan\u00e7ando op\u00e7\u00f5es de coberturas on demand. S\u00e3o os chamados seguros intermitentes. Trata-se da modalidade pay per use (&#8220;pague pelo uso&#8221;, em tradu\u00e7\u00e3o livre). Essa nova modalidade de contrata\u00e7\u00e3o tem recebido forte apoio da m\u00eddia [&hellip;]\" \/>\n<meta property=\"og:url\" content=\"https:\/\/insurancecorp.com.br\/pt\/2020\/10\/23\/nao-desligue-sua-protecao\/\" \/>\n<meta property=\"og:site_name\" content=\"Revista Insurance Corp | PT-BR\" \/>\n<meta property=\"article:publisher\" content=\"https:\/\/www.facebook.com\/RevistaInsuranceCorp\/\" \/>\n<meta property=\"article:published_time\" content=\"2020-10-23T13:04:28+00:00\" \/>\n<meta property=\"og:image\" content=\"https:\/\/insurancecorp.com.br\/pt\/wp-content\/uploads\/2020\/10\/1-23.png\" \/>\n\t<meta property=\"og:image:width\" content=\"1141\" \/>\n\t<meta property=\"og:image:height\" content=\"641\" \/>\n<meta name=\"twitter:card\" content=\"summary\" \/>\n<script type=\"application\/ld+json\" class=\"yoast-schema-graph\">{\"@context\":\"https:\/\/schema.org\",\"@graph\":[{\"@type\":\"Organization\",\"@id\":\"https:\/\/insurancecorp.com.br\/pt\/#organization\",\"name\":\"Revista Insurance Corp\",\"url\":\"https:\/\/insurancecorp.com.br\/pt\/\",\"sameAs\":[\"https:\/\/www.facebook.com\/RevistaInsuranceCorp\/\"],\"logo\":{\"@type\":\"ImageObject\",\"@id\":\"https:\/\/insurancecorp.com.br\/pt\/#logo\",\"inLanguage\":\"pt-BR\",\"url\":\"\",\"caption\":\"Revista Insurance Corp\"},\"image\":{\"@id\":\"https:\/\/insurancecorp.com.br\/pt\/#logo\"}},{\"@type\":\"WebSite\",\"@id\":\"https:\/\/insurancecorp.com.br\/pt\/#website\",\"url\":\"https:\/\/insurancecorp.com.br\/pt\/\",\"name\":\"Revista Insurance Corp | PT-BR\",\"description\":\"A \\u00fanica revista bil\\u00edngue voltada ao mercado de seguro.\",\"publisher\":{\"@id\":\"https:\/\/insurancecorp.com.br\/pt\/#organization\"},\"potentialAction\":[{\"@type\":\"SearchAction\",\"target\":\"https:\/\/insurancecorp.com.br\/pt\/?s={search_term_string}\",\"query-input\":\"required name=search_term_string\"}],\"inLanguage\":\"pt-BR\"},{\"@type\":\"ImageObject\",\"@id\":\"https:\/\/insurancecorp.com.br\/pt\/2020\/10\/23\/nao-desligue-sua-protecao\/#primaryimage\",\"inLanguage\":\"pt-BR\",\"url\":\"https:\/\/insurancecorp.com.br\/pt\/wp-content\/uploads\/2020\/10\/1-23.png\",\"width\":1141,\"height\":641},{\"@type\":\"WebPage\",\"@id\":\"https:\/\/insurancecorp.com.br\/pt\/2020\/10\/23\/nao-desligue-sua-protecao\/#webpage\",\"url\":\"https:\/\/insurancecorp.com.br\/pt\/2020\/10\/23\/nao-desligue-sua-protecao\/\",\"name\":\"N\\u00e3o \\u201cdesligue\\u201d sua prote\\u00e7\\u00e3o | Revista Insurance Corp | PT-BR\",\"isPartOf\":{\"@id\":\"https:\/\/insurancecorp.com.br\/pt\/#website\"},\"primaryImageOfPage\":{\"@id\":\"https:\/\/insurancecorp.com.br\/pt\/2020\/10\/23\/nao-desligue-sua-protecao\/#primaryimage\"},\"datePublished\":\"2020-10-23T13:04:28+00:00\",\"dateModified\":\"2020-10-23T13:04:28+00:00\",\"inLanguage\":\"pt-BR\",\"potentialAction\":[{\"@type\":\"ReadAction\",\"target\":[\"https:\/\/insurancecorp.com.br\/pt\/2020\/10\/23\/nao-desligue-sua-protecao\/\"]}]},{\"@type\":\"Article\",\"@id\":\"https:\/\/insurancecorp.com.br\/pt\/2020\/10\/23\/nao-desligue-sua-protecao\/#article\",\"isPartOf\":{\"@id\":\"https:\/\/insurancecorp.com.br\/pt\/2020\/10\/23\/nao-desligue-sua-protecao\/#webpage\"},\"author\":{\"@id\":\"https:\/\/insurancecorp.com.br\/pt\/#\/schema\/person\/1b69c8cf325f0b7167f1b171f52df4af\"},\"headline\":\"N\\u00e3o \\u201cdesligue\\u201d sua prote\\u00e7\\u00e3o\",\"datePublished\":\"2020-10-23T13:04:28+00:00\",\"dateModified\":\"2020-10-23T13:04:28+00:00\",\"mainEntityOfPage\":{\"@id\":\"https:\/\/insurancecorp.com.br\/pt\/2020\/10\/23\/nao-desligue-sua-protecao\/#webpage\"},\"commentCount\":0,\"publisher\":{\"@id\":\"https:\/\/insurancecorp.com.br\/pt\/#organization\"},\"image\":{\"@id\":\"https:\/\/insurancecorp.com.br\/pt\/2020\/10\/23\/nao-desligue-sua-protecao\/#primaryimage\"},\"articleSection\":\"Interesse Mercado\",\"inLanguage\":\"pt-BR\",\"potentialAction\":[{\"@type\":\"CommentAction\",\"name\":\"Comment\",\"target\":[\"https:\/\/insurancecorp.com.br\/pt\/2020\/10\/23\/nao-desligue-sua-protecao\/#respond\"]}]},{\"@type\":\"Person\",\"@id\":\"https:\/\/insurancecorp.com.br\/pt\/#\/schema\/person\/1b69c8cf325f0b7167f1b171f52df4af\",\"name\":\"Publica\\u00e7\\u00e3o\",\"image\":{\"@type\":\"ImageObject\",\"@id\":\"https:\/\/insurancecorp.com.br\/pt\/#personlogo\",\"inLanguage\":\"pt-BR\",\"url\":\"https:\/\/secure.gravatar.com\/avatar\/17226f1f60486eb25d4c6b301ffed37f?s=96&d=mm&r=g\",\"caption\":\"Publica\\u00e7\\u00e3o\"}}]}<\/script>\n<!-- \/ Yoast SEO plugin. -->","_links":{"self":[{"href":"https:\/\/insurancecorp.com.br\/pt\/wp-json\/wp\/v2\/posts\/19842"}],"collection":[{"href":"https:\/\/insurancecorp.com.br\/pt\/wp-json\/wp\/v2\/posts"}],"about":[{"href":"https:\/\/insurancecorp.com.br\/pt\/wp-json\/wp\/v2\/types\/post"}],"author":[{"embeddable":true,"href":"https:\/\/insurancecorp.com.br\/pt\/wp-json\/wp\/v2\/users\/2"}],"replies":[{"embeddable":true,"href":"https:\/\/insurancecorp.com.br\/pt\/wp-json\/wp\/v2\/comments?post=19842"}],"version-history":[{"count":1,"href":"https:\/\/insurancecorp.com.br\/pt\/wp-json\/wp\/v2\/posts\/19842\/revisions"}],"predecessor-version":[{"id":19844,"href":"https:\/\/insurancecorp.com.br\/pt\/wp-json\/wp\/v2\/posts\/19842\/revisions\/19844"}],"wp:featuredmedia":[{"embeddable":true,"href":"https:\/\/insurancecorp.com.br\/pt\/wp-json\/wp\/v2\/media\/19843"}],"wp:attachment":[{"href":"https:\/\/insurancecorp.com.br\/pt\/wp-json\/wp\/v2\/media?parent=19842"}],"wp:term":[{"taxonomy":"category","embeddable":true,"href":"https:\/\/insurancecorp.com.br\/pt\/wp-json\/wp\/v2\/categories?post=19842"},{"taxonomy":"post_tag","embeddable":true,"href":"https:\/\/insurancecorp.com.br\/pt\/wp-json\/wp\/v2\/tags?post=19842"}],"curies":[{"name":"wp","href":"https:\/\/api.w.org\/{rel}","templated":true}]}}