{"id":19805,"date":"2020-10-22T14:21:22","date_gmt":"2020-10-22T17:21:22","guid":{"rendered":"https:\/\/insurancecorp.com.br\/pt\/?p=19805"},"modified":"2020-10-22T14:21:22","modified_gmt":"2020-10-22T17:21:22","slug":"everis-lanca-academia-para-formacao-de-talentos-com-15-mil-vagas","status":"publish","type":"post","link":"https:\/\/insurancecorp.com.br\/pt\/2020\/10\/22\/everis-lanca-academia-para-formacao-de-talentos-com-15-mil-vagas\/","title":{"rendered":"everis lan\u00e7a academia para forma\u00e7\u00e3o de talentos com 15 mil vagas"},"content":{"rendered":"<p>A everis , consultoria e desenvolvedora de solu\u00e7\u00f5es de neg\u00f3cio e tecnologia da informa\u00e7\u00e3o, lan\u00e7a no Brasil a &#8220;Academia de Talentos&#8221;, um projeto que visa recrutar desenvolvedores de softwares juniores para atuar na organiza\u00e7\u00e3o. &#8220;Ao todo ser\u00e3o disponibilizadas 15 mil vagas gratuitas, que al\u00e9m de democratizar o conhecimento e apoiar o desenvolvimento socioecon\u00f4mico, visa tamb\u00e9m identificar talentos para iniciar sua carreira em um dos centros de excel\u00eancia da gigante de tecnologia espanhola distribu\u00eddos nas cidades de S\u00e3o Paulo, Rio de Janeiro, Uberl\u00e2ndia e Florian\u00f3polis ou atrav\u00e9s de teletrabalho em qualquer regi\u00e3o do pa\u00eds&#8221;<br \/>\nO lan\u00e7amento ocorre por meio de uma parceria fechada pela consultoria com a Digital Innovation One &#8211; maior ecossistema open education da Am\u00e9rica Latina e especialista em recrutamento e processos seletivos sustent\u00e1veis e inclusivos, concedendo a forma\u00e7\u00e3o necess\u00e1ria para que todos os candidatos estejam em iguais condi\u00e7\u00f5es de prepara\u00e7\u00e3o, al\u00e9m de eliminar vieses, colocando o foco da sele\u00e7\u00e3o na compet\u00eancia dos candidatos. As inscri\u00e7\u00f5es j\u00e1 est\u00e3o dispon\u00edveis e podem ser feitas por meio deste http:\/\/digitalinnovation.one\/bootcamps\/everis-fullstack-developer<br \/>\nA &#8220;Academia de Talentos&#8221; visa n\u00e3o somente preparar os inscritos, como tamb\u00e9m promover diversidade e equidade entre os futuros profissionais. O projeto incentiva a participa\u00e7\u00e3o de mulheres, comunidade LGBTQI+, pessoas com defici\u00eancia, profissionais que queiram mudar de profiss\u00e3o, afrodescendentes e outras etnias que, de forma sistem\u00e1tica, encontram mais desafios para adentrar no mercado de trabalho e s\u00e3o pouco representados na \u00e1rea de tecnologia.<br \/>\nA forma\u00e7\u00e3o tem a dura\u00e7\u00e3o de 120 horas, os candidatos precisam ter no m\u00ednimo 18 anos e estar cursando o ensino superior em \u00e1reas correlatas \u00e0 tecnologia.<br \/>\nAs vagas de aprendizado e poss\u00edvel contrata\u00e7\u00e3o s\u00e3o direcionadas justamente para novos talentos que buscam a primeira oportunidade e sofrem da falta de experi\u00eancia como principal empecilho na hora de conseguir um emprego na \u00e1rea de tecnologia. O conte\u00fado disponibilizado durante a forma\u00e7\u00e3o est\u00e1 alinhado com as melhores pr\u00e1ticas utilizadas pela everis em projetos inovadores ao redor do mundo.<br \/>\n&#8220;O setor de TI est\u00e1 em pleno crescimento h\u00e1 anos e a tend\u00eancia \u00e9 que a demanda por talentos se intensifique nos pr\u00f3ximos anos. Hoje, o mercado brasileiro j\u00e1 sofre com a escassez de talentos e consideramos esta parceria essencial, porque podemos contribuir para a forma\u00e7\u00e3o de novas gera\u00e7\u00f5es para atender n\u00e3o s\u00f3 as nossas demandas, mas no desenvolvimento de talentos para todo o mercado corporativo nacional&#8221;, afirma Ricardo Neves, CEO da everis Brasil.<br \/>\nForma\u00e7\u00e3o online<br \/>\nA forma\u00e7\u00e3o, que ser\u00e1 disponibilizado de forma inteiramente online, proporcionar\u00e1 aos inscritos a chance de imergir em projetos profissionais e simular atividades que ilustram situa\u00e7\u00f5es reais da rotina de trabalho em uma empresa n\u00e3o s\u00f3 multinacional, como tamb\u00e9m multicultural. Desta forma, a everis busca aflorar as habilidades comportamentais e real\u00e7ar os aspectos inovadores de cada candidato.<br \/>\n&#8220;Somos uma consultoria de neg\u00f3cios focada em promover a inova\u00e7\u00e3o e desenvolvimento dos neg\u00f3cios dos nossos clientes, por isso as pessoas s\u00e3o nosso maior e mais importante capital. Investimos constantemente no aperfei\u00e7oamento dos talentos e vemos em iniciativas como essa da DIO, uma oportunidade de ajudar a formar talentos prontos para trabalhar com tecnologias diversas a favor da gera\u00e7\u00e3o de neg\u00f3cios, o que vai de encontro \u00e0 nossa cren\u00e7a que tecnologia \u00e9 mais simples do que as pessoas acreditam e que atrav\u00e9s dela, muitos conquistar\u00e3o a empregabilidade sonhada, refor\u00e7a Rita Souza, Diretora de RH na everis Brasil.<br \/>\nAinda durante a capacita\u00e7\u00e3o, mentores e executivos da everis com vasta experi\u00eancia na \u00e1rea de tecnologia estar\u00e3o \u00e0 disposi\u00e7\u00e3o para orientar e esclarecer d\u00favidas sobre proje\u00e7\u00f5es de mercado e direcionamento de carreira. No fim da experi\u00eancia, os 800 candidatos mais bem avaliados ser\u00e3o contratados pela everis como desenvolvedores de softwares junior. Todos os demais participantes que conclu\u00edrem a jornada de aprendizado de forma satisfat\u00f3ria receber\u00e3o um certificado e ficar\u00e3o \u00e0 disposi\u00e7\u00e3o de todas as empresas parceiras da Digital Innovation One para futuras admiss\u00f5es.<\/p>\n<p><strong>Market21 Comunica\u00e7\u00e3o &amp; Marketing<\/strong><\/p>\n","protected":false},"excerpt":{"rendered":"<p>A everis , consultoria e desenvolvedora de solu\u00e7\u00f5es de neg\u00f3cio e tecnologia da informa\u00e7\u00e3o, lan\u00e7a no Brasil a &#8220;Academia de Talentos&#8221;, um projeto que visa recrutar desenvolvedores de softwares juniores para atuar na organiza\u00e7\u00e3o. &#8220;Ao todo ser\u00e3o disponibilizadas 15 mil vagas gratuitas, que al\u00e9m de democratizar o conhecimento e apoiar o desenvolvimento socioecon\u00f4mico, visa tamb\u00e9m [&hellip;]<\/p>\n","protected":false},"author":2,"featured_media":19806,"comment_status":"open","ping_status":"open","sticky":false,"template":"","format":"standard","meta":[],"categories":[387],"tags":[],"jetpack_featured_media_url":"https:\/\/insurancecorp.com.br\/pt\/wp-content\/uploads\/2020\/10\/Argo-Seguros.jpeg","yoast_head":"<!-- This site is optimized with the Yoast SEO plugin v14.8 - https:\/\/yoast.com\/wordpress\/plugins\/seo\/ -->\n<title>everis lan\u00e7a academia para forma\u00e7\u00e3o de talentos com 15 mil vagas | Revista Insurance Corp | PT-BR<\/title>\n<meta name=\"robots\" content=\"index, follow\" \/>\n<meta name=\"googlebot\" content=\"index, follow, max-snippet:-1, max-image-preview:large, max-video-preview:-1\" \/>\n<meta name=\"bingbot\" content=\"index, follow, max-snippet:-1, max-image-preview:large, max-video-preview:-1\" \/>\n<link rel=\"canonical\" href=\"https:\/\/insurancecorp.com.br\/pt\/2020\/10\/22\/everis-lanca-academia-para-formacao-de-talentos-com-15-mil-vagas\/\" \/>\n<meta property=\"og:locale\" content=\"pt_BR\" \/>\n<meta property=\"og:type\" content=\"article\" \/>\n<meta property=\"og:title\" content=\"everis lan\u00e7a academia para forma\u00e7\u00e3o de talentos com 15 mil vagas | Revista Insurance Corp | PT-BR\" \/>\n<meta property=\"og:description\" content=\"A everis , consultoria e desenvolvedora de solu\u00e7\u00f5es de neg\u00f3cio e tecnologia da informa\u00e7\u00e3o, lan\u00e7a no Brasil a &#8220;Academia de Talentos&#8221;, um projeto que visa recrutar desenvolvedores de softwares juniores para atuar na organiza\u00e7\u00e3o. &#8220;Ao todo ser\u00e3o disponibilizadas 15 mil vagas gratuitas, que al\u00e9m de democratizar o conhecimento e apoiar o desenvolvimento socioecon\u00f4mico, visa tamb\u00e9m [&hellip;]\" \/>\n<meta property=\"og:url\" content=\"https:\/\/insurancecorp.com.br\/pt\/2020\/10\/22\/everis-lanca-academia-para-formacao-de-talentos-com-15-mil-vagas\/\" \/>\n<meta property=\"og:site_name\" content=\"Revista Insurance Corp | PT-BR\" \/>\n<meta property=\"article:publisher\" content=\"https:\/\/www.facebook.com\/RevistaInsuranceCorp\/\" \/>\n<meta property=\"article:published_time\" content=\"2020-10-22T17:21:22+00:00\" \/>\n<meta property=\"og:image\" content=\"https:\/\/insurancecorp.com.br\/pt\/wp-content\/uploads\/2020\/10\/Argo-Seguros.jpeg\" \/>\n\t<meta property=\"og:image:width\" content=\"2000\" \/>\n\t<meta property=\"og:image:height\" content=\"1333\" \/>\n<meta name=\"twitter:card\" content=\"summary\" \/>\n<script type=\"application\/ld+json\" class=\"yoast-schema-graph\">{\"@context\":\"https:\/\/schema.org\",\"@graph\":[{\"@type\":\"Organization\",\"@id\":\"https:\/\/insurancecorp.com.br\/pt\/#organization\",\"name\":\"Revista Insurance Corp\",\"url\":\"https:\/\/insurancecorp.com.br\/pt\/\",\"sameAs\":[\"https:\/\/www.facebook.com\/RevistaInsuranceCorp\/\"],\"logo\":{\"@type\":\"ImageObject\",\"@id\":\"https:\/\/insurancecorp.com.br\/pt\/#logo\",\"inLanguage\":\"pt-BR\",\"url\":\"\",\"caption\":\"Revista Insurance Corp\"},\"image\":{\"@id\":\"https:\/\/insurancecorp.com.br\/pt\/#logo\"}},{\"@type\":\"WebSite\",\"@id\":\"https:\/\/insurancecorp.com.br\/pt\/#website\",\"url\":\"https:\/\/insurancecorp.com.br\/pt\/\",\"name\":\"Revista Insurance Corp | PT-BR\",\"description\":\"A \\u00fanica revista bil\\u00edngue voltada ao mercado de seguro.\",\"publisher\":{\"@id\":\"https:\/\/insurancecorp.com.br\/pt\/#organization\"},\"potentialAction\":[{\"@type\":\"SearchAction\",\"target\":\"https:\/\/insurancecorp.com.br\/pt\/?s={search_term_string}\",\"query-input\":\"required name=search_term_string\"}],\"inLanguage\":\"pt-BR\"},{\"@type\":\"ImageObject\",\"@id\":\"https:\/\/insurancecorp.com.br\/pt\/2020\/10\/22\/everis-lanca-academia-para-formacao-de-talentos-com-15-mil-vagas\/#primaryimage\",\"inLanguage\":\"pt-BR\",\"url\":\"https:\/\/insurancecorp.com.br\/pt\/wp-content\/uploads\/2020\/10\/Argo-Seguros.jpeg\",\"width\":2000,\"height\":1333,\"caption\":\"S\\u00c3O PAULO, SP, BRASIL, 14-04-2020 : RICARDO NEVES - CEO DA EVERIS. (Foto: Rodrigo Capote)\"},{\"@type\":\"WebPage\",\"@id\":\"https:\/\/insurancecorp.com.br\/pt\/2020\/10\/22\/everis-lanca-academia-para-formacao-de-talentos-com-15-mil-vagas\/#webpage\",\"url\":\"https:\/\/insurancecorp.com.br\/pt\/2020\/10\/22\/everis-lanca-academia-para-formacao-de-talentos-com-15-mil-vagas\/\",\"name\":\"everis lan\\u00e7a academia para forma\\u00e7\\u00e3o de talentos com 15 mil vagas | Revista Insurance Corp | PT-BR\",\"isPartOf\":{\"@id\":\"https:\/\/insurancecorp.com.br\/pt\/#website\"},\"primaryImageOfPage\":{\"@id\":\"https:\/\/insurancecorp.com.br\/pt\/2020\/10\/22\/everis-lanca-academia-para-formacao-de-talentos-com-15-mil-vagas\/#primaryimage\"},\"datePublished\":\"2020-10-22T17:21:22+00:00\",\"dateModified\":\"2020-10-22T17:21:22+00:00\",\"inLanguage\":\"pt-BR\",\"potentialAction\":[{\"@type\":\"ReadAction\",\"target\":[\"https:\/\/insurancecorp.com.br\/pt\/2020\/10\/22\/everis-lanca-academia-para-formacao-de-talentos-com-15-mil-vagas\/\"]}]},{\"@type\":\"Article\",\"@id\":\"https:\/\/insurancecorp.com.br\/pt\/2020\/10\/22\/everis-lanca-academia-para-formacao-de-talentos-com-15-mil-vagas\/#article\",\"isPartOf\":{\"@id\":\"https:\/\/insurancecorp.com.br\/pt\/2020\/10\/22\/everis-lanca-academia-para-formacao-de-talentos-com-15-mil-vagas\/#webpage\"},\"author\":{\"@id\":\"https:\/\/insurancecorp.com.br\/pt\/#\/schema\/person\/1b69c8cf325f0b7167f1b171f52df4af\"},\"headline\":\"everis lan\\u00e7a academia para forma\\u00e7\\u00e3o de talentos com 15 mil vagas\",\"datePublished\":\"2020-10-22T17:21:22+00:00\",\"dateModified\":\"2020-10-22T17:21:22+00:00\",\"mainEntityOfPage\":{\"@id\":\"https:\/\/insurancecorp.com.br\/pt\/2020\/10\/22\/everis-lanca-academia-para-formacao-de-talentos-com-15-mil-vagas\/#webpage\"},\"commentCount\":0,\"publisher\":{\"@id\":\"https:\/\/insurancecorp.com.br\/pt\/#organization\"},\"image\":{\"@id\":\"https:\/\/insurancecorp.com.br\/pt\/2020\/10\/22\/everis-lanca-academia-para-formacao-de-talentos-com-15-mil-vagas\/#primaryimage\"},\"articleSection\":\"everis Brasil\",\"inLanguage\":\"pt-BR\",\"potentialAction\":[{\"@type\":\"CommentAction\",\"name\":\"Comment\",\"target\":[\"https:\/\/insurancecorp.com.br\/pt\/2020\/10\/22\/everis-lanca-academia-para-formacao-de-talentos-com-15-mil-vagas\/#respond\"]}]},{\"@type\":\"Person\",\"@id\":\"https:\/\/insurancecorp.com.br\/pt\/#\/schema\/person\/1b69c8cf325f0b7167f1b171f52df4af\",\"name\":\"Publica\\u00e7\\u00e3o\",\"image\":{\"@type\":\"ImageObject\",\"@id\":\"https:\/\/insurancecorp.com.br\/pt\/#personlogo\",\"inLanguage\":\"pt-BR\",\"url\":\"https:\/\/secure.gravatar.com\/avatar\/17226f1f60486eb25d4c6b301ffed37f?s=96&d=mm&r=g\",\"caption\":\"Publica\\u00e7\\u00e3o\"}}]}<\/script>\n<!-- \/ Yoast SEO plugin. -->","_links":{"self":[{"href":"https:\/\/insurancecorp.com.br\/pt\/wp-json\/wp\/v2\/posts\/19805"}],"collection":[{"href":"https:\/\/insurancecorp.com.br\/pt\/wp-json\/wp\/v2\/posts"}],"about":[{"href":"https:\/\/insurancecorp.com.br\/pt\/wp-json\/wp\/v2\/types\/post"}],"author":[{"embeddable":true,"href":"https:\/\/insurancecorp.com.br\/pt\/wp-json\/wp\/v2\/users\/2"}],"replies":[{"embeddable":true,"href":"https:\/\/insurancecorp.com.br\/pt\/wp-json\/wp\/v2\/comments?post=19805"}],"version-history":[{"count":1,"href":"https:\/\/insurancecorp.com.br\/pt\/wp-json\/wp\/v2\/posts\/19805\/revisions"}],"predecessor-version":[{"id":19807,"href":"https:\/\/insurancecorp.com.br\/pt\/wp-json\/wp\/v2\/posts\/19805\/revisions\/19807"}],"wp:featuredmedia":[{"embeddable":true,"href":"https:\/\/insurancecorp.com.br\/pt\/wp-json\/wp\/v2\/media\/19806"}],"wp:attachment":[{"href":"https:\/\/insurancecorp.com.br\/pt\/wp-json\/wp\/v2\/media?parent=19805"}],"wp:term":[{"taxonomy":"category","embeddable":true,"href":"https:\/\/insurancecorp.com.br\/pt\/wp-json\/wp\/v2\/categories?post=19805"},{"taxonomy":"post_tag","embeddable":true,"href":"https:\/\/insurancecorp.com.br\/pt\/wp-json\/wp\/v2\/tags?post=19805"}],"curies":[{"name":"wp","href":"https:\/\/api.w.org\/{rel}","templated":true}]}}