{"id":19560,"date":"2020-10-09T16:59:21","date_gmt":"2020-10-09T19:59:21","guid":{"rendered":"https:\/\/insurancecorp.com.br\/pt\/?p=19560"},"modified":"2020-10-09T17:00:30","modified_gmt":"2020-10-09T20:00:30","slug":"bradesco-realiza-primeiro-evento-com-o-tema-central-cultura-da-inovacao","status":"publish","type":"post","link":"https:\/\/insurancecorp.com.br\/pt\/2020\/10\/09\/bradesco-realiza-primeiro-evento-com-o-tema-central-cultura-da-inovacao\/","title":{"rendered":"Bradesco realiza primeiro evento com o tema central \u2018Cultura da Inova\u00e7\u00e3o\u2019"},"content":{"rendered":"<p>Transforma\u00e7\u00e3o digital e como ela impacta a cultura e o futuro das empresas. Esse foi o tema da primeira live &#8220;A era das Empresas do Futuro j\u00e1 come\u00e7ou?&#8221;, que d\u00e1 o in\u00edcio a uma s\u00e9rie de eventos sobre a cultura da inova\u00e7\u00e3o que a Bradesco Seguros continuar\u00e1 promovendo nos pr\u00f3ximos meses. Mediado por Martha Gabriel, consultora e palestrante nas \u00e1reas de Inova\u00e7\u00e3o e Marketing Digital, o painel foi realizado nesta quinta-feira (8\/10) e contou com as participa\u00e7\u00f5es de Fabio Dragone &#8211; Diretor de Digital e Inova\u00e7\u00e3o da Bradesco Seguros; Fiamma Zarife &#8211; Diretora Geral do Twitter Brasil; Lu\u00eds Gon\u00e7alves &#8211; L\u00edder da Dell Technologies para Am\u00e9rica Latina; e Thomas Mansur &#8211; Head de Marketing e Experience Design da startup D1.<br \/>\nO pilar do debate foi o novo cen\u00e1rio do mercado, passando tamb\u00e9m pelos desafios e como as empresas passaram a tornar suas metodologias e processos mais din\u00e2micos, flex\u00edveis e abertos \u00e0s mudan\u00e7as para garantir inova\u00e7\u00e3o e a melhor experi\u00eancia do cliente, principalmente durante a pandemia.<br \/>\nPara Fabio Dragone, a pandemia impulsionou a transforma\u00e7\u00e3o digital, acelerando processos que levariam cinco anos a serem resolvidos em cinco dias e contribuindo para a agilidade da digitaliza\u00e7\u00e3o entre as empresas e as pessoas.<br \/>\n&#8220;Quando olhamos para o Grupo Bradesco Seguros, temos como prop\u00f3sito proteger as pessoas em seus maiores momentos de vulnerabilidades. Nossa miss\u00e3o \u00e9 estar com os clientes em todas as situa\u00e7\u00f5es para que eles tenham as melhores coberturas nas fases em que eles mais precisam&#8221;, explicou o executivo. Dragone refor\u00e7ou ainda que as empresas precisam deixar claro seus prop\u00f3sitos porque essa \u00e9 a ess\u00eancia para qualquer resultado.<br \/>\nPara a Dell, a tecnologia se tornou intr\u00ednseca para o cen\u00e1rio atual. &#8220;Estamos passando pela digitaliza\u00e7\u00e3o, que coloca o digital no centro de tudo o que fazemos, e agora n\u00e3o implica apenas dizer que isso se torna vantagem competitiva e inova\u00e7\u00e3o. O que se constr\u00f3i em cima dessa camada digital \u00e9 o que abre hoje enormes possibilidades para diversos \u00e2mbitos da igualdade, do acesso aos servi\u00e7os, da educa\u00e7\u00e3o, da sa\u00fade, entre tantas outras. A igualdade est\u00e1 chegando a v\u00e1rias faixas da popula\u00e7\u00e3o n\u00e3o mais pelo meio f\u00edsico e sim pelo digital&#8221;, avaliou Lu\u00eds Gon\u00e7alves.<\/p>\n<p>Thomas Mansur, acredita que a maioria das empresas n\u00e3o estava preparada para essa transforma\u00e7\u00e3o digital em tempo recorde, o que acabou gerando um gap na comunica\u00e7\u00e3o. &#8220;O mais interessante foi perceber que a comunica\u00e7\u00e3o reativa n\u00e3o funciona mais, pois as empresas precisam ir at\u00e9 o cliente por meio de todos os canais de comunica\u00e7\u00e3o e serem proativas nesse sentido. Hoje o cliente quer se manter informado o tempo todo e, com certeza, as empresas ficaram mais user centric durante a pandemia. Com isso, o primeiro item que foi redesenhado durante esse novo momento foi a busca de melhorar a jornada do consumidor&#8221;, detalhou o head da D1.<br \/>\nNesse processo de transforma\u00e7\u00e3o digital impulsionada pela pandemia, Fiamma Zarife enxerga que as empresas recorreram \u00e0s redes sociais entender como as pessoas estavam se sentindo naquele momento e, a partir disso, passaram a desenvolver suas a\u00e7\u00f5es para atender a essas necessidades. &#8220;Foi um momento para as empresas revisarem todas as suas estrat\u00e9gias e encaixarem novamente o tom da comunica\u00e7\u00e3o, o mais interessante foi ver que isso aconteceu de uma maneira t\u00e3o r\u00e1pida&#8221;, finaliza.<\/p>\n<p>Para quem n\u00e3o assistiu a live, \u00e9 poss\u00edvel acompanhar a mesa redonda pelo canal do YouTube da Bradesco Seguros .<\/p>\n<p><strong>Ideal H+K Strategies <\/strong><\/p>\n","protected":false},"excerpt":{"rendered":"<p>Transforma\u00e7\u00e3o digital e como ela impacta a cultura e o futuro das empresas. Esse foi o tema da primeira live &#8220;A era das Empresas do Futuro j\u00e1 come\u00e7ou?&#8221;, que d\u00e1 o in\u00edcio a uma s\u00e9rie de eventos sobre a cultura da inova\u00e7\u00e3o que a Bradesco Seguros continuar\u00e1 promovendo nos pr\u00f3ximos meses. Mediado por Martha Gabriel, [&hellip;]<\/p>\n","protected":false},"author":2,"featured_media":19563,"comment_status":"open","ping_status":"open","sticky":false,"template":"","format":"standard","meta":[],"categories":[413],"tags":[],"jetpack_featured_media_url":"https:\/\/insurancecorp.com.br\/pt\/wp-content\/uploads\/2020\/10\/abecor-6.png","yoast_head":"<!-- This site is optimized with the Yoast SEO plugin v14.8 - https:\/\/yoast.com\/wordpress\/plugins\/seo\/ -->\n<title>Bradesco realiza primeiro evento com o tema central \u2018Cultura da Inova\u00e7\u00e3o\u2019 | Revista Insurance Corp | PT-BR<\/title>\n<meta name=\"robots\" content=\"index, follow\" \/>\n<meta name=\"googlebot\" content=\"index, follow, max-snippet:-1, max-image-preview:large, max-video-preview:-1\" \/>\n<meta name=\"bingbot\" content=\"index, follow, max-snippet:-1, max-image-preview:large, max-video-preview:-1\" \/>\n<link rel=\"canonical\" href=\"https:\/\/insurancecorp.com.br\/pt\/2020\/10\/09\/bradesco-realiza-primeiro-evento-com-o-tema-central-cultura-da-inovacao\/\" \/>\n<meta property=\"og:locale\" content=\"pt_BR\" \/>\n<meta property=\"og:type\" content=\"article\" \/>\n<meta property=\"og:title\" content=\"Bradesco realiza primeiro evento com o tema central \u2018Cultura da Inova\u00e7\u00e3o\u2019 | Revista Insurance Corp | PT-BR\" \/>\n<meta property=\"og:description\" content=\"Transforma\u00e7\u00e3o digital e como ela impacta a cultura e o futuro das empresas. Esse foi o tema da primeira live &#8220;A era das Empresas do Futuro j\u00e1 come\u00e7ou?&#8221;, que d\u00e1 o in\u00edcio a uma s\u00e9rie de eventos sobre a cultura da inova\u00e7\u00e3o que a Bradesco Seguros continuar\u00e1 promovendo nos pr\u00f3ximos meses. Mediado por Martha Gabriel, [&hellip;]\" \/>\n<meta property=\"og:url\" content=\"https:\/\/insurancecorp.com.br\/pt\/2020\/10\/09\/bradesco-realiza-primeiro-evento-com-o-tema-central-cultura-da-inovacao\/\" \/>\n<meta property=\"og:site_name\" content=\"Revista Insurance Corp | PT-BR\" \/>\n<meta property=\"article:publisher\" content=\"https:\/\/www.facebook.com\/RevistaInsuranceCorp\/\" \/>\n<meta property=\"article:published_time\" content=\"2020-10-09T19:59:21+00:00\" \/>\n<meta property=\"article:modified_time\" content=\"2020-10-09T20:00:30+00:00\" \/>\n<meta property=\"og:image\" content=\"https:\/\/insurancecorp.com.br\/pt\/wp-content\/uploads\/2020\/10\/abecor-6.png\" \/>\n\t<meta property=\"og:image:width\" content=\"225\" \/>\n\t<meta property=\"og:image:height\" content=\"225\" \/>\n<meta name=\"twitter:card\" content=\"summary\" \/>\n<script type=\"application\/ld+json\" class=\"yoast-schema-graph\">{\"@context\":\"https:\/\/schema.org\",\"@graph\":[{\"@type\":\"Organization\",\"@id\":\"https:\/\/insurancecorp.com.br\/pt\/#organization\",\"name\":\"Revista Insurance Corp\",\"url\":\"https:\/\/insurancecorp.com.br\/pt\/\",\"sameAs\":[\"https:\/\/www.facebook.com\/RevistaInsuranceCorp\/\"],\"logo\":{\"@type\":\"ImageObject\",\"@id\":\"https:\/\/insurancecorp.com.br\/pt\/#logo\",\"inLanguage\":\"pt-BR\",\"url\":\"\",\"caption\":\"Revista Insurance Corp\"},\"image\":{\"@id\":\"https:\/\/insurancecorp.com.br\/pt\/#logo\"}},{\"@type\":\"WebSite\",\"@id\":\"https:\/\/insurancecorp.com.br\/pt\/#website\",\"url\":\"https:\/\/insurancecorp.com.br\/pt\/\",\"name\":\"Revista Insurance Corp | PT-BR\",\"description\":\"A \\u00fanica revista bil\\u00edngue voltada ao mercado de seguro.\",\"publisher\":{\"@id\":\"https:\/\/insurancecorp.com.br\/pt\/#organization\"},\"potentialAction\":[{\"@type\":\"SearchAction\",\"target\":\"https:\/\/insurancecorp.com.br\/pt\/?s={search_term_string}\",\"query-input\":\"required name=search_term_string\"}],\"inLanguage\":\"pt-BR\"},{\"@type\":\"ImageObject\",\"@id\":\"https:\/\/insurancecorp.com.br\/pt\/2020\/10\/09\/bradesco-realiza-primeiro-evento-com-o-tema-central-cultura-da-inovacao\/#primaryimage\",\"inLanguage\":\"pt-BR\",\"url\":\"https:\/\/insurancecorp.com.br\/pt\/wp-content\/uploads\/2020\/10\/abecor-6.png\",\"width\":225,\"height\":225},{\"@type\":\"WebPage\",\"@id\":\"https:\/\/insurancecorp.com.br\/pt\/2020\/10\/09\/bradesco-realiza-primeiro-evento-com-o-tema-central-cultura-da-inovacao\/#webpage\",\"url\":\"https:\/\/insurancecorp.com.br\/pt\/2020\/10\/09\/bradesco-realiza-primeiro-evento-com-o-tema-central-cultura-da-inovacao\/\",\"name\":\"Bradesco realiza primeiro evento com o tema central \\u2018Cultura da Inova\\u00e7\\u00e3o\\u2019 | Revista Insurance Corp | PT-BR\",\"isPartOf\":{\"@id\":\"https:\/\/insurancecorp.com.br\/pt\/#website\"},\"primaryImageOfPage\":{\"@id\":\"https:\/\/insurancecorp.com.br\/pt\/2020\/10\/09\/bradesco-realiza-primeiro-evento-com-o-tema-central-cultura-da-inovacao\/#primaryimage\"},\"datePublished\":\"2020-10-09T19:59:21+00:00\",\"dateModified\":\"2020-10-09T20:00:30+00:00\",\"inLanguage\":\"pt-BR\",\"potentialAction\":[{\"@type\":\"ReadAction\",\"target\":[\"https:\/\/insurancecorp.com.br\/pt\/2020\/10\/09\/bradesco-realiza-primeiro-evento-com-o-tema-central-cultura-da-inovacao\/\"]}]},{\"@type\":\"Article\",\"@id\":\"https:\/\/insurancecorp.com.br\/pt\/2020\/10\/09\/bradesco-realiza-primeiro-evento-com-o-tema-central-cultura-da-inovacao\/#article\",\"isPartOf\":{\"@id\":\"https:\/\/insurancecorp.com.br\/pt\/2020\/10\/09\/bradesco-realiza-primeiro-evento-com-o-tema-central-cultura-da-inovacao\/#webpage\"},\"author\":{\"@id\":\"https:\/\/insurancecorp.com.br\/pt\/#\/schema\/person\/1b69c8cf325f0b7167f1b171f52df4af\"},\"headline\":\"Bradesco realiza primeiro evento com o tema central \\u2018Cultura da Inova\\u00e7\\u00e3o\\u2019\",\"datePublished\":\"2020-10-09T19:59:21+00:00\",\"dateModified\":\"2020-10-09T20:00:30+00:00\",\"mainEntityOfPage\":{\"@id\":\"https:\/\/insurancecorp.com.br\/pt\/2020\/10\/09\/bradesco-realiza-primeiro-evento-com-o-tema-central-cultura-da-inovacao\/#webpage\"},\"commentCount\":0,\"publisher\":{\"@id\":\"https:\/\/insurancecorp.com.br\/pt\/#organization\"},\"image\":{\"@id\":\"https:\/\/insurancecorp.com.br\/pt\/2020\/10\/09\/bradesco-realiza-primeiro-evento-com-o-tema-central-cultura-da-inovacao\/#primaryimage\"},\"articleSection\":\"Bradesco Seguros\",\"inLanguage\":\"pt-BR\",\"potentialAction\":[{\"@type\":\"CommentAction\",\"name\":\"Comment\",\"target\":[\"https:\/\/insurancecorp.com.br\/pt\/2020\/10\/09\/bradesco-realiza-primeiro-evento-com-o-tema-central-cultura-da-inovacao\/#respond\"]}]},{\"@type\":\"Person\",\"@id\":\"https:\/\/insurancecorp.com.br\/pt\/#\/schema\/person\/1b69c8cf325f0b7167f1b171f52df4af\",\"name\":\"Publica\\u00e7\\u00e3o\",\"image\":{\"@type\":\"ImageObject\",\"@id\":\"https:\/\/insurancecorp.com.br\/pt\/#personlogo\",\"inLanguage\":\"pt-BR\",\"url\":\"https:\/\/secure.gravatar.com\/avatar\/17226f1f60486eb25d4c6b301ffed37f?s=96&d=mm&r=g\",\"caption\":\"Publica\\u00e7\\u00e3o\"}}]}<\/script>\n<!-- \/ Yoast SEO plugin. -->","_links":{"self":[{"href":"https:\/\/insurancecorp.com.br\/pt\/wp-json\/wp\/v2\/posts\/19560"}],"collection":[{"href":"https:\/\/insurancecorp.com.br\/pt\/wp-json\/wp\/v2\/posts"}],"about":[{"href":"https:\/\/insurancecorp.com.br\/pt\/wp-json\/wp\/v2\/types\/post"}],"author":[{"embeddable":true,"href":"https:\/\/insurancecorp.com.br\/pt\/wp-json\/wp\/v2\/users\/2"}],"replies":[{"embeddable":true,"href":"https:\/\/insurancecorp.com.br\/pt\/wp-json\/wp\/v2\/comments?post=19560"}],"version-history":[{"count":1,"href":"https:\/\/insurancecorp.com.br\/pt\/wp-json\/wp\/v2\/posts\/19560\/revisions"}],"predecessor-version":[{"id":19562,"href":"https:\/\/insurancecorp.com.br\/pt\/wp-json\/wp\/v2\/posts\/19560\/revisions\/19562"}],"wp:featuredmedia":[{"embeddable":true,"href":"https:\/\/insurancecorp.com.br\/pt\/wp-json\/wp\/v2\/media\/19563"}],"wp:attachment":[{"href":"https:\/\/insurancecorp.com.br\/pt\/wp-json\/wp\/v2\/media?parent=19560"}],"wp:term":[{"taxonomy":"category","embeddable":true,"href":"https:\/\/insurancecorp.com.br\/pt\/wp-json\/wp\/v2\/categories?post=19560"},{"taxonomy":"post_tag","embeddable":true,"href":"https:\/\/insurancecorp.com.br\/pt\/wp-json\/wp\/v2\/tags?post=19560"}],"curies":[{"name":"wp","href":"https:\/\/api.w.org\/{rel}","templated":true}]}}