{"id":19322,"date":"2020-10-02T16:42:27","date_gmt":"2020-10-02T19:42:27","guid":{"rendered":"https:\/\/insurancecorp.com.br\/pt\/?p=19322"},"modified":"2020-10-02T16:42:27","modified_gmt":"2020-10-02T19:42:27","slug":"presidente-do-sincor-sp-recebe-especialista-e-debate-riscos-tecnologicos","status":"publish","type":"post","link":"https:\/\/insurancecorp.com.br\/pt\/2020\/10\/02\/presidente-do-sincor-sp-recebe-especialista-e-debate-riscos-tecnologicos\/","title":{"rendered":"Presidente do Sincor-SP recebe especialista e debate riscos tecnol\u00f3gicos"},"content":{"rendered":"<p>Com o tema \u201cRiscos Tecnol\u00f3gicos &#8211; Oportunidades de neg\u00f3cios para corretores de seguros\u201d, escolhido pelos corretores de seguros por meio de pesquisa, a 20\u00aa edi\u00e7\u00e3o do Direto &amp; Reto com Camillo foi ao ar nesta quarta-feira (30\/09), pelo canal da TV Sincor-SP no YouTube. Para o presidente do Sindicato de Empres\u00e1rios e Profissionais Aut\u00f4nomos da Corretagem e da Distribui\u00e7\u00e3o de Seguros do Estado de S\u00e3o Paulo (Sincor-SP), Alexandre Camillo, o assunto est\u00e1 em ampla discuss\u00e3o, j\u00e1 que o Brasil est\u00e1 entre os principais alvos de ataques cibern\u00e9ticos no primeiro semestre do ano. \u201cA pandemia elevou as amea\u00e7as, j\u00e1 que viramos presas f\u00e1ceis por usarmos a internet para tudo, o tempo inteiro. Da\u00ed, surge uma grande oportunidade de neg\u00f3cios para oferecer seguro aos clientes\u201d, declara.<br \/>\nA especialista em seguro de riscos cibern\u00e9ticos e linhas financeiras, Carolina Novaes, foi a convidada e discorreu sobre o assunto, ressaltando as oportunidades que a Lei Geral de Prote\u00e7\u00e3o de Dados (LGPD) e as novas tecnologias podem trazer ao setor de seguros. \u201cO seguro ganhou muito impulso, principalmente, com a LGPD, al\u00e9m do aumento nos ataques cibern\u00e9ticos, claro. Os pr\u00f3ximos anos ser\u00e3o de muitas oportunidades aos corretores de seguros\u201d.<br \/>\nCarolina explica que o Brasil j\u00e1 estava atrasado nas quest\u00f5es legislativas quando surgiu a LGPD, que \u00e9 praticamente uma c\u00f3pia da legisla\u00e7\u00e3o europeia. \u201cA lei trouxe as necessidades de adequa\u00e7\u00e3o, jur\u00eddica, tecnol\u00f3gica, que as empresas devem seguir para proteger os dados pessoais de clientes\u201d, pontua.<br \/>\nSobre as quest\u00f5es exigidas pela LGPD cobertas pelo seguro de riscos cibern\u00e9ticos, a especialista esclarece que no caso do vazamento de dados, por exemplo, as empresas devem notificar os clientes sobre o ocorrido e isso j\u00e1 gera um custo. \u201cA notifica\u00e7\u00e3o j\u00e1 tem um custo, que \u00e9 de aproximadamente R$ 6 por CPF no Serasa, o que j\u00e1 \u00e9 um preju\u00edzo para uma empresa que sofre um ataque. Mas, o seguro cobre os custos de notifica\u00e7\u00e3o e monitoramento dos dados\u201d, completa.<br \/>\nPara Carolina, o seguro \u00e9 uma ferramenta de gerenciamento de risco, j\u00e1 que vai muito al\u00e9m da transfer\u00eancia de risco para seguradora. \u201cO seguro, al\u00e9m das coberturas, conta com diversas assist\u00eancias e consultorias, como a contrata\u00e7\u00e3o de assessoria de imprensa para ajudar a mitigar o risco de reputa\u00e7\u00e3o em caso de um vazamento, por exemplo\u201d. \u201cE, cabe ao corretor de seguros, nesse caso consultor de risco, de informar os clientes que existe uma solu\u00e7\u00e3o para mitigar esses riscos tecnol\u00f3gicos\u201d.<br \/>\nDurante a transmiss\u00e3o, Camillo comentou que faz parte de uma equipe que est\u00e1 debru\u00e7ada sobre o assunto para oferecer solu\u00e7\u00f5es aos corretores. \u201cJunto com a Fenacor, estamos buscando formas de capacitar o corretor de seguros sobre a LGPD e instrumentaliz\u00e1-lo, oferecendo um seguro para prevenir contra os riscos tecnol\u00f3gicos\u201d, explica.<br \/>\nAssista ao Direto &amp; Reto com Camillo: https:\/\/www.youtube.com\/watch?v=PUPbzOPr-9U<\/p>\n<p><strong>Assessoria de Imprensa Sincor-SP<\/strong><\/p>\n","protected":false},"excerpt":{"rendered":"<p>Com o tema \u201cRiscos Tecnol\u00f3gicos &#8211; Oportunidades de neg\u00f3cios para corretores de seguros\u201d, escolhido pelos corretores de seguros por meio de pesquisa, a 20\u00aa edi\u00e7\u00e3o do Direto &amp; Reto com Camillo foi ao ar nesta quarta-feira (30\/09), pelo canal da TV Sincor-SP no YouTube. Para o presidente do Sindicato de Empres\u00e1rios e Profissionais Aut\u00f4nomos da [&hellip;]<\/p>\n","protected":false},"author":2,"featured_media":19323,"comment_status":"open","ping_status":"open","sticky":false,"template":"","format":"standard","meta":[],"categories":[376],"tags":[],"jetpack_featured_media_url":"https:\/\/insurancecorp.com.br\/pt\/wp-content\/uploads\/2020\/10\/1Eu-e-ela-3.jpg","yoast_head":"<!-- This site is optimized with the Yoast SEO plugin v14.8 - https:\/\/yoast.com\/wordpress\/plugins\/seo\/ -->\n<title>Presidente do Sincor-SP recebe especialista e debate riscos tecnol\u00f3gicos | Revista Insurance Corp | PT-BR<\/title>\n<meta name=\"robots\" content=\"index, follow\" \/>\n<meta name=\"googlebot\" content=\"index, follow, max-snippet:-1, max-image-preview:large, max-video-preview:-1\" \/>\n<meta name=\"bingbot\" content=\"index, follow, max-snippet:-1, max-image-preview:large, max-video-preview:-1\" \/>\n<link rel=\"canonical\" href=\"https:\/\/insurancecorp.com.br\/pt\/2020\/10\/02\/presidente-do-sincor-sp-recebe-especialista-e-debate-riscos-tecnologicos\/\" \/>\n<meta property=\"og:locale\" content=\"pt_BR\" \/>\n<meta property=\"og:type\" content=\"article\" \/>\n<meta property=\"og:title\" content=\"Presidente do Sincor-SP recebe especialista e debate riscos tecnol\u00f3gicos | Revista Insurance Corp | PT-BR\" \/>\n<meta property=\"og:description\" content=\"Com o tema \u201cRiscos Tecnol\u00f3gicos &#8211; Oportunidades de neg\u00f3cios para corretores de seguros\u201d, escolhido pelos corretores de seguros por meio de pesquisa, a 20\u00aa edi\u00e7\u00e3o do Direto &amp; Reto com Camillo foi ao ar nesta quarta-feira (30\/09), pelo canal da TV Sincor-SP no YouTube. Para o presidente do Sindicato de Empres\u00e1rios e Profissionais Aut\u00f4nomos da [&hellip;]\" \/>\n<meta property=\"og:url\" content=\"https:\/\/insurancecorp.com.br\/pt\/2020\/10\/02\/presidente-do-sincor-sp-recebe-especialista-e-debate-riscos-tecnologicos\/\" \/>\n<meta property=\"og:site_name\" content=\"Revista Insurance Corp | PT-BR\" \/>\n<meta property=\"article:publisher\" content=\"https:\/\/www.facebook.com\/RevistaInsuranceCorp\/\" \/>\n<meta property=\"article:published_time\" content=\"2020-10-02T19:42:27+00:00\" \/>\n<meta property=\"og:image\" content=\"https:\/\/insurancecorp.com.br\/pt\/wp-content\/uploads\/2020\/10\/1Eu-e-ela-3.jpg\" \/>\n\t<meta property=\"og:image:width\" content=\"1280\" \/>\n\t<meta property=\"og:image:height\" content=\"720\" \/>\n<meta name=\"twitter:card\" content=\"summary\" \/>\n<script type=\"application\/ld+json\" class=\"yoast-schema-graph\">{\"@context\":\"https:\/\/schema.org\",\"@graph\":[{\"@type\":\"Organization\",\"@id\":\"https:\/\/insurancecorp.com.br\/pt\/#organization\",\"name\":\"Revista Insurance Corp\",\"url\":\"https:\/\/insurancecorp.com.br\/pt\/\",\"sameAs\":[\"https:\/\/www.facebook.com\/RevistaInsuranceCorp\/\"],\"logo\":{\"@type\":\"ImageObject\",\"@id\":\"https:\/\/insurancecorp.com.br\/pt\/#logo\",\"inLanguage\":\"pt-BR\",\"url\":\"\",\"caption\":\"Revista Insurance Corp\"},\"image\":{\"@id\":\"https:\/\/insurancecorp.com.br\/pt\/#logo\"}},{\"@type\":\"WebSite\",\"@id\":\"https:\/\/insurancecorp.com.br\/pt\/#website\",\"url\":\"https:\/\/insurancecorp.com.br\/pt\/\",\"name\":\"Revista Insurance Corp | PT-BR\",\"description\":\"A \\u00fanica revista bil\\u00edngue voltada ao mercado de seguro.\",\"publisher\":{\"@id\":\"https:\/\/insurancecorp.com.br\/pt\/#organization\"},\"potentialAction\":[{\"@type\":\"SearchAction\",\"target\":\"https:\/\/insurancecorp.com.br\/pt\/?s={search_term_string}\",\"query-input\":\"required name=search_term_string\"}],\"inLanguage\":\"pt-BR\"},{\"@type\":\"ImageObject\",\"@id\":\"https:\/\/insurancecorp.com.br\/pt\/2020\/10\/02\/presidente-do-sincor-sp-recebe-especialista-e-debate-riscos-tecnologicos\/#primaryimage\",\"inLanguage\":\"pt-BR\",\"url\":\"https:\/\/insurancecorp.com.br\/pt\/wp-content\/uploads\/2020\/10\/1Eu-e-ela-3.jpg\",\"width\":1280,\"height\":720},{\"@type\":\"WebPage\",\"@id\":\"https:\/\/insurancecorp.com.br\/pt\/2020\/10\/02\/presidente-do-sincor-sp-recebe-especialista-e-debate-riscos-tecnologicos\/#webpage\",\"url\":\"https:\/\/insurancecorp.com.br\/pt\/2020\/10\/02\/presidente-do-sincor-sp-recebe-especialista-e-debate-riscos-tecnologicos\/\",\"name\":\"Presidente do Sincor-SP recebe especialista e debate riscos tecnol\\u00f3gicos | Revista Insurance Corp | PT-BR\",\"isPartOf\":{\"@id\":\"https:\/\/insurancecorp.com.br\/pt\/#website\"},\"primaryImageOfPage\":{\"@id\":\"https:\/\/insurancecorp.com.br\/pt\/2020\/10\/02\/presidente-do-sincor-sp-recebe-especialista-e-debate-riscos-tecnologicos\/#primaryimage\"},\"datePublished\":\"2020-10-02T19:42:27+00:00\",\"dateModified\":\"2020-10-02T19:42:27+00:00\",\"inLanguage\":\"pt-BR\",\"potentialAction\":[{\"@type\":\"ReadAction\",\"target\":[\"https:\/\/insurancecorp.com.br\/pt\/2020\/10\/02\/presidente-do-sincor-sp-recebe-especialista-e-debate-riscos-tecnologicos\/\"]}]},{\"@type\":\"Article\",\"@id\":\"https:\/\/insurancecorp.com.br\/pt\/2020\/10\/02\/presidente-do-sincor-sp-recebe-especialista-e-debate-riscos-tecnologicos\/#article\",\"isPartOf\":{\"@id\":\"https:\/\/insurancecorp.com.br\/pt\/2020\/10\/02\/presidente-do-sincor-sp-recebe-especialista-e-debate-riscos-tecnologicos\/#webpage\"},\"author\":{\"@id\":\"https:\/\/insurancecorp.com.br\/pt\/#\/schema\/person\/1b69c8cf325f0b7167f1b171f52df4af\"},\"headline\":\"Presidente do Sincor-SP recebe especialista e debate riscos tecnol\\u00f3gicos\",\"datePublished\":\"2020-10-02T19:42:27+00:00\",\"dateModified\":\"2020-10-02T19:42:27+00:00\",\"mainEntityOfPage\":{\"@id\":\"https:\/\/insurancecorp.com.br\/pt\/2020\/10\/02\/presidente-do-sincor-sp-recebe-especialista-e-debate-riscos-tecnologicos\/#webpage\"},\"commentCount\":0,\"publisher\":{\"@id\":\"https:\/\/insurancecorp.com.br\/pt\/#organization\"},\"image\":{\"@id\":\"https:\/\/insurancecorp.com.br\/pt\/2020\/10\/02\/presidente-do-sincor-sp-recebe-especialista-e-debate-riscos-tecnologicos\/#primaryimage\"},\"articleSection\":\"Programa Direto e Reto\",\"inLanguage\":\"pt-BR\",\"potentialAction\":[{\"@type\":\"CommentAction\",\"name\":\"Comment\",\"target\":[\"https:\/\/insurancecorp.com.br\/pt\/2020\/10\/02\/presidente-do-sincor-sp-recebe-especialista-e-debate-riscos-tecnologicos\/#respond\"]}]},{\"@type\":\"Person\",\"@id\":\"https:\/\/insurancecorp.com.br\/pt\/#\/schema\/person\/1b69c8cf325f0b7167f1b171f52df4af\",\"name\":\"Publica\\u00e7\\u00e3o\",\"image\":{\"@type\":\"ImageObject\",\"@id\":\"https:\/\/insurancecorp.com.br\/pt\/#personlogo\",\"inLanguage\":\"pt-BR\",\"url\":\"https:\/\/secure.gravatar.com\/avatar\/17226f1f60486eb25d4c6b301ffed37f?s=96&d=mm&r=g\",\"caption\":\"Publica\\u00e7\\u00e3o\"}}]}<\/script>\n<!-- \/ Yoast SEO plugin. -->","_links":{"self":[{"href":"https:\/\/insurancecorp.com.br\/pt\/wp-json\/wp\/v2\/posts\/19322"}],"collection":[{"href":"https:\/\/insurancecorp.com.br\/pt\/wp-json\/wp\/v2\/posts"}],"about":[{"href":"https:\/\/insurancecorp.com.br\/pt\/wp-json\/wp\/v2\/types\/post"}],"author":[{"embeddable":true,"href":"https:\/\/insurancecorp.com.br\/pt\/wp-json\/wp\/v2\/users\/2"}],"replies":[{"embeddable":true,"href":"https:\/\/insurancecorp.com.br\/pt\/wp-json\/wp\/v2\/comments?post=19322"}],"version-history":[{"count":1,"href":"https:\/\/insurancecorp.com.br\/pt\/wp-json\/wp\/v2\/posts\/19322\/revisions"}],"predecessor-version":[{"id":19324,"href":"https:\/\/insurancecorp.com.br\/pt\/wp-json\/wp\/v2\/posts\/19322\/revisions\/19324"}],"wp:featuredmedia":[{"embeddable":true,"href":"https:\/\/insurancecorp.com.br\/pt\/wp-json\/wp\/v2\/media\/19323"}],"wp:attachment":[{"href":"https:\/\/insurancecorp.com.br\/pt\/wp-json\/wp\/v2\/media?parent=19322"}],"wp:term":[{"taxonomy":"category","embeddable":true,"href":"https:\/\/insurancecorp.com.br\/pt\/wp-json\/wp\/v2\/categories?post=19322"},{"taxonomy":"post_tag","embeddable":true,"href":"https:\/\/insurancecorp.com.br\/pt\/wp-json\/wp\/v2\/tags?post=19322"}],"curies":[{"name":"wp","href":"https:\/\/api.w.org\/{rel}","templated":true}]}}