{"id":19283,"date":"2020-10-01T18:32:55","date_gmt":"2020-10-01T21:32:55","guid":{"rendered":"https:\/\/insurancecorp.com.br\/pt\/?p=19283"},"modified":"2020-10-01T18:32:55","modified_gmt":"2020-10-01T21:32:55","slug":"bradesco-seguros-promove-conteudo-especial-com-ary-fontoura","status":"publish","type":"post","link":"https:\/\/insurancecorp.com.br\/pt\/2020\/10\/01\/bradesco-seguros-promove-conteudo-especial-com-ary-fontoura\/","title":{"rendered":"Bradesco Seguros promove conte\u00fado especial com Ary Fontoura"},"content":{"rendered":"<p>Dando um novo significado a data do Dia Internacional do Idoso, o Grupo Bradesco Seguros comemora o Dia da Longevidade, celebrado nesta quinta-feira, 01\/10. A seguradora preparou uma a\u00e7\u00e3o especial para a Plataforma \u2018Com Voc\u00ea\u2019 com o ator, poeta, escritor e sensa\u00e7\u00e3o nas redes sociais, Ary Fontoura. No auge de seus 87 anos, suas publica\u00e7\u00f5es t\u00eam encantado o p\u00fablico com registros de seu cotidiano. Ary vai falar de toda sua viv\u00eancia e trazer p\u00edlulas com conselhos de longevidade. O conte\u00fado est\u00e1 dispon\u00edvel na Plataforma Com Voc\u00ea .<br \/>\nPara Alexandre Nogueira, Diretor de Marketing do Grupo Bradesco Seguros, a iniciativa refor\u00e7a a proposta de celebrar a data sob uma nova perspectiva: &#8220;Por meio dessas a\u00e7\u00f5es na plataforma \u2018Com Voc\u00ea\u2019, o nosso intuito \u00e9 celebrar a conquista da vida e ampliar o debate sobre longevidade, mostrando a import\u00e2ncia do envelhecimento ativo e saud\u00e1vel&#8221;, explica o executivo.<br \/>\nO p\u00fablico ainda ter\u00e1 a oportunidade de fazer perguntas para Ary Fontoura sobre sua carreira, seu atual momento e as muitas experi\u00eancias de sua vida longeva. O ator responder\u00e1 as d\u00favidas em uma conversa leve e divertida.<br \/>\nComece Agora &#8211; Viva a Longevidade<br \/>\nA Bradesco Seguros tamb\u00e9m preparou um podcast para o canal \u2018Comece Agora\u2019 da Plataforma Viva a Longevidade com o respons\u00e1vel pelo Gerocast, maior podcast de longevidade do pa\u00eds, Willians Fiori, que vai comandar um bate-papo com o tema &#8220;ganhamos ou perdemos tempo em 2020&#8221;?<\/p>\n<p><strong>Ideal H+K Strategies <\/strong><\/p>\n","protected":false},"excerpt":{"rendered":"<p>Dando um novo significado a data do Dia Internacional do Idoso, o Grupo Bradesco Seguros comemora o Dia da Longevidade, celebrado nesta quinta-feira, 01\/10. A seguradora preparou uma a\u00e7\u00e3o especial para a Plataforma \u2018Com Voc\u00ea\u2019 com o ator, poeta, escritor e sensa\u00e7\u00e3o nas redes sociais, Ary Fontoura. No auge de seus 87 anos, suas publica\u00e7\u00f5es [&hellip;]<\/p>\n","protected":false},"author":2,"featured_media":19286,"comment_status":"open","ping_status":"open","sticky":false,"template":"","format":"standard","meta":[],"categories":[413],"tags":[],"jetpack_featured_media_url":"https:\/\/insurancecorp.com.br\/pt\/wp-content\/uploads\/2020\/10\/francisco-1.jpeg","yoast_head":"<!-- This site is optimized with the Yoast SEO plugin v14.8 - https:\/\/yoast.com\/wordpress\/plugins\/seo\/ -->\n<title>Bradesco Seguros promove conte\u00fado especial com Ary Fontoura | Revista Insurance Corp | PT-BR<\/title>\n<meta name=\"robots\" content=\"index, follow\" \/>\n<meta name=\"googlebot\" content=\"index, follow, max-snippet:-1, max-image-preview:large, max-video-preview:-1\" \/>\n<meta name=\"bingbot\" content=\"index, follow, max-snippet:-1, max-image-preview:large, max-video-preview:-1\" \/>\n<link rel=\"canonical\" href=\"https:\/\/insurancecorp.com.br\/pt\/2020\/10\/01\/bradesco-seguros-promove-conteudo-especial-com-ary-fontoura\/\" \/>\n<meta property=\"og:locale\" content=\"pt_BR\" \/>\n<meta property=\"og:type\" content=\"article\" \/>\n<meta property=\"og:title\" content=\"Bradesco Seguros promove conte\u00fado especial com Ary Fontoura | Revista Insurance Corp | PT-BR\" \/>\n<meta property=\"og:description\" content=\"Dando um novo significado a data do Dia Internacional do Idoso, o Grupo Bradesco Seguros comemora o Dia da Longevidade, celebrado nesta quinta-feira, 01\/10. A seguradora preparou uma a\u00e7\u00e3o especial para a Plataforma \u2018Com Voc\u00ea\u2019 com o ator, poeta, escritor e sensa\u00e7\u00e3o nas redes sociais, Ary Fontoura. No auge de seus 87 anos, suas publica\u00e7\u00f5es [&hellip;]\" \/>\n<meta property=\"og:url\" content=\"https:\/\/insurancecorp.com.br\/pt\/2020\/10\/01\/bradesco-seguros-promove-conteudo-especial-com-ary-fontoura\/\" \/>\n<meta property=\"og:site_name\" content=\"Revista Insurance Corp | PT-BR\" \/>\n<meta property=\"article:publisher\" content=\"https:\/\/www.facebook.com\/RevistaInsuranceCorp\/\" \/>\n<meta property=\"article:published_time\" content=\"2020-10-01T21:32:55+00:00\" \/>\n<meta property=\"og:image\" content=\"https:\/\/insurancecorp.com.br\/pt\/wp-content\/uploads\/2020\/10\/francisco-1.jpeg\" \/>\n\t<meta property=\"og:image:width\" content=\"1275\" \/>\n\t<meta property=\"og:image:height\" content=\"611\" \/>\n<meta name=\"twitter:card\" content=\"summary\" \/>\n<script type=\"application\/ld+json\" class=\"yoast-schema-graph\">{\"@context\":\"https:\/\/schema.org\",\"@graph\":[{\"@type\":\"Organization\",\"@id\":\"https:\/\/insurancecorp.com.br\/pt\/#organization\",\"name\":\"Revista Insurance Corp\",\"url\":\"https:\/\/insurancecorp.com.br\/pt\/\",\"sameAs\":[\"https:\/\/www.facebook.com\/RevistaInsuranceCorp\/\"],\"logo\":{\"@type\":\"ImageObject\",\"@id\":\"https:\/\/insurancecorp.com.br\/pt\/#logo\",\"inLanguage\":\"pt-BR\",\"url\":\"\",\"caption\":\"Revista Insurance Corp\"},\"image\":{\"@id\":\"https:\/\/insurancecorp.com.br\/pt\/#logo\"}},{\"@type\":\"WebSite\",\"@id\":\"https:\/\/insurancecorp.com.br\/pt\/#website\",\"url\":\"https:\/\/insurancecorp.com.br\/pt\/\",\"name\":\"Revista Insurance Corp | PT-BR\",\"description\":\"A \\u00fanica revista bil\\u00edngue voltada ao mercado de seguro.\",\"publisher\":{\"@id\":\"https:\/\/insurancecorp.com.br\/pt\/#organization\"},\"potentialAction\":[{\"@type\":\"SearchAction\",\"target\":\"https:\/\/insurancecorp.com.br\/pt\/?s={search_term_string}\",\"query-input\":\"required name=search_term_string\"}],\"inLanguage\":\"pt-BR\"},{\"@type\":\"ImageObject\",\"@id\":\"https:\/\/insurancecorp.com.br\/pt\/2020\/10\/01\/bradesco-seguros-promove-conteudo-especial-com-ary-fontoura\/#primaryimage\",\"inLanguage\":\"pt-BR\",\"url\":\"https:\/\/insurancecorp.com.br\/pt\/wp-content\/uploads\/2020\/10\/francisco-1.jpeg\",\"width\":1275,\"height\":611},{\"@type\":\"WebPage\",\"@id\":\"https:\/\/insurancecorp.com.br\/pt\/2020\/10\/01\/bradesco-seguros-promove-conteudo-especial-com-ary-fontoura\/#webpage\",\"url\":\"https:\/\/insurancecorp.com.br\/pt\/2020\/10\/01\/bradesco-seguros-promove-conteudo-especial-com-ary-fontoura\/\",\"name\":\"Bradesco Seguros promove conte\\u00fado especial com Ary Fontoura | Revista Insurance Corp | PT-BR\",\"isPartOf\":{\"@id\":\"https:\/\/insurancecorp.com.br\/pt\/#website\"},\"primaryImageOfPage\":{\"@id\":\"https:\/\/insurancecorp.com.br\/pt\/2020\/10\/01\/bradesco-seguros-promove-conteudo-especial-com-ary-fontoura\/#primaryimage\"},\"datePublished\":\"2020-10-01T21:32:55+00:00\",\"dateModified\":\"2020-10-01T21:32:55+00:00\",\"inLanguage\":\"pt-BR\",\"potentialAction\":[{\"@type\":\"ReadAction\",\"target\":[\"https:\/\/insurancecorp.com.br\/pt\/2020\/10\/01\/bradesco-seguros-promove-conteudo-especial-com-ary-fontoura\/\"]}]},{\"@type\":\"Article\",\"@id\":\"https:\/\/insurancecorp.com.br\/pt\/2020\/10\/01\/bradesco-seguros-promove-conteudo-especial-com-ary-fontoura\/#article\",\"isPartOf\":{\"@id\":\"https:\/\/insurancecorp.com.br\/pt\/2020\/10\/01\/bradesco-seguros-promove-conteudo-especial-com-ary-fontoura\/#webpage\"},\"author\":{\"@id\":\"https:\/\/insurancecorp.com.br\/pt\/#\/schema\/person\/1b69c8cf325f0b7167f1b171f52df4af\"},\"headline\":\"Bradesco Seguros promove conte\\u00fado especial com Ary Fontoura\",\"datePublished\":\"2020-10-01T21:32:55+00:00\",\"dateModified\":\"2020-10-01T21:32:55+00:00\",\"mainEntityOfPage\":{\"@id\":\"https:\/\/insurancecorp.com.br\/pt\/2020\/10\/01\/bradesco-seguros-promove-conteudo-especial-com-ary-fontoura\/#webpage\"},\"commentCount\":0,\"publisher\":{\"@id\":\"https:\/\/insurancecorp.com.br\/pt\/#organization\"},\"image\":{\"@id\":\"https:\/\/insurancecorp.com.br\/pt\/2020\/10\/01\/bradesco-seguros-promove-conteudo-especial-com-ary-fontoura\/#primaryimage\"},\"articleSection\":\"Bradesco Seguros\",\"inLanguage\":\"pt-BR\",\"potentialAction\":[{\"@type\":\"CommentAction\",\"name\":\"Comment\",\"target\":[\"https:\/\/insurancecorp.com.br\/pt\/2020\/10\/01\/bradesco-seguros-promove-conteudo-especial-com-ary-fontoura\/#respond\"]}]},{\"@type\":\"Person\",\"@id\":\"https:\/\/insurancecorp.com.br\/pt\/#\/schema\/person\/1b69c8cf325f0b7167f1b171f52df4af\",\"name\":\"Publica\\u00e7\\u00e3o\",\"image\":{\"@type\":\"ImageObject\",\"@id\":\"https:\/\/insurancecorp.com.br\/pt\/#personlogo\",\"inLanguage\":\"pt-BR\",\"url\":\"https:\/\/secure.gravatar.com\/avatar\/17226f1f60486eb25d4c6b301ffed37f?s=96&d=mm&r=g\",\"caption\":\"Publica\\u00e7\\u00e3o\"}}]}<\/script>\n<!-- \/ Yoast SEO plugin. -->","_links":{"self":[{"href":"https:\/\/insurancecorp.com.br\/pt\/wp-json\/wp\/v2\/posts\/19283"}],"collection":[{"href":"https:\/\/insurancecorp.com.br\/pt\/wp-json\/wp\/v2\/posts"}],"about":[{"href":"https:\/\/insurancecorp.com.br\/pt\/wp-json\/wp\/v2\/types\/post"}],"author":[{"embeddable":true,"href":"https:\/\/insurancecorp.com.br\/pt\/wp-json\/wp\/v2\/users\/2"}],"replies":[{"embeddable":true,"href":"https:\/\/insurancecorp.com.br\/pt\/wp-json\/wp\/v2\/comments?post=19283"}],"version-history":[{"count":1,"href":"https:\/\/insurancecorp.com.br\/pt\/wp-json\/wp\/v2\/posts\/19283\/revisions"}],"predecessor-version":[{"id":19285,"href":"https:\/\/insurancecorp.com.br\/pt\/wp-json\/wp\/v2\/posts\/19283\/revisions\/19285"}],"wp:featuredmedia":[{"embeddable":true,"href":"https:\/\/insurancecorp.com.br\/pt\/wp-json\/wp\/v2\/media\/19286"}],"wp:attachment":[{"href":"https:\/\/insurancecorp.com.br\/pt\/wp-json\/wp\/v2\/media?parent=19283"}],"wp:term":[{"taxonomy":"category","embeddable":true,"href":"https:\/\/insurancecorp.com.br\/pt\/wp-json\/wp\/v2\/categories?post=19283"},{"taxonomy":"post_tag","embeddable":true,"href":"https:\/\/insurancecorp.com.br\/pt\/wp-json\/wp\/v2\/tags?post=19283"}],"curies":[{"name":"wp","href":"https:\/\/api.w.org\/{rel}","templated":true}]}}