{"id":19220,"date":"2020-09-29T11:59:38","date_gmt":"2020-09-29T14:59:38","guid":{"rendered":"https:\/\/insurancecorp.com.br\/pt\/?p=19220"},"modified":"2020-09-29T12:00:58","modified_gmt":"2020-09-29T15:00:58","slug":"qualicorp-promove-live-sobre-diversidade-e-valorizacao-humana","status":"publish","type":"post","link":"https:\/\/insurancecorp.com.br\/pt\/2020\/09\/29\/qualicorp-promove-live-sobre-diversidade-e-valorizacao-humana\/","title":{"rendered":"Qualicorp promove live sobre diversidade e valoriza\u00e7\u00e3o humana"},"content":{"rendered":"<p>Associar cores aos meses tem sido uma importante ferramenta para conscientizar a popula\u00e7\u00e3o sobre temas ligados \u00e0 sa\u00fade. E para endossar ainda mais essas campanhas, a Qualicorp, administradora de planos de sa\u00fade coletivos, apresenta nesta ter\u00e7a-feira (29), a partir das 20h, uma live para promover e valorizar a diversidade e a inclus\u00e3o.<\/p>\n<p>Setembro \u00e9 o m\u00eas mais colorido do ano, n\u00e3o s\u00f3 pela primavera. Entre as campanhas que acontecem neste per\u00edodo, est\u00e3o o Setembro Azul, que traz conscientiza\u00e7\u00e3o e homenagens \u00e0 Comunidade Surda Brasileira, Setembro Amarelo, para a preven\u00e7\u00e3o do suic\u00eddio, e o Setembro Verde, que refor\u00e7a a import\u00e2ncia da doa\u00e7\u00e3o de \u00f3rg\u00e3os e tamb\u00e9m da acessibilidade e inclus\u00e3o social das pessoas com defici\u00eancia.<\/p>\n<p>A live faz parte de um novo projeto da Qualicorp, que tem como foco a valoriza\u00e7\u00e3o da diversidade e da inclus\u00e3o dentro e fora da companhia. O evento ser\u00e1 dividido em tr\u00eas momentos. No primeiro, a jornalista Viviane Medeiros far\u00e1 a media\u00e7\u00e3o de um bate-papo sobre os desafios enfrentados pela comunidade surda, al\u00e9m de abordar os avan\u00e7os para a inclus\u00e3o dessa grande popula\u00e7\u00e3o no Brasil. Os participantes dessa discuss\u00e3o ser\u00e3o os influenciadores digitais Gabriel Isaac, do canal Isflocos, e L\u00e9o Viturinno, youtuber, dragqueen, LGBTQIA+, palestrante e professor de libras, ambos deficientes auditivos.<\/p>\n<p>No segundo momento, \u00e9 a vez do m\u00fasico e compositor Victor Davi, o Guardiano, contar um pouco sobre sua m\u00fasica e clipe \u201cPresente\u201d, que aborda a rela\u00e7\u00e3o do brasileiro com a pandemia, a sa\u00fade mental e a inclus\u00e3o dos deficientes auditivos.<\/p>\n<p>Lais Souza, ex-ginasta brasileira, Clara Monteiro, influenciadora com paralisia cerebral, Andrea Schwarz, CEO da iigual e LinkedIn Top Voice e Geisa Luz, p\u00f3s-doutora em Sa\u00fade P\u00fablica, enfermeira, consultora em Doen\u00e7as Raras e Graves e cofundadora do Costurando Vidas, batem um papo sobre a inclus\u00e3o de pessoas com defici\u00eancia e mobilidade reduzida na sociedade e sobre qual \u00e9 o papel dos influenciadoras digitais neste cen\u00e1rio.<\/p>\n<p>\u201c\u00c9 o que n\u00f3s chamamos de Novo Jeito Quali de Ser! A presta\u00e7\u00e3o de servi\u00e7os s\u00f3 se transforma se houver primeiro uma transforma\u00e7\u00e3o interna, primeiramente em n\u00f3s mesmos e depois na Companhia. N\u00f3s estamos em um novo momento. Somos todos diversos e precisamos, cada vez mais, ser inclusivos\u201d, comenta Bruno Blatt, CEO da Qualicorp.<\/p>\n<p>Quem estiver assistindo \u00e0 transmiss\u00e3o poder\u00e1 fazer sua doa\u00e7\u00e3o pelo QR Code que estar\u00e1 na tela para a institui\u00e7\u00e3o The Friendship Circle S\u00e3o Paulo. O valor arrecadado ser\u00e1 destinado a projetos da entidade que t\u00eam como foco a inclus\u00e3o de crian\u00e7as com defici\u00eancia.<\/p>\n<p>A a\u00e7\u00e3o tamb\u00e9m d\u00e1 sequ\u00eancia \u00e0 Let\u00b4s Live, s\u00e9rie de encontros online organizados e transmitidos pela Qualicorp em seu canal no Youtube.<\/p>\n<p>A live acontece nesta ter\u00e7a-feira, 29 de setembro, \u00e0s 20h, no YouTube.com.br\/Qualicorp. Confira o hub de lives promovidas pela Companhia no site letslive.qualicorp.com.br.<\/p>\n<p><strong>VTN Comunica\u00e7\u00e3o<\/strong><\/p>\n","protected":false},"excerpt":{"rendered":"<p>Associar cores aos meses tem sido uma importante ferramenta para conscientizar a popula\u00e7\u00e3o sobre temas ligados \u00e0 sa\u00fade. E para endossar ainda mais essas campanhas, a Qualicorp, administradora de planos de sa\u00fade coletivos, apresenta nesta ter\u00e7a-feira (29), a partir das 20h, uma live para promover e valorizar a diversidade e a inclus\u00e3o. Setembro \u00e9 o [&hellip;]<\/p>\n","protected":false},"author":2,"featured_media":19221,"comment_status":"open","ping_status":"open","sticky":false,"template":"","format":"standard","meta":[],"categories":[278],"tags":[],"jetpack_featured_media_url":"https:\/\/insurancecorp.com.br\/pt\/wp-content\/uploads\/2020\/09\/agro-3.png","yoast_head":"<!-- This site is optimized with the Yoast SEO plugin v14.8 - https:\/\/yoast.com\/wordpress\/plugins\/seo\/ -->\n<title>Qualicorp promove live sobre diversidade e valoriza\u00e7\u00e3o humana | Revista Insurance Corp | PT-BR<\/title>\n<meta name=\"robots\" content=\"index, follow\" \/>\n<meta name=\"googlebot\" content=\"index, follow, max-snippet:-1, max-image-preview:large, max-video-preview:-1\" \/>\n<meta name=\"bingbot\" content=\"index, follow, max-snippet:-1, max-image-preview:large, max-video-preview:-1\" \/>\n<link rel=\"canonical\" href=\"https:\/\/insurancecorp.com.br\/pt\/2020\/09\/29\/qualicorp-promove-live-sobre-diversidade-e-valorizacao-humana\/\" \/>\n<meta property=\"og:locale\" content=\"pt_BR\" \/>\n<meta property=\"og:type\" content=\"article\" \/>\n<meta property=\"og:title\" content=\"Qualicorp promove live sobre diversidade e valoriza\u00e7\u00e3o humana | Revista Insurance Corp | PT-BR\" \/>\n<meta property=\"og:description\" content=\"Associar cores aos meses tem sido uma importante ferramenta para conscientizar a popula\u00e7\u00e3o sobre temas ligados \u00e0 sa\u00fade. E para endossar ainda mais essas campanhas, a Qualicorp, administradora de planos de sa\u00fade coletivos, apresenta nesta ter\u00e7a-feira (29), a partir das 20h, uma live para promover e valorizar a diversidade e a inclus\u00e3o. Setembro \u00e9 o [&hellip;]\" \/>\n<meta property=\"og:url\" content=\"https:\/\/insurancecorp.com.br\/pt\/2020\/09\/29\/qualicorp-promove-live-sobre-diversidade-e-valorizacao-humana\/\" \/>\n<meta property=\"og:site_name\" content=\"Revista Insurance Corp | PT-BR\" \/>\n<meta property=\"article:publisher\" content=\"https:\/\/www.facebook.com\/RevistaInsuranceCorp\/\" \/>\n<meta property=\"article:published_time\" content=\"2020-09-29T14:59:38+00:00\" \/>\n<meta property=\"article:modified_time\" content=\"2020-09-29T15:00:58+00:00\" \/>\n<meta property=\"og:image\" content=\"https:\/\/insurancecorp.com.br\/pt\/wp-content\/uploads\/2020\/09\/agro-3.png\" \/>\n\t<meta property=\"og:image:width\" content=\"525\" \/>\n\t<meta property=\"og:image:height\" content=\"292\" \/>\n<meta name=\"twitter:card\" content=\"summary\" \/>\n<script type=\"application\/ld+json\" class=\"yoast-schema-graph\">{\"@context\":\"https:\/\/schema.org\",\"@graph\":[{\"@type\":\"Organization\",\"@id\":\"https:\/\/insurancecorp.com.br\/pt\/#organization\",\"name\":\"Revista Insurance Corp\",\"url\":\"https:\/\/insurancecorp.com.br\/pt\/\",\"sameAs\":[\"https:\/\/www.facebook.com\/RevistaInsuranceCorp\/\"],\"logo\":{\"@type\":\"ImageObject\",\"@id\":\"https:\/\/insurancecorp.com.br\/pt\/#logo\",\"inLanguage\":\"pt-BR\",\"url\":\"\",\"caption\":\"Revista Insurance Corp\"},\"image\":{\"@id\":\"https:\/\/insurancecorp.com.br\/pt\/#logo\"}},{\"@type\":\"WebSite\",\"@id\":\"https:\/\/insurancecorp.com.br\/pt\/#website\",\"url\":\"https:\/\/insurancecorp.com.br\/pt\/\",\"name\":\"Revista Insurance Corp | PT-BR\",\"description\":\"A \\u00fanica revista bil\\u00edngue voltada ao mercado de seguro.\",\"publisher\":{\"@id\":\"https:\/\/insurancecorp.com.br\/pt\/#organization\"},\"potentialAction\":[{\"@type\":\"SearchAction\",\"target\":\"https:\/\/insurancecorp.com.br\/pt\/?s={search_term_string}\",\"query-input\":\"required name=search_term_string\"}],\"inLanguage\":\"pt-BR\"},{\"@type\":\"ImageObject\",\"@id\":\"https:\/\/insurancecorp.com.br\/pt\/2020\/09\/29\/qualicorp-promove-live-sobre-diversidade-e-valorizacao-humana\/#primaryimage\",\"inLanguage\":\"pt-BR\",\"url\":\"https:\/\/insurancecorp.com.br\/pt\/wp-content\/uploads\/2020\/09\/agro-3.png\",\"width\":525,\"height\":292},{\"@type\":\"WebPage\",\"@id\":\"https:\/\/insurancecorp.com.br\/pt\/2020\/09\/29\/qualicorp-promove-live-sobre-diversidade-e-valorizacao-humana\/#webpage\",\"url\":\"https:\/\/insurancecorp.com.br\/pt\/2020\/09\/29\/qualicorp-promove-live-sobre-diversidade-e-valorizacao-humana\/\",\"name\":\"Qualicorp promove live sobre diversidade e valoriza\\u00e7\\u00e3o humana | Revista Insurance Corp | PT-BR\",\"isPartOf\":{\"@id\":\"https:\/\/insurancecorp.com.br\/pt\/#website\"},\"primaryImageOfPage\":{\"@id\":\"https:\/\/insurancecorp.com.br\/pt\/2020\/09\/29\/qualicorp-promove-live-sobre-diversidade-e-valorizacao-humana\/#primaryimage\"},\"datePublished\":\"2020-09-29T14:59:38+00:00\",\"dateModified\":\"2020-09-29T15:00:58+00:00\",\"inLanguage\":\"pt-BR\",\"potentialAction\":[{\"@type\":\"ReadAction\",\"target\":[\"https:\/\/insurancecorp.com.br\/pt\/2020\/09\/29\/qualicorp-promove-live-sobre-diversidade-e-valorizacao-humana\/\"]}]},{\"@type\":\"Article\",\"@id\":\"https:\/\/insurancecorp.com.br\/pt\/2020\/09\/29\/qualicorp-promove-live-sobre-diversidade-e-valorizacao-humana\/#article\",\"isPartOf\":{\"@id\":\"https:\/\/insurancecorp.com.br\/pt\/2020\/09\/29\/qualicorp-promove-live-sobre-diversidade-e-valorizacao-humana\/#webpage\"},\"author\":{\"@id\":\"https:\/\/insurancecorp.com.br\/pt\/#\/schema\/person\/1b69c8cf325f0b7167f1b171f52df4af\"},\"headline\":\"Qualicorp promove live sobre diversidade e valoriza\\u00e7\\u00e3o humana\",\"datePublished\":\"2020-09-29T14:59:38+00:00\",\"dateModified\":\"2020-09-29T15:00:58+00:00\",\"mainEntityOfPage\":{\"@id\":\"https:\/\/insurancecorp.com.br\/pt\/2020\/09\/29\/qualicorp-promove-live-sobre-diversidade-e-valorizacao-humana\/#webpage\"},\"commentCount\":0,\"publisher\":{\"@id\":\"https:\/\/insurancecorp.com.br\/pt\/#organization\"},\"image\":{\"@id\":\"https:\/\/insurancecorp.com.br\/pt\/2020\/09\/29\/qualicorp-promove-live-sobre-diversidade-e-valorizacao-humana\/#primaryimage\"},\"articleSection\":\"Qualicorp\",\"inLanguage\":\"pt-BR\",\"potentialAction\":[{\"@type\":\"CommentAction\",\"name\":\"Comment\",\"target\":[\"https:\/\/insurancecorp.com.br\/pt\/2020\/09\/29\/qualicorp-promove-live-sobre-diversidade-e-valorizacao-humana\/#respond\"]}]},{\"@type\":\"Person\",\"@id\":\"https:\/\/insurancecorp.com.br\/pt\/#\/schema\/person\/1b69c8cf325f0b7167f1b171f52df4af\",\"name\":\"Publica\\u00e7\\u00e3o\",\"image\":{\"@type\":\"ImageObject\",\"@id\":\"https:\/\/insurancecorp.com.br\/pt\/#personlogo\",\"inLanguage\":\"pt-BR\",\"url\":\"https:\/\/secure.gravatar.com\/avatar\/17226f1f60486eb25d4c6b301ffed37f?s=96&d=mm&r=g\",\"caption\":\"Publica\\u00e7\\u00e3o\"}}]}<\/script>\n<!-- \/ Yoast SEO plugin. -->","_links":{"self":[{"href":"https:\/\/insurancecorp.com.br\/pt\/wp-json\/wp\/v2\/posts\/19220"}],"collection":[{"href":"https:\/\/insurancecorp.com.br\/pt\/wp-json\/wp\/v2\/posts"}],"about":[{"href":"https:\/\/insurancecorp.com.br\/pt\/wp-json\/wp\/v2\/types\/post"}],"author":[{"embeddable":true,"href":"https:\/\/insurancecorp.com.br\/pt\/wp-json\/wp\/v2\/users\/2"}],"replies":[{"embeddable":true,"href":"https:\/\/insurancecorp.com.br\/pt\/wp-json\/wp\/v2\/comments?post=19220"}],"version-history":[{"count":1,"href":"https:\/\/insurancecorp.com.br\/pt\/wp-json\/wp\/v2\/posts\/19220\/revisions"}],"predecessor-version":[{"id":19222,"href":"https:\/\/insurancecorp.com.br\/pt\/wp-json\/wp\/v2\/posts\/19220\/revisions\/19222"}],"wp:featuredmedia":[{"embeddable":true,"href":"https:\/\/insurancecorp.com.br\/pt\/wp-json\/wp\/v2\/media\/19221"}],"wp:attachment":[{"href":"https:\/\/insurancecorp.com.br\/pt\/wp-json\/wp\/v2\/media?parent=19220"}],"wp:term":[{"taxonomy":"category","embeddable":true,"href":"https:\/\/insurancecorp.com.br\/pt\/wp-json\/wp\/v2\/categories?post=19220"},{"taxonomy":"post_tag","embeddable":true,"href":"https:\/\/insurancecorp.com.br\/pt\/wp-json\/wp\/v2\/tags?post=19220"}],"curies":[{"name":"wp","href":"https:\/\/api.w.org\/{rel}","templated":true}]}}