{"id":19211,"date":"2020-09-29T11:24:46","date_gmt":"2020-09-29T14:24:46","guid":{"rendered":"https:\/\/insurancecorp.com.br\/pt\/?p=19211"},"modified":"2020-09-29T11:25:25","modified_gmt":"2020-09-29T14:25:25","slug":"direto-reto-com-camillo-discute-riscos-tecnologicos-com-especialista","status":"publish","type":"post","link":"https:\/\/insurancecorp.com.br\/pt\/2020\/09\/29\/direto-reto-com-camillo-discute-riscos-tecnologicos-com-especialista\/","title":{"rendered":"Direto &#038; Reto com Camillo discute riscos tecnol\u00f3gicos com especialista"},"content":{"rendered":"<p>Com o tema \u201cRiscos Tecnol\u00f3gicos &#8211; Oportunidades de neg\u00f3cios para corretores de seguros\u201d, a 20\u00aa edi\u00e7\u00e3o do Direto &amp; Reto com Camillo vai ao ar nesta quarta-feira (30\/09), a partir das 10h, pelo canal da <a href=\"https:\/\/www.youtube.com\/channel\/UCSj0Kif4RwhbgELrVhGwDww\">TV Sincor-SP no YouTube<\/a>. O tema desta edi\u00e7\u00e3o foi escolhido pelos corretores de seguros, por meio de pesquisa.<\/p>\n<p>Para abordar as prote\u00e7\u00f5es dispon\u00edveis no mercado de seguros, cujo crescimento est\u00e1 sendo impulsionado por esse per\u00edodo de pandemia e isolamento social, o presidente do Sindicato de Empres\u00e1rios e Profissionais Aut\u00f4nomos da Corretagem e da Distribui\u00e7\u00e3o de Seguros do Estado de S\u00e3o Paulo (Sincor-SP), Alexandre Camillo, vai receber Carolina Novaes.<\/p>\n<p>Carolina \u00e9 especialista em seguro de riscos cibern\u00e9ticos e Linhas Financeiras, como D&amp;O, E&amp;O, Garantia e Ambiental, e consultora da NG Expertise. Formada em Administra\u00e7\u00e3o de Empresas, com cerca de 15 anos de experi\u00eancia no mercado de seguros, j\u00e1 atuou como gerente t\u00e9cnica e comercial das principais corretoras de seguros do mercado.<\/p>\n<p>J\u00e1 \u00e9 poss\u00edvel participar enviando perguntas, questionamentos e coment\u00e1rios sobre o tema para o WhatsApp (11) 97363-0844.<\/p>\n<p>O Direto &amp; Reto com Camillo \u00e9 exibido todas as \u00faltimas quartas-feiras do m\u00eas e tem como prop\u00f3sito aproximar, ainda mais, o Sincor-SP dos corretores de seguros, promovendo di\u00e1logo entre a categoria e o presidente.<\/p>\n<p><strong>Assessoria de Imprensa Sincor-SP<\/strong><\/p>\n","protected":false},"excerpt":{"rendered":"<p>Com o tema \u201cRiscos Tecnol\u00f3gicos &#8211; Oportunidades de neg\u00f3cios para corretores de seguros\u201d, a 20\u00aa edi\u00e7\u00e3o do Direto &amp; Reto com Camillo vai ao ar nesta quarta-feira (30\/09), a partir das 10h, pelo canal da TV Sincor-SP no YouTube. O tema desta edi\u00e7\u00e3o foi escolhido pelos corretores de seguros, por meio de pesquisa. Para abordar [&hellip;]<\/p>\n","protected":false},"author":2,"featured_media":19212,"comment_status":"open","ping_status":"open","sticky":false,"template":"","format":"standard","meta":[],"categories":[376],"tags":[],"jetpack_featured_media_url":"https:\/\/insurancecorp.com.br\/pt\/wp-content\/uploads\/2020\/09\/7-1.jpg","yoast_head":"<!-- This site is optimized with the Yoast SEO plugin v14.8 - https:\/\/yoast.com\/wordpress\/plugins\/seo\/ -->\n<title>Direto &amp; Reto com Camillo discute riscos tecnol\u00f3gicos com especialista | Revista Insurance Corp | PT-BR<\/title>\n<meta name=\"robots\" content=\"index, follow\" \/>\n<meta name=\"googlebot\" content=\"index, follow, max-snippet:-1, max-image-preview:large, max-video-preview:-1\" \/>\n<meta name=\"bingbot\" content=\"index, follow, max-snippet:-1, max-image-preview:large, max-video-preview:-1\" \/>\n<link rel=\"canonical\" href=\"https:\/\/insurancecorp.com.br\/pt\/2020\/09\/29\/direto-reto-com-camillo-discute-riscos-tecnologicos-com-especialista\/\" \/>\n<meta property=\"og:locale\" content=\"pt_BR\" \/>\n<meta property=\"og:type\" content=\"article\" \/>\n<meta property=\"og:title\" content=\"Direto &amp; Reto com Camillo discute riscos tecnol\u00f3gicos com especialista | Revista Insurance Corp | PT-BR\" \/>\n<meta property=\"og:description\" content=\"Com o tema \u201cRiscos Tecnol\u00f3gicos &#8211; Oportunidades de neg\u00f3cios para corretores de seguros\u201d, a 20\u00aa edi\u00e7\u00e3o do Direto &amp; Reto com Camillo vai ao ar nesta quarta-feira (30\/09), a partir das 10h, pelo canal da TV Sincor-SP no YouTube. O tema desta edi\u00e7\u00e3o foi escolhido pelos corretores de seguros, por meio de pesquisa. Para abordar [&hellip;]\" \/>\n<meta property=\"og:url\" content=\"https:\/\/insurancecorp.com.br\/pt\/2020\/09\/29\/direto-reto-com-camillo-discute-riscos-tecnologicos-com-especialista\/\" \/>\n<meta property=\"og:site_name\" content=\"Revista Insurance Corp | PT-BR\" \/>\n<meta property=\"article:publisher\" content=\"https:\/\/www.facebook.com\/RevistaInsuranceCorp\/\" \/>\n<meta property=\"article:published_time\" content=\"2020-09-29T14:24:46+00:00\" \/>\n<meta property=\"article:modified_time\" content=\"2020-09-29T14:25:25+00:00\" \/>\n<meta property=\"og:image\" content=\"https:\/\/insurancecorp.com.br\/pt\/wp-content\/uploads\/2020\/09\/7-1.jpg\" \/>\n\t<meta property=\"og:image:width\" content=\"700\" \/>\n\t<meta property=\"og:image:height\" content=\"400\" \/>\n<meta name=\"twitter:card\" content=\"summary\" \/>\n<script type=\"application\/ld+json\" class=\"yoast-schema-graph\">{\"@context\":\"https:\/\/schema.org\",\"@graph\":[{\"@type\":\"Organization\",\"@id\":\"https:\/\/insurancecorp.com.br\/pt\/#organization\",\"name\":\"Revista Insurance Corp\",\"url\":\"https:\/\/insurancecorp.com.br\/pt\/\",\"sameAs\":[\"https:\/\/www.facebook.com\/RevistaInsuranceCorp\/\"],\"logo\":{\"@type\":\"ImageObject\",\"@id\":\"https:\/\/insurancecorp.com.br\/pt\/#logo\",\"inLanguage\":\"pt-BR\",\"url\":\"\",\"caption\":\"Revista Insurance Corp\"},\"image\":{\"@id\":\"https:\/\/insurancecorp.com.br\/pt\/#logo\"}},{\"@type\":\"WebSite\",\"@id\":\"https:\/\/insurancecorp.com.br\/pt\/#website\",\"url\":\"https:\/\/insurancecorp.com.br\/pt\/\",\"name\":\"Revista Insurance Corp | PT-BR\",\"description\":\"A \\u00fanica revista bil\\u00edngue voltada ao mercado de seguro.\",\"publisher\":{\"@id\":\"https:\/\/insurancecorp.com.br\/pt\/#organization\"},\"potentialAction\":[{\"@type\":\"SearchAction\",\"target\":\"https:\/\/insurancecorp.com.br\/pt\/?s={search_term_string}\",\"query-input\":\"required name=search_term_string\"}],\"inLanguage\":\"pt-BR\"},{\"@type\":\"ImageObject\",\"@id\":\"https:\/\/insurancecorp.com.br\/pt\/2020\/09\/29\/direto-reto-com-camillo-discute-riscos-tecnologicos-com-especialista\/#primaryimage\",\"inLanguage\":\"pt-BR\",\"url\":\"https:\/\/insurancecorp.com.br\/pt\/wp-content\/uploads\/2020\/09\/7-1.jpg\",\"width\":700,\"height\":400},{\"@type\":\"WebPage\",\"@id\":\"https:\/\/insurancecorp.com.br\/pt\/2020\/09\/29\/direto-reto-com-camillo-discute-riscos-tecnologicos-com-especialista\/#webpage\",\"url\":\"https:\/\/insurancecorp.com.br\/pt\/2020\/09\/29\/direto-reto-com-camillo-discute-riscos-tecnologicos-com-especialista\/\",\"name\":\"Direto & Reto com Camillo discute riscos tecnol\\u00f3gicos com especialista | Revista Insurance Corp | PT-BR\",\"isPartOf\":{\"@id\":\"https:\/\/insurancecorp.com.br\/pt\/#website\"},\"primaryImageOfPage\":{\"@id\":\"https:\/\/insurancecorp.com.br\/pt\/2020\/09\/29\/direto-reto-com-camillo-discute-riscos-tecnologicos-com-especialista\/#primaryimage\"},\"datePublished\":\"2020-09-29T14:24:46+00:00\",\"dateModified\":\"2020-09-29T14:25:25+00:00\",\"inLanguage\":\"pt-BR\",\"potentialAction\":[{\"@type\":\"ReadAction\",\"target\":[\"https:\/\/insurancecorp.com.br\/pt\/2020\/09\/29\/direto-reto-com-camillo-discute-riscos-tecnologicos-com-especialista\/\"]}]},{\"@type\":\"Article\",\"@id\":\"https:\/\/insurancecorp.com.br\/pt\/2020\/09\/29\/direto-reto-com-camillo-discute-riscos-tecnologicos-com-especialista\/#article\",\"isPartOf\":{\"@id\":\"https:\/\/insurancecorp.com.br\/pt\/2020\/09\/29\/direto-reto-com-camillo-discute-riscos-tecnologicos-com-especialista\/#webpage\"},\"author\":{\"@id\":\"https:\/\/insurancecorp.com.br\/pt\/#\/schema\/person\/1b69c8cf325f0b7167f1b171f52df4af\"},\"headline\":\"Direto &#038; Reto com Camillo discute riscos tecnol\\u00f3gicos com especialista\",\"datePublished\":\"2020-09-29T14:24:46+00:00\",\"dateModified\":\"2020-09-29T14:25:25+00:00\",\"mainEntityOfPage\":{\"@id\":\"https:\/\/insurancecorp.com.br\/pt\/2020\/09\/29\/direto-reto-com-camillo-discute-riscos-tecnologicos-com-especialista\/#webpage\"},\"commentCount\":0,\"publisher\":{\"@id\":\"https:\/\/insurancecorp.com.br\/pt\/#organization\"},\"image\":{\"@id\":\"https:\/\/insurancecorp.com.br\/pt\/2020\/09\/29\/direto-reto-com-camillo-discute-riscos-tecnologicos-com-especialista\/#primaryimage\"},\"articleSection\":\"Programa Direto e Reto\",\"inLanguage\":\"pt-BR\",\"potentialAction\":[{\"@type\":\"CommentAction\",\"name\":\"Comment\",\"target\":[\"https:\/\/insurancecorp.com.br\/pt\/2020\/09\/29\/direto-reto-com-camillo-discute-riscos-tecnologicos-com-especialista\/#respond\"]}]},{\"@type\":\"Person\",\"@id\":\"https:\/\/insurancecorp.com.br\/pt\/#\/schema\/person\/1b69c8cf325f0b7167f1b171f52df4af\",\"name\":\"Publica\\u00e7\\u00e3o\",\"image\":{\"@type\":\"ImageObject\",\"@id\":\"https:\/\/insurancecorp.com.br\/pt\/#personlogo\",\"inLanguage\":\"pt-BR\",\"url\":\"https:\/\/secure.gravatar.com\/avatar\/17226f1f60486eb25d4c6b301ffed37f?s=96&d=mm&r=g\",\"caption\":\"Publica\\u00e7\\u00e3o\"}}]}<\/script>\n<!-- \/ Yoast SEO plugin. -->","_links":{"self":[{"href":"https:\/\/insurancecorp.com.br\/pt\/wp-json\/wp\/v2\/posts\/19211"}],"collection":[{"href":"https:\/\/insurancecorp.com.br\/pt\/wp-json\/wp\/v2\/posts"}],"about":[{"href":"https:\/\/insurancecorp.com.br\/pt\/wp-json\/wp\/v2\/types\/post"}],"author":[{"embeddable":true,"href":"https:\/\/insurancecorp.com.br\/pt\/wp-json\/wp\/v2\/users\/2"}],"replies":[{"embeddable":true,"href":"https:\/\/insurancecorp.com.br\/pt\/wp-json\/wp\/v2\/comments?post=19211"}],"version-history":[{"count":3,"href":"https:\/\/insurancecorp.com.br\/pt\/wp-json\/wp\/v2\/posts\/19211\/revisions"}],"predecessor-version":[{"id":19215,"href":"https:\/\/insurancecorp.com.br\/pt\/wp-json\/wp\/v2\/posts\/19211\/revisions\/19215"}],"wp:featuredmedia":[{"embeddable":true,"href":"https:\/\/insurancecorp.com.br\/pt\/wp-json\/wp\/v2\/media\/19212"}],"wp:attachment":[{"href":"https:\/\/insurancecorp.com.br\/pt\/wp-json\/wp\/v2\/media?parent=19211"}],"wp:term":[{"taxonomy":"category","embeddable":true,"href":"https:\/\/insurancecorp.com.br\/pt\/wp-json\/wp\/v2\/categories?post=19211"},{"taxonomy":"post_tag","embeddable":true,"href":"https:\/\/insurancecorp.com.br\/pt\/wp-json\/wp\/v2\/tags?post=19211"}],"curies":[{"name":"wp","href":"https:\/\/api.w.org\/{rel}","templated":true}]}}