{"id":19026,"date":"2020-09-22T13:57:49","date_gmt":"2020-09-22T16:57:49","guid":{"rendered":"https:\/\/insurancecorp.com.br\/pt\/?p=19026"},"modified":"2020-09-22T13:58:21","modified_gmt":"2020-09-22T16:58:21","slug":"bradesco-seguros-promove-acao-digital-na-semana-nacional-do-transito","status":"publish","type":"post","link":"https:\/\/insurancecorp.com.br\/pt\/2020\/09\/22\/bradesco-seguros-promove-acao-digital-na-semana-nacional-do-transito\/","title":{"rendered":"Bradesco Seguros promove a\u00e7\u00e3o digital na Semana Nacional do Tr\u00e2nsito"},"content":{"rendered":"<p>Na Semana Nacional do Tr\u00e2nsito deste ano, que teve in\u00edcio na \u00faltima sexta-feira (18), o tema \u00e9 \u2018Perceba o risco. Proteja a vida\u2019. Com a proposta de estimular um tr\u00e2nsito mais seguro para motoristas e pedestres, a Bradesco Auto\/RE, empresa do grupo Bradesco Seguros, desenvolveu uma a\u00e7\u00e3o digital l\u00fadica e divertida, vigente at\u00e9 o dia 25\/09, que busca instigar motoristas a conhecerem sua personalidade \u00e0 frente do volante.<\/p>\n<p>O projeto denominado `Monstrinhos` nasceu a partir dos resultados de uma importante pesquisa divulgada pela London School of Economics and Political Sciense, que afirma existirem sete personalidades distintas, frequentemente adotadas por motoristas ao redor do mundo, como por exemplo o professor, o algoz ou o escapista. Para ilustrar esses perfis de forma din\u00e2mica, trazendo refer\u00eancias ao nosso cotidiano, a equipe de marketing da Bradesco Auto\/RE criou um jogo que est\u00e1 dispon\u00edvel no Instagram da seguradora (@bradescoseguros). \u201cA ideia \u00e9 que o motorista perceba a sua conduta no tr\u00e2nsito a partir de perguntas que ser\u00e3o publicadas na rede social. Ao finalizar o teste, o participante ter\u00e1 o resultado\u201d, destaca Eduardo Menezes, Superintendente de Produtos Autom\u00f3vel da Seguradora.<\/p>\n<p>Ainda como parte das a\u00e7\u00f5es em raz\u00e3o da data, a seguradora divulgar\u00e1 tamb\u00e9m no Linkedin as \u2018Dicas Amigas\u2019 \u2013 curiosidades sobre as multas desconhecidas, infra\u00e7\u00f5es que, muitas vezes, os motoristas nem sabem que podem cometer. A proposta das postagens \u00e9 informar aos seguidores e estimular uma conduta melhor no tr\u00e2nsito. \u201cCertos h\u00e1bitos podem colocar a vida de motoristas e pedestres em risco. A campanha da Bradesco Auto\/RE para 2020 tem como objetivo principal conscientizar a popula\u00e7\u00e3o sobre esses comportamentos\u201d, afirma o executivo.<\/p>\n<p><strong>Sigam a Bradesco Seguros nas Redes Sociais:<\/strong><br \/>\nRede Usu\u00e1rio URL<br \/>\nFacebook bradescoseguros https:\/\/www.facebook.com\/bradescoseguros\/<\/p>\n<p>Instagram bradescoseguros https:\/\/www.instagram.com\/bradescoseguros\/<\/p>\n<p>LinkedIn Bradesco Seguros https:\/\/www.linkedin.com\/company\/bradesco-seguros\/<\/p>\n<p>YouTube Bradesco Seguros https:\/\/www.youtube.com\/user\/BradescoSegurosSA<\/p>\n<p><strong>Approach Comunica\u00e7\u00e3o<\/strong><\/p>\n","protected":false},"excerpt":{"rendered":"<p>Na Semana Nacional do Tr\u00e2nsito deste ano, que teve in\u00edcio na \u00faltima sexta-feira (18), o tema \u00e9 \u2018Perceba o risco. Proteja a vida\u2019. Com a proposta de estimular um tr\u00e2nsito mais seguro para motoristas e pedestres, a Bradesco Auto\/RE, empresa do grupo Bradesco Seguros, desenvolveu uma a\u00e7\u00e3o digital l\u00fadica e divertida, vigente at\u00e9 o dia [&hellip;]<\/p>\n","protected":false},"author":2,"featured_media":19027,"comment_status":"open","ping_status":"open","sticky":false,"template":"","format":"standard","meta":[],"categories":[413],"tags":[],"jetpack_featured_media_url":"https:\/\/insurancecorp.com.br\/pt\/wp-content\/uploads\/2020\/09\/Argo-Seguros-2.jpeg","yoast_head":"<!-- This site is optimized with the Yoast SEO plugin v14.8 - https:\/\/yoast.com\/wordpress\/plugins\/seo\/ -->\n<title>Bradesco Seguros promove a\u00e7\u00e3o digital na Semana Nacional do Tr\u00e2nsito | Revista Insurance Corp | PT-BR<\/title>\n<meta name=\"robots\" content=\"index, follow\" \/>\n<meta name=\"googlebot\" content=\"index, follow, max-snippet:-1, max-image-preview:large, max-video-preview:-1\" \/>\n<meta name=\"bingbot\" content=\"index, follow, max-snippet:-1, max-image-preview:large, max-video-preview:-1\" \/>\n<link rel=\"canonical\" href=\"https:\/\/insurancecorp.com.br\/pt\/2020\/09\/22\/bradesco-seguros-promove-acao-digital-na-semana-nacional-do-transito\/\" \/>\n<meta property=\"og:locale\" content=\"pt_BR\" \/>\n<meta property=\"og:type\" content=\"article\" \/>\n<meta property=\"og:title\" content=\"Bradesco Seguros promove a\u00e7\u00e3o digital na Semana Nacional do Tr\u00e2nsito | Revista Insurance Corp | PT-BR\" \/>\n<meta property=\"og:description\" content=\"Na Semana Nacional do Tr\u00e2nsito deste ano, que teve in\u00edcio na \u00faltima sexta-feira (18), o tema \u00e9 \u2018Perceba o risco. Proteja a vida\u2019. Com a proposta de estimular um tr\u00e2nsito mais seguro para motoristas e pedestres, a Bradesco Auto\/RE, empresa do grupo Bradesco Seguros, desenvolveu uma a\u00e7\u00e3o digital l\u00fadica e divertida, vigente at\u00e9 o dia [&hellip;]\" \/>\n<meta property=\"og:url\" content=\"https:\/\/insurancecorp.com.br\/pt\/2020\/09\/22\/bradesco-seguros-promove-acao-digital-na-semana-nacional-do-transito\/\" \/>\n<meta property=\"og:site_name\" content=\"Revista Insurance Corp | PT-BR\" \/>\n<meta property=\"article:publisher\" content=\"https:\/\/www.facebook.com\/RevistaInsuranceCorp\/\" \/>\n<meta property=\"article:published_time\" content=\"2020-09-22T16:57:49+00:00\" \/>\n<meta property=\"article:modified_time\" content=\"2020-09-22T16:58:21+00:00\" \/>\n<meta property=\"og:image\" content=\"https:\/\/insurancecorp.com.br\/pt\/wp-content\/uploads\/2020\/09\/Argo-Seguros-2.jpeg\" \/>\n\t<meta property=\"og:image:width\" content=\"829\" \/>\n\t<meta property=\"og:image:height\" content=\"1153\" \/>\n<meta name=\"twitter:card\" content=\"summary\" \/>\n<script type=\"application\/ld+json\" class=\"yoast-schema-graph\">{\"@context\":\"https:\/\/schema.org\",\"@graph\":[{\"@type\":\"Organization\",\"@id\":\"https:\/\/insurancecorp.com.br\/pt\/#organization\",\"name\":\"Revista Insurance Corp\",\"url\":\"https:\/\/insurancecorp.com.br\/pt\/\",\"sameAs\":[\"https:\/\/www.facebook.com\/RevistaInsuranceCorp\/\"],\"logo\":{\"@type\":\"ImageObject\",\"@id\":\"https:\/\/insurancecorp.com.br\/pt\/#logo\",\"inLanguage\":\"pt-BR\",\"url\":\"\",\"caption\":\"Revista Insurance Corp\"},\"image\":{\"@id\":\"https:\/\/insurancecorp.com.br\/pt\/#logo\"}},{\"@type\":\"WebSite\",\"@id\":\"https:\/\/insurancecorp.com.br\/pt\/#website\",\"url\":\"https:\/\/insurancecorp.com.br\/pt\/\",\"name\":\"Revista Insurance Corp | PT-BR\",\"description\":\"A \\u00fanica revista bil\\u00edngue voltada ao mercado de seguro.\",\"publisher\":{\"@id\":\"https:\/\/insurancecorp.com.br\/pt\/#organization\"},\"potentialAction\":[{\"@type\":\"SearchAction\",\"target\":\"https:\/\/insurancecorp.com.br\/pt\/?s={search_term_string}\",\"query-input\":\"required name=search_term_string\"}],\"inLanguage\":\"pt-BR\"},{\"@type\":\"ImageObject\",\"@id\":\"https:\/\/insurancecorp.com.br\/pt\/2020\/09\/22\/bradesco-seguros-promove-acao-digital-na-semana-nacional-do-transito\/#primaryimage\",\"inLanguage\":\"pt-BR\",\"url\":\"https:\/\/insurancecorp.com.br\/pt\/wp-content\/uploads\/2020\/09\/Argo-Seguros-2.jpeg\",\"width\":829,\"height\":1153},{\"@type\":\"WebPage\",\"@id\":\"https:\/\/insurancecorp.com.br\/pt\/2020\/09\/22\/bradesco-seguros-promove-acao-digital-na-semana-nacional-do-transito\/#webpage\",\"url\":\"https:\/\/insurancecorp.com.br\/pt\/2020\/09\/22\/bradesco-seguros-promove-acao-digital-na-semana-nacional-do-transito\/\",\"name\":\"Bradesco Seguros promove a\\u00e7\\u00e3o digital na Semana Nacional do Tr\\u00e2nsito | Revista Insurance Corp | PT-BR\",\"isPartOf\":{\"@id\":\"https:\/\/insurancecorp.com.br\/pt\/#website\"},\"primaryImageOfPage\":{\"@id\":\"https:\/\/insurancecorp.com.br\/pt\/2020\/09\/22\/bradesco-seguros-promove-acao-digital-na-semana-nacional-do-transito\/#primaryimage\"},\"datePublished\":\"2020-09-22T16:57:49+00:00\",\"dateModified\":\"2020-09-22T16:58:21+00:00\",\"inLanguage\":\"pt-BR\",\"potentialAction\":[{\"@type\":\"ReadAction\",\"target\":[\"https:\/\/insurancecorp.com.br\/pt\/2020\/09\/22\/bradesco-seguros-promove-acao-digital-na-semana-nacional-do-transito\/\"]}]},{\"@type\":\"Article\",\"@id\":\"https:\/\/insurancecorp.com.br\/pt\/2020\/09\/22\/bradesco-seguros-promove-acao-digital-na-semana-nacional-do-transito\/#article\",\"isPartOf\":{\"@id\":\"https:\/\/insurancecorp.com.br\/pt\/2020\/09\/22\/bradesco-seguros-promove-acao-digital-na-semana-nacional-do-transito\/#webpage\"},\"author\":{\"@id\":\"https:\/\/insurancecorp.com.br\/pt\/#\/schema\/person\/1b69c8cf325f0b7167f1b171f52df4af\"},\"headline\":\"Bradesco Seguros promove a\\u00e7\\u00e3o digital na Semana Nacional do Tr\\u00e2nsito\",\"datePublished\":\"2020-09-22T16:57:49+00:00\",\"dateModified\":\"2020-09-22T16:58:21+00:00\",\"mainEntityOfPage\":{\"@id\":\"https:\/\/insurancecorp.com.br\/pt\/2020\/09\/22\/bradesco-seguros-promove-acao-digital-na-semana-nacional-do-transito\/#webpage\"},\"commentCount\":0,\"publisher\":{\"@id\":\"https:\/\/insurancecorp.com.br\/pt\/#organization\"},\"image\":{\"@id\":\"https:\/\/insurancecorp.com.br\/pt\/2020\/09\/22\/bradesco-seguros-promove-acao-digital-na-semana-nacional-do-transito\/#primaryimage\"},\"articleSection\":\"Bradesco Seguros\",\"inLanguage\":\"pt-BR\",\"potentialAction\":[{\"@type\":\"CommentAction\",\"name\":\"Comment\",\"target\":[\"https:\/\/insurancecorp.com.br\/pt\/2020\/09\/22\/bradesco-seguros-promove-acao-digital-na-semana-nacional-do-transito\/#respond\"]}]},{\"@type\":\"Person\",\"@id\":\"https:\/\/insurancecorp.com.br\/pt\/#\/schema\/person\/1b69c8cf325f0b7167f1b171f52df4af\",\"name\":\"Publica\\u00e7\\u00e3o\",\"image\":{\"@type\":\"ImageObject\",\"@id\":\"https:\/\/insurancecorp.com.br\/pt\/#personlogo\",\"inLanguage\":\"pt-BR\",\"url\":\"https:\/\/secure.gravatar.com\/avatar\/17226f1f60486eb25d4c6b301ffed37f?s=96&d=mm&r=g\",\"caption\":\"Publica\\u00e7\\u00e3o\"}}]}<\/script>\n<!-- \/ Yoast SEO plugin. -->","_links":{"self":[{"href":"https:\/\/insurancecorp.com.br\/pt\/wp-json\/wp\/v2\/posts\/19026"}],"collection":[{"href":"https:\/\/insurancecorp.com.br\/pt\/wp-json\/wp\/v2\/posts"}],"about":[{"href":"https:\/\/insurancecorp.com.br\/pt\/wp-json\/wp\/v2\/types\/post"}],"author":[{"embeddable":true,"href":"https:\/\/insurancecorp.com.br\/pt\/wp-json\/wp\/v2\/users\/2"}],"replies":[{"embeddable":true,"href":"https:\/\/insurancecorp.com.br\/pt\/wp-json\/wp\/v2\/comments?post=19026"}],"version-history":[{"count":2,"href":"https:\/\/insurancecorp.com.br\/pt\/wp-json\/wp\/v2\/posts\/19026\/revisions"}],"predecessor-version":[{"id":19029,"href":"https:\/\/insurancecorp.com.br\/pt\/wp-json\/wp\/v2\/posts\/19026\/revisions\/19029"}],"wp:featuredmedia":[{"embeddable":true,"href":"https:\/\/insurancecorp.com.br\/pt\/wp-json\/wp\/v2\/media\/19027"}],"wp:attachment":[{"href":"https:\/\/insurancecorp.com.br\/pt\/wp-json\/wp\/v2\/media?parent=19026"}],"wp:term":[{"taxonomy":"category","embeddable":true,"href":"https:\/\/insurancecorp.com.br\/pt\/wp-json\/wp\/v2\/categories?post=19026"},{"taxonomy":"post_tag","embeddable":true,"href":"https:\/\/insurancecorp.com.br\/pt\/wp-json\/wp\/v2\/tags?post=19026"}],"curies":[{"name":"wp","href":"https:\/\/api.w.org\/{rel}","templated":true}]}}