{"id":18773,"date":"2020-09-11T19:19:03","date_gmt":"2020-09-11T22:19:03","guid":{"rendered":"https:\/\/insurancecorp.com.br\/pt\/?p=18773"},"modified":"2020-09-11T19:19:54","modified_gmt":"2020-09-11T22:19:54","slug":"plataforma-com-voce-da-bradesco-seguros-agora-apresentacircuito-cultural","status":"publish","type":"post","link":"https:\/\/insurancecorp.com.br\/pt\/2020\/09\/11\/plataforma-com-voce-da-bradesco-seguros-agora-apresentacircuito-cultural\/","title":{"rendered":"Plataforma &#8216;Com Voc\u00ea&#8217; da Bradesco Seguros  apresenta Circuito Cultural"},"content":{"rendered":"<p>Nesta sexta-feira (11), a Bradesco Seguros lan\u00e7a a primeira programa\u00e7\u00e3o do Circuito Cultural na Plataforma &#8216;Com Voc\u00ea&#8217;, ser\u00e1 um tour virtual pelo Museu de Arte no Rio (MAR) ser\u00e1 a primeira atra\u00e7\u00e3o na plataforma e exibir\u00e1 obras de Tarsila do Amaral, Caryb\u00e9, Aleijadinho, entre outros artistas\u00a0brasileiros, como: Tarsila do Amaral, Caryb\u00e9, Aleijadinho, entre outros. O conte\u00fado ficar\u00e1 dispon\u00edvel nas redes sociais da @bradescoseguros.<\/p>\n<p>Para Alexandre Nogueira &#8211; Diretor de Marketing do Grupo Bradesco Seguros, a vers\u00e3o do Circuito Cultural online ser\u00e1 mais um espa\u00e7o para promover reflex\u00e3o e compartilhamento de informa\u00e7\u00f5es a respeito de temas, como: educa\u00e7\u00e3o, arte e cultura. &#8220;No cen\u00e1rio de pandemia, incentivar a cultura \u00e9 oferecer a cada espectador um ativo poderoso de conhecimento e de conv\u00edvio social. Al\u00e9m de fomentar um importante meio de bem-estar e qualidade de vida&#8221;, completa o executivo.<\/p>\n<p>A Bradesco Seguros \u00e9 patrocinadora do MAR desde 2019 atrav\u00e9s da Lei de Incentivo \u00e0 Cultura. At\u00e9 o fim do ano, novas atra\u00e7\u00f5es do Circuito Cultural far\u00e3o parte da plataforma &#8216;Com Voc\u00ea&#8217;.<\/p>\n<p><strong>Sobre o Museu de Arte no Rio<\/strong><\/p>\n<p>Inaugurado em 1\u00ba de mar\u00e7o de 2013, o Museu de Arte do Rio promove uma leitura transversal da hist\u00f3ria da cidade, seu tecido social, sua vida simb\u00f3lica, conflitos, contradi\u00e7\u00f5es, desafios e expectativas sociais. Suas exposi\u00e7\u00f5es unem dimens\u00f5es hist\u00f3ricas e contempor\u00e2neas da arte por meio de mostras de longa e curta dura\u00e7\u00e3o, de \u00e2mbito nacional e internacional.<\/p>\n<p><strong>Circuito Cultural Bradesco Seguros<\/strong><\/p>\n<p>Manter uma pol\u00edtica de incentivo \u00e0 cultura \u00e9 compromisso permanente do Circuito Cultural Bradesco Seguros. Nos \u00faltimos anos, o Grupo Bradesco Seguros orgulha-se de ter patrocinado e apoiado projetos nas \u00e1reas de m\u00fasica, dan\u00e7a, artes pl\u00e1sticas, teatro, literatura e exposi\u00e7\u00f5es, al\u00e9m de outras manifesta\u00e7\u00f5es art\u00edsticas.<\/p>\n<p><strong>Ideal H+K Strategies<\/strong><\/p>\n","protected":false},"excerpt":{"rendered":"<p>Nesta sexta-feira (11), a Bradesco Seguros lan\u00e7a a primeira programa\u00e7\u00e3o do Circuito Cultural na Plataforma &#8216;Com Voc\u00ea&#8217;, ser\u00e1 um tour virtual pelo Museu de Arte no Rio (MAR) ser\u00e1 a primeira atra\u00e7\u00e3o na plataforma e exibir\u00e1 obras de Tarsila do Amaral, Caryb\u00e9, Aleijadinho, entre outros artistas\u00a0brasileiros, como: Tarsila do Amaral, Caryb\u00e9, Aleijadinho, entre outros. O [&hellip;]<\/p>\n","protected":false},"author":2,"featured_media":18774,"comment_status":"open","ping_status":"open","sticky":false,"template":"","format":"standard","meta":[],"categories":[413],"tags":[],"jetpack_featured_media_url":"https:\/\/insurancecorp.com.br\/pt\/wp-content\/uploads\/2020\/09\/axa3-4.jpeg","yoast_head":"<!-- This site is optimized with the Yoast SEO plugin v14.8 - https:\/\/yoast.com\/wordpress\/plugins\/seo\/ -->\n<title>Plataforma &#039;Com Voc\u00ea&#039; da Bradesco Seguros apresenta Circuito Cultural | Revista Insurance Corp | PT-BR<\/title>\n<meta name=\"robots\" content=\"index, follow\" \/>\n<meta name=\"googlebot\" content=\"index, follow, max-snippet:-1, max-image-preview:large, max-video-preview:-1\" \/>\n<meta name=\"bingbot\" content=\"index, follow, max-snippet:-1, max-image-preview:large, max-video-preview:-1\" \/>\n<link rel=\"canonical\" href=\"https:\/\/insurancecorp.com.br\/pt\/2020\/09\/11\/plataforma-com-voce-da-bradesco-seguros-agora-apresentacircuito-cultural\/\" \/>\n<meta property=\"og:locale\" content=\"pt_BR\" \/>\n<meta property=\"og:type\" content=\"article\" \/>\n<meta property=\"og:title\" content=\"Plataforma &#039;Com Voc\u00ea&#039; da Bradesco Seguros apresenta Circuito Cultural | Revista Insurance Corp | PT-BR\" \/>\n<meta property=\"og:description\" content=\"Nesta sexta-feira (11), a Bradesco Seguros lan\u00e7a a primeira programa\u00e7\u00e3o do Circuito Cultural na Plataforma &#8216;Com Voc\u00ea&#8217;, ser\u00e1 um tour virtual pelo Museu de Arte no Rio (MAR) ser\u00e1 a primeira atra\u00e7\u00e3o na plataforma e exibir\u00e1 obras de Tarsila do Amaral, Caryb\u00e9, Aleijadinho, entre outros artistas\u00a0brasileiros, como: Tarsila do Amaral, Caryb\u00e9, Aleijadinho, entre outros. O [&hellip;]\" \/>\n<meta property=\"og:url\" content=\"https:\/\/insurancecorp.com.br\/pt\/2020\/09\/11\/plataforma-com-voce-da-bradesco-seguros-agora-apresentacircuito-cultural\/\" \/>\n<meta property=\"og:site_name\" content=\"Revista Insurance Corp | PT-BR\" \/>\n<meta property=\"article:publisher\" content=\"https:\/\/www.facebook.com\/RevistaInsuranceCorp\/\" \/>\n<meta property=\"article:published_time\" content=\"2020-09-11T22:19:03+00:00\" \/>\n<meta property=\"article:modified_time\" content=\"2020-09-11T22:19:54+00:00\" \/>\n<meta property=\"og:image\" content=\"https:\/\/insurancecorp.com.br\/pt\/wp-content\/uploads\/2020\/09\/axa3-4.jpeg\" \/>\n\t<meta property=\"og:image:width\" content=\"1143\" \/>\n\t<meta property=\"og:image:height\" content=\"800\" \/>\n<meta name=\"twitter:card\" content=\"summary\" \/>\n<script type=\"application\/ld+json\" class=\"yoast-schema-graph\">{\"@context\":\"https:\/\/schema.org\",\"@graph\":[{\"@type\":\"Organization\",\"@id\":\"https:\/\/insurancecorp.com.br\/pt\/#organization\",\"name\":\"Revista Insurance Corp\",\"url\":\"https:\/\/insurancecorp.com.br\/pt\/\",\"sameAs\":[\"https:\/\/www.facebook.com\/RevistaInsuranceCorp\/\"],\"logo\":{\"@type\":\"ImageObject\",\"@id\":\"https:\/\/insurancecorp.com.br\/pt\/#logo\",\"inLanguage\":\"pt-BR\",\"url\":\"\",\"caption\":\"Revista Insurance Corp\"},\"image\":{\"@id\":\"https:\/\/insurancecorp.com.br\/pt\/#logo\"}},{\"@type\":\"WebSite\",\"@id\":\"https:\/\/insurancecorp.com.br\/pt\/#website\",\"url\":\"https:\/\/insurancecorp.com.br\/pt\/\",\"name\":\"Revista Insurance Corp | PT-BR\",\"description\":\"A \\u00fanica revista bil\\u00edngue voltada ao mercado de seguro.\",\"publisher\":{\"@id\":\"https:\/\/insurancecorp.com.br\/pt\/#organization\"},\"potentialAction\":[{\"@type\":\"SearchAction\",\"target\":\"https:\/\/insurancecorp.com.br\/pt\/?s={search_term_string}\",\"query-input\":\"required name=search_term_string\"}],\"inLanguage\":\"pt-BR\"},{\"@type\":\"ImageObject\",\"@id\":\"https:\/\/insurancecorp.com.br\/pt\/2020\/09\/11\/plataforma-com-voce-da-bradesco-seguros-agora-apresentacircuito-cultural\/#primaryimage\",\"inLanguage\":\"pt-BR\",\"url\":\"https:\/\/insurancecorp.com.br\/pt\/wp-content\/uploads\/2020\/09\/axa3-4.jpeg\",\"width\":1143,\"height\":800},{\"@type\":\"WebPage\",\"@id\":\"https:\/\/insurancecorp.com.br\/pt\/2020\/09\/11\/plataforma-com-voce-da-bradesco-seguros-agora-apresentacircuito-cultural\/#webpage\",\"url\":\"https:\/\/insurancecorp.com.br\/pt\/2020\/09\/11\/plataforma-com-voce-da-bradesco-seguros-agora-apresentacircuito-cultural\/\",\"name\":\"Plataforma 'Com Voc\\u00ea' da Bradesco Seguros apresenta Circuito Cultural | Revista Insurance Corp | PT-BR\",\"isPartOf\":{\"@id\":\"https:\/\/insurancecorp.com.br\/pt\/#website\"},\"primaryImageOfPage\":{\"@id\":\"https:\/\/insurancecorp.com.br\/pt\/2020\/09\/11\/plataforma-com-voce-da-bradesco-seguros-agora-apresentacircuito-cultural\/#primaryimage\"},\"datePublished\":\"2020-09-11T22:19:03+00:00\",\"dateModified\":\"2020-09-11T22:19:54+00:00\",\"inLanguage\":\"pt-BR\",\"potentialAction\":[{\"@type\":\"ReadAction\",\"target\":[\"https:\/\/insurancecorp.com.br\/pt\/2020\/09\/11\/plataforma-com-voce-da-bradesco-seguros-agora-apresentacircuito-cultural\/\"]}]},{\"@type\":\"Article\",\"@id\":\"https:\/\/insurancecorp.com.br\/pt\/2020\/09\/11\/plataforma-com-voce-da-bradesco-seguros-agora-apresentacircuito-cultural\/#article\",\"isPartOf\":{\"@id\":\"https:\/\/insurancecorp.com.br\/pt\/2020\/09\/11\/plataforma-com-voce-da-bradesco-seguros-agora-apresentacircuito-cultural\/#webpage\"},\"author\":{\"@id\":\"https:\/\/insurancecorp.com.br\/pt\/#\/schema\/person\/1b69c8cf325f0b7167f1b171f52df4af\"},\"headline\":\"Plataforma &#8216;Com Voc\\u00ea&#8217; da Bradesco Seguros apresenta Circuito Cultural\",\"datePublished\":\"2020-09-11T22:19:03+00:00\",\"dateModified\":\"2020-09-11T22:19:54+00:00\",\"mainEntityOfPage\":{\"@id\":\"https:\/\/insurancecorp.com.br\/pt\/2020\/09\/11\/plataforma-com-voce-da-bradesco-seguros-agora-apresentacircuito-cultural\/#webpage\"},\"commentCount\":0,\"publisher\":{\"@id\":\"https:\/\/insurancecorp.com.br\/pt\/#organization\"},\"image\":{\"@id\":\"https:\/\/insurancecorp.com.br\/pt\/2020\/09\/11\/plataforma-com-voce-da-bradesco-seguros-agora-apresentacircuito-cultural\/#primaryimage\"},\"articleSection\":\"Bradesco Seguros\",\"inLanguage\":\"pt-BR\",\"potentialAction\":[{\"@type\":\"CommentAction\",\"name\":\"Comment\",\"target\":[\"https:\/\/insurancecorp.com.br\/pt\/2020\/09\/11\/plataforma-com-voce-da-bradesco-seguros-agora-apresentacircuito-cultural\/#respond\"]}]},{\"@type\":\"Person\",\"@id\":\"https:\/\/insurancecorp.com.br\/pt\/#\/schema\/person\/1b69c8cf325f0b7167f1b171f52df4af\",\"name\":\"Publica\\u00e7\\u00e3o\",\"image\":{\"@type\":\"ImageObject\",\"@id\":\"https:\/\/insurancecorp.com.br\/pt\/#personlogo\",\"inLanguage\":\"pt-BR\",\"url\":\"https:\/\/secure.gravatar.com\/avatar\/17226f1f60486eb25d4c6b301ffed37f?s=96&d=mm&r=g\",\"caption\":\"Publica\\u00e7\\u00e3o\"}}]}<\/script>\n<!-- \/ Yoast SEO plugin. -->","_links":{"self":[{"href":"https:\/\/insurancecorp.com.br\/pt\/wp-json\/wp\/v2\/posts\/18773"}],"collection":[{"href":"https:\/\/insurancecorp.com.br\/pt\/wp-json\/wp\/v2\/posts"}],"about":[{"href":"https:\/\/insurancecorp.com.br\/pt\/wp-json\/wp\/v2\/types\/post"}],"author":[{"embeddable":true,"href":"https:\/\/insurancecorp.com.br\/pt\/wp-json\/wp\/v2\/users\/2"}],"replies":[{"embeddable":true,"href":"https:\/\/insurancecorp.com.br\/pt\/wp-json\/wp\/v2\/comments?post=18773"}],"version-history":[{"count":3,"href":"https:\/\/insurancecorp.com.br\/pt\/wp-json\/wp\/v2\/posts\/18773\/revisions"}],"predecessor-version":[{"id":18777,"href":"https:\/\/insurancecorp.com.br\/pt\/wp-json\/wp\/v2\/posts\/18773\/revisions\/18777"}],"wp:featuredmedia":[{"embeddable":true,"href":"https:\/\/insurancecorp.com.br\/pt\/wp-json\/wp\/v2\/media\/18774"}],"wp:attachment":[{"href":"https:\/\/insurancecorp.com.br\/pt\/wp-json\/wp\/v2\/media?parent=18773"}],"wp:term":[{"taxonomy":"category","embeddable":true,"href":"https:\/\/insurancecorp.com.br\/pt\/wp-json\/wp\/v2\/categories?post=18773"},{"taxonomy":"post_tag","embeddable":true,"href":"https:\/\/insurancecorp.com.br\/pt\/wp-json\/wp\/v2\/tags?post=18773"}],"curies":[{"name":"wp","href":"https:\/\/api.w.org\/{rel}","templated":true}]}}