{"id":18404,"date":"2020-08-26T17:43:16","date_gmt":"2020-08-26T20:43:16","guid":{"rendered":"https:\/\/insurancecorp.com.br\/pt\/?p=18404"},"modified":"2020-08-26T17:43:16","modified_gmt":"2020-08-26T20:43:16","slug":"direto-reto-com-camillo-alerta-corretores-para-adequacoes-a-lgpd","status":"publish","type":"post","link":"https:\/\/insurancecorp.com.br\/pt\/2020\/08\/26\/direto-reto-com-camillo-alerta-corretores-para-adequacoes-a-lgpd\/","title":{"rendered":"Direto &#038; Reto com Camillo alerta corretores para adequa\u00e7\u00f5es \u00e0 LGPD"},"content":{"rendered":"<p>A Lei Geral de Prote\u00e7\u00e3o de Dados (LGPD) foi sancionada em 2018 e entraria em vigor j\u00e1 neste m\u00eas. No entanto, devido \u00e0 pandemia, a C\u00e2mara dos Deputados votou o adiamento da vig\u00eancia para 1\u00ba de janeiro de 2021, e que ainda deve ser aprovada pelo Senado. Nesse sentido, pensando em orientar os corretores de seguros, a 19\u00aa edi\u00e7\u00e3o do Direto &amp; Reto com Camillo, que aconteceu nesta quarta-feira (26\/08), recebeu especialistas para falar sobre a legisla\u00e7\u00e3o. O tema da edi\u00e7\u00e3o foi escolhido, por meio de pesquisa, pelos corretores de seguros.<br \/>\n\u201cA lei tem um grande impacto no dia a dia das nossas atividades, pois detemos muitas informa\u00e7\u00f5es sobre os clientes, dados valiosos. N\u00f3s estamos atentos a isso e vamos dar toda a orienta\u00e7\u00e3o a categoria sobre as exig\u00eancias da LGPD. \u00c9 o mundo novo e temos que nos adaptar\u201d, declara o presidente do o presidente do Sindicato de Empres\u00e1rios e Profissionais Aut\u00f4nomos da Corretagem e da Distribui\u00e7\u00e3o de Seguros do Estado de S\u00e3o Paulo (Sincor-SP), Alexandre Camillo.<br \/>\nSegundo a advogada da entidade e coordenadora jur\u00eddica da C\u00e2maraSIN, Vivien Lys, caso o Senado aprove o adiamento da LGPD, as empresas ter\u00e3o pouco tempo para se ajustarem. \u201cSe tivermos essa confirma\u00e7\u00e3o, podemos ficar mais tranquilos, mas ainda atentos para atender as normas. S\u00e3o menos de seis meses para fazer as adapta\u00e7\u00f5es\u201d, explica. Vivien tamb\u00e9m lembrou que ainda n\u00e3o existe uma autarquia fiscalizadora para os cumprimentos da legisla\u00e7\u00e3o. \u201cA lei prev\u00ea uma autoridade nacional, para regulamentar e fiscalizar as exig\u00eancias legais, bem como objetivar alguns pontos. No entanto, ainda n\u00e3o sabemos quem vai compor essa autoridade e de que forma ser\u00e1 publicada a regulamenta\u00e7\u00e3o\u201d.<br \/>\nRessaltando a import\u00e2ncia da lei, o coordenador da Comiss\u00e3o Jur\u00eddica do Sincor-SP, Edson Fecher, lembrou que o objetivo \u00e9 a prote\u00e7\u00e3o dos dados pessoais dos cidad\u00e3os. \u201cO corretor poder\u00e1 ser responsabilizado caso algo aconte\u00e7a com os dados dos clientes. As regras s\u00e3o espec\u00edficas e o corretor precisa ser cauteloso com o cumprimento. Qualquer medida que deixe os dados dos clientes vulner\u00e1veis, o corretor ser\u00e1 responsabilizado\u201d.<br \/>\nO Interim Chief Technology Officer da LGPDNOW, Paulo Moura, explicou que a LGPD \u00e9 uma resposta ao Regulamento Geral sobre a Prote\u00e7\u00e3o de Dados (GDPR), imposto pela Uni\u00e3o Europeia para a rela\u00e7\u00e3o comercial com outros pa\u00edses. \u201cA Europa criou a GDPR e obrigou todos os outros pa\u00edses a terem uma legisla\u00e7\u00e3o espec\u00edfica para o mesmo tema, caso contr\u00e1rio, iam parar de fazer neg\u00f3cios com pa\u00edses que n\u00e3o tivessem tal lei\u201d.<br \/>\nMoura ainda orientou sobre o tratamento dos dados, destacando a seguran\u00e7a e o armazenamento das informa\u00e7\u00f5es. \u201cOs dados passaram a ser ativos de extrema import\u00e2ncia. Dado pessoal \u00e9 uma coisa que n\u00e3o nos pertence mais, \u00e9 da pessoa f\u00edsica que foi empoderado com essa lei. Sendo assim, temos a obriga\u00e7\u00e3o de zelar esses ativos e, devemos usar a tecnologia para esse processo\u201d, completa.<br \/>\nO presidente do Sincor-SP lembrou que com as exig\u00eancias da lei, tanto para os corretores quanto para outras empresas, tamb\u00e9m surgem as oportunidades. \u201cIndependente da complexidade da LGPD, temos que analisar as oportunidades de neg\u00f3cios que isso traz. O seguro de riscos cibern\u00e9ticos ser\u00e1 essencial para trazer prote\u00e7\u00e3o \u00e0s empresas\u201d.<br \/>\nAssista ao Direto &amp; Reto com Camillo.<\/p>\n<p><strong>Assessoria de Imprensa Sincor-SP<\/strong><\/p>\n","protected":false},"excerpt":{"rendered":"<p>A Lei Geral de Prote\u00e7\u00e3o de Dados (LGPD) foi sancionada em 2018 e entraria em vigor j\u00e1 neste m\u00eas. No entanto, devido \u00e0 pandemia, a C\u00e2mara dos Deputados votou o adiamento da vig\u00eancia para 1\u00ba de janeiro de 2021, e que ainda deve ser aprovada pelo Senado. Nesse sentido, pensando em orientar os corretores de [&hellip;]<\/p>\n","protected":false},"author":2,"featured_media":18405,"comment_status":"open","ping_status":"open","sticky":false,"template":"","format":"standard","meta":[],"categories":[376],"tags":[],"jetpack_featured_media_url":"https:\/\/insurancecorp.com.br\/pt\/wp-content\/uploads\/2020\/08\/Frederico-2-9.jpg","yoast_head":"<!-- This site is optimized with the Yoast SEO plugin v14.8 - https:\/\/yoast.com\/wordpress\/plugins\/seo\/ -->\n<title>Direto &amp; Reto com Camillo alerta corretores para adequa\u00e7\u00f5es \u00e0 LGPD | Revista Insurance Corp | PT-BR<\/title>\n<meta name=\"robots\" content=\"index, follow\" \/>\n<meta name=\"googlebot\" content=\"index, follow, max-snippet:-1, max-image-preview:large, max-video-preview:-1\" \/>\n<meta name=\"bingbot\" content=\"index, follow, max-snippet:-1, max-image-preview:large, max-video-preview:-1\" \/>\n<link rel=\"canonical\" href=\"https:\/\/insurancecorp.com.br\/pt\/2020\/08\/26\/direto-reto-com-camillo-alerta-corretores-para-adequacoes-a-lgpd\/\" \/>\n<meta property=\"og:locale\" content=\"pt_BR\" \/>\n<meta property=\"og:type\" content=\"article\" \/>\n<meta property=\"og:title\" content=\"Direto &amp; Reto com Camillo alerta corretores para adequa\u00e7\u00f5es \u00e0 LGPD | Revista Insurance Corp | PT-BR\" \/>\n<meta property=\"og:description\" content=\"A Lei Geral de Prote\u00e7\u00e3o de Dados (LGPD) foi sancionada em 2018 e entraria em vigor j\u00e1 neste m\u00eas. No entanto, devido \u00e0 pandemia, a C\u00e2mara dos Deputados votou o adiamento da vig\u00eancia para 1\u00ba de janeiro de 2021, e que ainda deve ser aprovada pelo Senado. Nesse sentido, pensando em orientar os corretores de [&hellip;]\" \/>\n<meta property=\"og:url\" content=\"https:\/\/insurancecorp.com.br\/pt\/2020\/08\/26\/direto-reto-com-camillo-alerta-corretores-para-adequacoes-a-lgpd\/\" \/>\n<meta property=\"og:site_name\" content=\"Revista Insurance Corp | PT-BR\" \/>\n<meta property=\"article:publisher\" content=\"https:\/\/www.facebook.com\/RevistaInsuranceCorp\/\" \/>\n<meta property=\"article:published_time\" content=\"2020-08-26T20:43:16+00:00\" \/>\n<meta property=\"og:image\" content=\"https:\/\/insurancecorp.com.br\/pt\/wp-content\/uploads\/2020\/08\/Frederico-2-9.jpg\" \/>\n\t<meta property=\"og:image:width\" content=\"1280\" \/>\n\t<meta property=\"og:image:height\" content=\"720\" \/>\n<meta name=\"twitter:card\" content=\"summary\" \/>\n<script type=\"application\/ld+json\" class=\"yoast-schema-graph\">{\"@context\":\"https:\/\/schema.org\",\"@graph\":[{\"@type\":\"Organization\",\"@id\":\"https:\/\/insurancecorp.com.br\/pt\/#organization\",\"name\":\"Revista Insurance Corp\",\"url\":\"https:\/\/insurancecorp.com.br\/pt\/\",\"sameAs\":[\"https:\/\/www.facebook.com\/RevistaInsuranceCorp\/\"],\"logo\":{\"@type\":\"ImageObject\",\"@id\":\"https:\/\/insurancecorp.com.br\/pt\/#logo\",\"inLanguage\":\"pt-BR\",\"url\":\"\",\"caption\":\"Revista Insurance Corp\"},\"image\":{\"@id\":\"https:\/\/insurancecorp.com.br\/pt\/#logo\"}},{\"@type\":\"WebSite\",\"@id\":\"https:\/\/insurancecorp.com.br\/pt\/#website\",\"url\":\"https:\/\/insurancecorp.com.br\/pt\/\",\"name\":\"Revista Insurance Corp | PT-BR\",\"description\":\"A \\u00fanica revista bil\\u00edngue voltada ao mercado de seguro.\",\"publisher\":{\"@id\":\"https:\/\/insurancecorp.com.br\/pt\/#organization\"},\"potentialAction\":[{\"@type\":\"SearchAction\",\"target\":\"https:\/\/insurancecorp.com.br\/pt\/?s={search_term_string}\",\"query-input\":\"required name=search_term_string\"}],\"inLanguage\":\"pt-BR\"},{\"@type\":\"ImageObject\",\"@id\":\"https:\/\/insurancecorp.com.br\/pt\/2020\/08\/26\/direto-reto-com-camillo-alerta-corretores-para-adequacoes-a-lgpd\/#primaryimage\",\"inLanguage\":\"pt-BR\",\"url\":\"https:\/\/insurancecorp.com.br\/pt\/wp-content\/uploads\/2020\/08\/Frederico-2-9.jpg\",\"width\":1280,\"height\":720},{\"@type\":\"WebPage\",\"@id\":\"https:\/\/insurancecorp.com.br\/pt\/2020\/08\/26\/direto-reto-com-camillo-alerta-corretores-para-adequacoes-a-lgpd\/#webpage\",\"url\":\"https:\/\/insurancecorp.com.br\/pt\/2020\/08\/26\/direto-reto-com-camillo-alerta-corretores-para-adequacoes-a-lgpd\/\",\"name\":\"Direto & Reto com Camillo alerta corretores para adequa\\u00e7\\u00f5es \\u00e0 LGPD | Revista Insurance Corp | PT-BR\",\"isPartOf\":{\"@id\":\"https:\/\/insurancecorp.com.br\/pt\/#website\"},\"primaryImageOfPage\":{\"@id\":\"https:\/\/insurancecorp.com.br\/pt\/2020\/08\/26\/direto-reto-com-camillo-alerta-corretores-para-adequacoes-a-lgpd\/#primaryimage\"},\"datePublished\":\"2020-08-26T20:43:16+00:00\",\"dateModified\":\"2020-08-26T20:43:16+00:00\",\"inLanguage\":\"pt-BR\",\"potentialAction\":[{\"@type\":\"ReadAction\",\"target\":[\"https:\/\/insurancecorp.com.br\/pt\/2020\/08\/26\/direto-reto-com-camillo-alerta-corretores-para-adequacoes-a-lgpd\/\"]}]},{\"@type\":\"Article\",\"@id\":\"https:\/\/insurancecorp.com.br\/pt\/2020\/08\/26\/direto-reto-com-camillo-alerta-corretores-para-adequacoes-a-lgpd\/#article\",\"isPartOf\":{\"@id\":\"https:\/\/insurancecorp.com.br\/pt\/2020\/08\/26\/direto-reto-com-camillo-alerta-corretores-para-adequacoes-a-lgpd\/#webpage\"},\"author\":{\"@id\":\"https:\/\/insurancecorp.com.br\/pt\/#\/schema\/person\/1b69c8cf325f0b7167f1b171f52df4af\"},\"headline\":\"Direto &#038; Reto com Camillo alerta corretores para adequa\\u00e7\\u00f5es \\u00e0 LGPD\",\"datePublished\":\"2020-08-26T20:43:16+00:00\",\"dateModified\":\"2020-08-26T20:43:16+00:00\",\"mainEntityOfPage\":{\"@id\":\"https:\/\/insurancecorp.com.br\/pt\/2020\/08\/26\/direto-reto-com-camillo-alerta-corretores-para-adequacoes-a-lgpd\/#webpage\"},\"commentCount\":0,\"publisher\":{\"@id\":\"https:\/\/insurancecorp.com.br\/pt\/#organization\"},\"image\":{\"@id\":\"https:\/\/insurancecorp.com.br\/pt\/2020\/08\/26\/direto-reto-com-camillo-alerta-corretores-para-adequacoes-a-lgpd\/#primaryimage\"},\"articleSection\":\"Programa Direto e Reto\",\"inLanguage\":\"pt-BR\",\"potentialAction\":[{\"@type\":\"CommentAction\",\"name\":\"Comment\",\"target\":[\"https:\/\/insurancecorp.com.br\/pt\/2020\/08\/26\/direto-reto-com-camillo-alerta-corretores-para-adequacoes-a-lgpd\/#respond\"]}]},{\"@type\":\"Person\",\"@id\":\"https:\/\/insurancecorp.com.br\/pt\/#\/schema\/person\/1b69c8cf325f0b7167f1b171f52df4af\",\"name\":\"Publica\\u00e7\\u00e3o\",\"image\":{\"@type\":\"ImageObject\",\"@id\":\"https:\/\/insurancecorp.com.br\/pt\/#personlogo\",\"inLanguage\":\"pt-BR\",\"url\":\"https:\/\/secure.gravatar.com\/avatar\/17226f1f60486eb25d4c6b301ffed37f?s=96&d=mm&r=g\",\"caption\":\"Publica\\u00e7\\u00e3o\"}}]}<\/script>\n<!-- \/ Yoast SEO plugin. -->","_links":{"self":[{"href":"https:\/\/insurancecorp.com.br\/pt\/wp-json\/wp\/v2\/posts\/18404"}],"collection":[{"href":"https:\/\/insurancecorp.com.br\/pt\/wp-json\/wp\/v2\/posts"}],"about":[{"href":"https:\/\/insurancecorp.com.br\/pt\/wp-json\/wp\/v2\/types\/post"}],"author":[{"embeddable":true,"href":"https:\/\/insurancecorp.com.br\/pt\/wp-json\/wp\/v2\/users\/2"}],"replies":[{"embeddable":true,"href":"https:\/\/insurancecorp.com.br\/pt\/wp-json\/wp\/v2\/comments?post=18404"}],"version-history":[{"count":2,"href":"https:\/\/insurancecorp.com.br\/pt\/wp-json\/wp\/v2\/posts\/18404\/revisions"}],"predecessor-version":[{"id":18407,"href":"https:\/\/insurancecorp.com.br\/pt\/wp-json\/wp\/v2\/posts\/18404\/revisions\/18407"}],"wp:featuredmedia":[{"embeddable":true,"href":"https:\/\/insurancecorp.com.br\/pt\/wp-json\/wp\/v2\/media\/18405"}],"wp:attachment":[{"href":"https:\/\/insurancecorp.com.br\/pt\/wp-json\/wp\/v2\/media?parent=18404"}],"wp:term":[{"taxonomy":"category","embeddable":true,"href":"https:\/\/insurancecorp.com.br\/pt\/wp-json\/wp\/v2\/categories?post=18404"},{"taxonomy":"post_tag","embeddable":true,"href":"https:\/\/insurancecorp.com.br\/pt\/wp-json\/wp\/v2\/tags?post=18404"}],"curies":[{"name":"wp","href":"https:\/\/api.w.org\/{rel}","templated":true}]}}