{"id":18361,"date":"2020-08-25T12:03:37","date_gmt":"2020-08-25T15:03:37","guid":{"rendered":"https:\/\/insurancecorp.com.br\/pt\/?p=18361"},"modified":"2020-08-25T19:03:08","modified_gmt":"2020-08-25T22:03:08","slug":"bradesco-seguros-apresenta-live-sobre-previdencia-privada","status":"publish","type":"post","link":"https:\/\/insurancecorp.com.br\/pt\/2020\/08\/25\/bradesco-seguros-apresenta-live-sobre-previdencia-privada\/","title":{"rendered":"Bradesco Seguros apresenta live sobre Previd\u00eancia Privada"},"content":{"rendered":"<p>Nunca foi t\u00e3o importante pensar no futuro. Diante da pandemia causada pela Covid-19, surgiu a necessidade de ter um olhar especial para o planejamento financeiro e revis\u00e3o de prioridades pessoais e familiares. Para debater o tema e apresentar solu\u00e7\u00f5es assertivas e acess\u00edveis para os mais variados p\u00fablicos e faixas et\u00e1rias, a Bradesco Seguros ir\u00e1 apresentar uma live sobre os benef\u00edcios da Previd\u00eancia Privada. A transmiss\u00e3o est\u00e1 agendada para o dia 26\/08, \u00e0s 17 horas, no canal do YouTube do Grupo. Intitulada &#8220;Vamos falar de Previd\u00eancia Privada?&#8221;, contar\u00e1 com a participa\u00e7\u00e3o de Maria Fl\u00e1via Munhoz, gerente da Bradesco Vida e Previd\u00eancia, e Thiago Augusto Rucco, analista de produtos de investimentos do Bradesco.<br \/>\nDurante a conversa, os especialistas falar\u00e3o sobre o cen\u00e1rio atual e o papel da Previd\u00eancia Privada em um contexto de planejamento de longo prazo. Tamb\u00e9m ser\u00e3o apresentados os principais objetivos da Previd\u00eancia Privada, detalhando seus benef\u00edcios.<br \/>\nA conversa ter\u00e1 uma abordagem did\u00e1tica e tratar\u00e1 op\u00e7\u00f5es para os diversos perfis de clientes, mostrando as variadas alternativas de planos dispon\u00edveis. &#8220;Durante a live, vamos explicar como se d\u00e1 a jornada da Previd\u00eancia Privada, apontando suas particularidades e ressaltando a import\u00e2ncia dos especialistas para que o planejamento para o futuro n\u00e3o se torne uma dor de cabe\u00e7a. \u00c9 preciso entender o momento de vida de cada um e analisar o portf\u00f3lio para escolher a solu\u00e7\u00e3o mais adequada para se ter um futuro tranquilo. Essa miss\u00e3o fica mais simples por meio de uma assessoria completa&#8221;, explica Maria Fl\u00e1via Munhoz.<br \/>\nAs pessoas poder\u00e3o fazer perguntas via Instagram da Bradesco Seguros. @bradescoseguros. Para acessar a live, basta se conectar pela p\u00e1gina do Grupo no Youtube: https:\/\/www.youtube.com\/channel\/UCz6cxpR2-hFwT-sfdoSKK2Q<\/p>\n<p><strong>Ideal H+K Strategies <\/strong><\/p>\n","protected":false},"excerpt":{"rendered":"<p>Nunca foi t\u00e3o importante pensar no futuro. Diante da pandemia causada pela Covid-19, surgiu a necessidade de ter um olhar especial para o planejamento financeiro e revis\u00e3o de prioridades pessoais e familiares. Para debater o tema e apresentar solu\u00e7\u00f5es assertivas e acess\u00edveis para os mais variados p\u00fablicos e faixas et\u00e1rias, a Bradesco Seguros ir\u00e1 apresentar [&hellip;]<\/p>\n","protected":false},"author":2,"featured_media":18380,"comment_status":"open","ping_status":"open","sticky":false,"template":"","format":"standard","meta":[],"categories":[413],"tags":[],"jetpack_featured_media_url":"https:\/\/insurancecorp.com.br\/pt\/wp-content\/uploads\/2020\/08\/sulamerica-logo-30.png","yoast_head":"<!-- This site is optimized with the Yoast SEO plugin v14.8 - https:\/\/yoast.com\/wordpress\/plugins\/seo\/ -->\n<title>Bradesco Seguros apresenta live sobre Previd\u00eancia Privada | Revista Insurance Corp | PT-BR<\/title>\n<meta name=\"robots\" content=\"index, follow\" \/>\n<meta name=\"googlebot\" content=\"index, follow, max-snippet:-1, max-image-preview:large, max-video-preview:-1\" \/>\n<meta name=\"bingbot\" content=\"index, follow, max-snippet:-1, max-image-preview:large, max-video-preview:-1\" \/>\n<link rel=\"canonical\" href=\"https:\/\/insurancecorp.com.br\/pt\/2020\/08\/25\/bradesco-seguros-apresenta-live-sobre-previdencia-privada\/\" \/>\n<meta property=\"og:locale\" content=\"pt_BR\" \/>\n<meta property=\"og:type\" content=\"article\" \/>\n<meta property=\"og:title\" content=\"Bradesco Seguros apresenta live sobre Previd\u00eancia Privada | Revista Insurance Corp | PT-BR\" \/>\n<meta property=\"og:description\" content=\"Nunca foi t\u00e3o importante pensar no futuro. Diante da pandemia causada pela Covid-19, surgiu a necessidade de ter um olhar especial para o planejamento financeiro e revis\u00e3o de prioridades pessoais e familiares. Para debater o tema e apresentar solu\u00e7\u00f5es assertivas e acess\u00edveis para os mais variados p\u00fablicos e faixas et\u00e1rias, a Bradesco Seguros ir\u00e1 apresentar [&hellip;]\" \/>\n<meta property=\"og:url\" content=\"https:\/\/insurancecorp.com.br\/pt\/2020\/08\/25\/bradesco-seguros-apresenta-live-sobre-previdencia-privada\/\" \/>\n<meta property=\"og:site_name\" content=\"Revista Insurance Corp | PT-BR\" \/>\n<meta property=\"article:publisher\" content=\"https:\/\/www.facebook.com\/RevistaInsuranceCorp\/\" \/>\n<meta property=\"article:published_time\" content=\"2020-08-25T15:03:37+00:00\" \/>\n<meta property=\"article:modified_time\" content=\"2020-08-25T22:03:08+00:00\" \/>\n<meta property=\"og:image\" content=\"https:\/\/insurancecorp.com.br\/pt\/wp-content\/uploads\/2020\/08\/sulamerica-logo-30.png\" \/>\n\t<meta property=\"og:image:width\" content=\"4096\" \/>\n\t<meta property=\"og:image:height\" content=\"649\" \/>\n<meta name=\"twitter:card\" content=\"summary\" \/>\n<script type=\"application\/ld+json\" class=\"yoast-schema-graph\">{\"@context\":\"https:\/\/schema.org\",\"@graph\":[{\"@type\":\"Organization\",\"@id\":\"https:\/\/insurancecorp.com.br\/pt\/#organization\",\"name\":\"Revista Insurance Corp\",\"url\":\"https:\/\/insurancecorp.com.br\/pt\/\",\"sameAs\":[\"https:\/\/www.facebook.com\/RevistaInsuranceCorp\/\"],\"logo\":{\"@type\":\"ImageObject\",\"@id\":\"https:\/\/insurancecorp.com.br\/pt\/#logo\",\"inLanguage\":\"pt-BR\",\"url\":\"\",\"caption\":\"Revista Insurance Corp\"},\"image\":{\"@id\":\"https:\/\/insurancecorp.com.br\/pt\/#logo\"}},{\"@type\":\"WebSite\",\"@id\":\"https:\/\/insurancecorp.com.br\/pt\/#website\",\"url\":\"https:\/\/insurancecorp.com.br\/pt\/\",\"name\":\"Revista Insurance Corp | PT-BR\",\"description\":\"A \\u00fanica revista bil\\u00edngue voltada ao mercado de seguro.\",\"publisher\":{\"@id\":\"https:\/\/insurancecorp.com.br\/pt\/#organization\"},\"potentialAction\":[{\"@type\":\"SearchAction\",\"target\":\"https:\/\/insurancecorp.com.br\/pt\/?s={search_term_string}\",\"query-input\":\"required name=search_term_string\"}],\"inLanguage\":\"pt-BR\"},{\"@type\":\"ImageObject\",\"@id\":\"https:\/\/insurancecorp.com.br\/pt\/2020\/08\/25\/bradesco-seguros-apresenta-live-sobre-previdencia-privada\/#primaryimage\",\"inLanguage\":\"pt-BR\",\"url\":\"https:\/\/insurancecorp.com.br\/pt\/wp-content\/uploads\/2020\/08\/sulamerica-logo-30.png\",\"width\":4096,\"height\":649},{\"@type\":\"WebPage\",\"@id\":\"https:\/\/insurancecorp.com.br\/pt\/2020\/08\/25\/bradesco-seguros-apresenta-live-sobre-previdencia-privada\/#webpage\",\"url\":\"https:\/\/insurancecorp.com.br\/pt\/2020\/08\/25\/bradesco-seguros-apresenta-live-sobre-previdencia-privada\/\",\"name\":\"Bradesco Seguros apresenta live sobre Previd\\u00eancia Privada | Revista Insurance Corp | PT-BR\",\"isPartOf\":{\"@id\":\"https:\/\/insurancecorp.com.br\/pt\/#website\"},\"primaryImageOfPage\":{\"@id\":\"https:\/\/insurancecorp.com.br\/pt\/2020\/08\/25\/bradesco-seguros-apresenta-live-sobre-previdencia-privada\/#primaryimage\"},\"datePublished\":\"2020-08-25T15:03:37+00:00\",\"dateModified\":\"2020-08-25T22:03:08+00:00\",\"inLanguage\":\"pt-BR\",\"potentialAction\":[{\"@type\":\"ReadAction\",\"target\":[\"https:\/\/insurancecorp.com.br\/pt\/2020\/08\/25\/bradesco-seguros-apresenta-live-sobre-previdencia-privada\/\"]}]},{\"@type\":\"Article\",\"@id\":\"https:\/\/insurancecorp.com.br\/pt\/2020\/08\/25\/bradesco-seguros-apresenta-live-sobre-previdencia-privada\/#article\",\"isPartOf\":{\"@id\":\"https:\/\/insurancecorp.com.br\/pt\/2020\/08\/25\/bradesco-seguros-apresenta-live-sobre-previdencia-privada\/#webpage\"},\"author\":{\"@id\":\"https:\/\/insurancecorp.com.br\/pt\/#\/schema\/person\/1b69c8cf325f0b7167f1b171f52df4af\"},\"headline\":\"Bradesco Seguros apresenta live sobre Previd\\u00eancia Privada\",\"datePublished\":\"2020-08-25T15:03:37+00:00\",\"dateModified\":\"2020-08-25T22:03:08+00:00\",\"mainEntityOfPage\":{\"@id\":\"https:\/\/insurancecorp.com.br\/pt\/2020\/08\/25\/bradesco-seguros-apresenta-live-sobre-previdencia-privada\/#webpage\"},\"commentCount\":0,\"publisher\":{\"@id\":\"https:\/\/insurancecorp.com.br\/pt\/#organization\"},\"image\":{\"@id\":\"https:\/\/insurancecorp.com.br\/pt\/2020\/08\/25\/bradesco-seguros-apresenta-live-sobre-previdencia-privada\/#primaryimage\"},\"articleSection\":\"Bradesco Seguros\",\"inLanguage\":\"pt-BR\",\"potentialAction\":[{\"@type\":\"CommentAction\",\"name\":\"Comment\",\"target\":[\"https:\/\/insurancecorp.com.br\/pt\/2020\/08\/25\/bradesco-seguros-apresenta-live-sobre-previdencia-privada\/#respond\"]}]},{\"@type\":\"Person\",\"@id\":\"https:\/\/insurancecorp.com.br\/pt\/#\/schema\/person\/1b69c8cf325f0b7167f1b171f52df4af\",\"name\":\"Publica\\u00e7\\u00e3o\",\"image\":{\"@type\":\"ImageObject\",\"@id\":\"https:\/\/insurancecorp.com.br\/pt\/#personlogo\",\"inLanguage\":\"pt-BR\",\"url\":\"https:\/\/secure.gravatar.com\/avatar\/17226f1f60486eb25d4c6b301ffed37f?s=96&d=mm&r=g\",\"caption\":\"Publica\\u00e7\\u00e3o\"}}]}<\/script>\n<!-- \/ Yoast SEO plugin. -->","_links":{"self":[{"href":"https:\/\/insurancecorp.com.br\/pt\/wp-json\/wp\/v2\/posts\/18361"}],"collection":[{"href":"https:\/\/insurancecorp.com.br\/pt\/wp-json\/wp\/v2\/posts"}],"about":[{"href":"https:\/\/insurancecorp.com.br\/pt\/wp-json\/wp\/v2\/types\/post"}],"author":[{"embeddable":true,"href":"https:\/\/insurancecorp.com.br\/pt\/wp-json\/wp\/v2\/users\/2"}],"replies":[{"embeddable":true,"href":"https:\/\/insurancecorp.com.br\/pt\/wp-json\/wp\/v2\/comments?post=18361"}],"version-history":[{"count":2,"href":"https:\/\/insurancecorp.com.br\/pt\/wp-json\/wp\/v2\/posts\/18361\/revisions"}],"predecessor-version":[{"id":18381,"href":"https:\/\/insurancecorp.com.br\/pt\/wp-json\/wp\/v2\/posts\/18361\/revisions\/18381"}],"wp:featuredmedia":[{"embeddable":true,"href":"https:\/\/insurancecorp.com.br\/pt\/wp-json\/wp\/v2\/media\/18380"}],"wp:attachment":[{"href":"https:\/\/insurancecorp.com.br\/pt\/wp-json\/wp\/v2\/media?parent=18361"}],"wp:term":[{"taxonomy":"category","embeddable":true,"href":"https:\/\/insurancecorp.com.br\/pt\/wp-json\/wp\/v2\/categories?post=18361"},{"taxonomy":"post_tag","embeddable":true,"href":"https:\/\/insurancecorp.com.br\/pt\/wp-json\/wp\/v2\/tags?post=18361"}],"curies":[{"name":"wp","href":"https:\/\/api.w.org\/{rel}","templated":true}]}}