{"id":18352,"date":"2020-08-25T11:22:00","date_gmt":"2020-08-25T14:22:00","guid":{"rendered":"https:\/\/insurancecorp.com.br\/pt\/?p=18352"},"modified":"2020-08-25T11:43:55","modified_gmt":"2020-08-25T14:43:55","slug":"lei-geral-de-protecao-de-dados-e-tema-do-direto-reto-com-camillo","status":"publish","type":"post","link":"https:\/\/insurancecorp.com.br\/pt\/2020\/08\/25\/lei-geral-de-protecao-de-dados-e-tema-do-direto-reto-com-camillo\/","title":{"rendered":"Lei Geral de Prote\u00e7\u00e3o de Dados \u00e9 tema do Direto &#038; Reto com Camillo"},"content":{"rendered":"<p>A 19\u00aa edi\u00e7\u00e3o do Direto &amp; Reto com Camillo vai abordar o tema \u201cLGPD &#8211; Como preparar sua corretora de seguros para o que vem por a\u00ed\u201d na pr\u00f3xima quarta-feira (26\/08), \u00e0s 10h, pelo canal da TV Sincor-SP, no YouTube.<br \/>\nNa transmiss\u00e3o, o presidente do Sindicato de Empres\u00e1rios e Profissionais Aut\u00f4nomos da Corretagem e da Distribui\u00e7\u00e3o de Seguros do Estado de S\u00e3o Paulo (Sincor-SP), Alexandre Camillo, receber\u00e1 convidados para abordar o tema como o Interim Chief Technology Officer da LGPDNOW, Paulo Moura, a advogada do Sincor-SP e coordenadora jur\u00eddica da C\u00e2maraSIN, Vivien Lys, e o coordenador da Comiss\u00e3o Jur\u00eddica, Edson Fecher.<br \/>\nO tema do Direto &amp; Reto foi escolhido pelos corretores de seguros, por meio de pesquisa. \u201cEstamos reinventando este canal, permitindo que a categoria indique assuntos que possam ser debatidos. Dessa maneira, ficamos ainda mais pr\u00f3ximos\u201d, declara Camillo.<br \/>\nJ\u00e1 \u00e9 poss\u00edvel participar enviando perguntas, questionamentos e coment\u00e1rios sobre o tema para o WhatsApp (11) 97363-0844.<br \/>\nO Direto &amp; Reto com Camillo \u00e9 exibido todas as \u00faltimas quartas-feiras do m\u00eas e tem como prop\u00f3sito aproximar, ainda mais, o Sincor-SP dos corretores de seguros, promovendo di\u00e1logo entre a categoria e o presidente.<\/p>\n<p><strong>Assessoria de Imprensa Sincor-SP<\/strong><\/p>\n","protected":false},"excerpt":{"rendered":"<p>A 19\u00aa edi\u00e7\u00e3o do Direto &amp; Reto com Camillo vai abordar o tema \u201cLGPD &#8211; Como preparar sua corretora de seguros para o que vem por a\u00ed\u201d na pr\u00f3xima quarta-feira (26\/08), \u00e0s 10h, pelo canal da TV Sincor-SP, no YouTube. Na transmiss\u00e3o, o presidente do Sindicato de Empres\u00e1rios e Profissionais Aut\u00f4nomos da Corretagem e da [&hellip;]<\/p>\n","protected":false},"author":2,"featured_media":18360,"comment_status":"open","ping_status":"open","sticky":false,"template":"","format":"standard","meta":[],"categories":[376],"tags":[],"jetpack_featured_media_url":"https:\/\/insurancecorp.com.br\/pt\/wp-content\/uploads\/2020\/08\/Frederico-2-2.jpg","yoast_head":"<!-- This site is optimized with the Yoast SEO plugin v14.8 - https:\/\/yoast.com\/wordpress\/plugins\/seo\/ -->\n<title>Lei Geral de Prote\u00e7\u00e3o de Dados \u00e9 tema do Direto &amp; Reto com Camillo | Revista Insurance Corp | PT-BR<\/title>\n<meta name=\"robots\" content=\"index, follow\" \/>\n<meta name=\"googlebot\" content=\"index, follow, max-snippet:-1, max-image-preview:large, max-video-preview:-1\" \/>\n<meta name=\"bingbot\" content=\"index, follow, max-snippet:-1, max-image-preview:large, max-video-preview:-1\" \/>\n<link rel=\"canonical\" href=\"https:\/\/insurancecorp.com.br\/pt\/2020\/08\/25\/lei-geral-de-protecao-de-dados-e-tema-do-direto-reto-com-camillo\/\" \/>\n<meta property=\"og:locale\" content=\"pt_BR\" \/>\n<meta property=\"og:type\" content=\"article\" \/>\n<meta property=\"og:title\" content=\"Lei Geral de Prote\u00e7\u00e3o de Dados \u00e9 tema do Direto &amp; Reto com Camillo | Revista Insurance Corp | PT-BR\" \/>\n<meta property=\"og:description\" content=\"A 19\u00aa edi\u00e7\u00e3o do Direto &amp; Reto com Camillo vai abordar o tema \u201cLGPD &#8211; Como preparar sua corretora de seguros para o que vem por a\u00ed\u201d na pr\u00f3xima quarta-feira (26\/08), \u00e0s 10h, pelo canal da TV Sincor-SP, no YouTube. Na transmiss\u00e3o, o presidente do Sindicato de Empres\u00e1rios e Profissionais Aut\u00f4nomos da Corretagem e da [&hellip;]\" \/>\n<meta property=\"og:url\" content=\"https:\/\/insurancecorp.com.br\/pt\/2020\/08\/25\/lei-geral-de-protecao-de-dados-e-tema-do-direto-reto-com-camillo\/\" \/>\n<meta property=\"og:site_name\" content=\"Revista Insurance Corp | PT-BR\" \/>\n<meta property=\"article:publisher\" content=\"https:\/\/www.facebook.com\/RevistaInsuranceCorp\/\" \/>\n<meta property=\"article:published_time\" content=\"2020-08-25T14:22:00+00:00\" \/>\n<meta property=\"article:modified_time\" content=\"2020-08-25T14:43:55+00:00\" \/>\n<meta property=\"og:image\" content=\"https:\/\/insurancecorp.com.br\/pt\/wp-content\/uploads\/2020\/08\/Frederico-2-2.jpg\" \/>\n\t<meta property=\"og:image:width\" content=\"790\" \/>\n\t<meta property=\"og:image:height\" content=\"444\" \/>\n<meta name=\"twitter:card\" content=\"summary\" \/>\n<script type=\"application\/ld+json\" class=\"yoast-schema-graph\">{\"@context\":\"https:\/\/schema.org\",\"@graph\":[{\"@type\":\"Organization\",\"@id\":\"https:\/\/insurancecorp.com.br\/pt\/#organization\",\"name\":\"Revista Insurance Corp\",\"url\":\"https:\/\/insurancecorp.com.br\/pt\/\",\"sameAs\":[\"https:\/\/www.facebook.com\/RevistaInsuranceCorp\/\"],\"logo\":{\"@type\":\"ImageObject\",\"@id\":\"https:\/\/insurancecorp.com.br\/pt\/#logo\",\"inLanguage\":\"pt-BR\",\"url\":\"\",\"caption\":\"Revista Insurance Corp\"},\"image\":{\"@id\":\"https:\/\/insurancecorp.com.br\/pt\/#logo\"}},{\"@type\":\"WebSite\",\"@id\":\"https:\/\/insurancecorp.com.br\/pt\/#website\",\"url\":\"https:\/\/insurancecorp.com.br\/pt\/\",\"name\":\"Revista Insurance Corp | PT-BR\",\"description\":\"A \\u00fanica revista bil\\u00edngue voltada ao mercado de seguro.\",\"publisher\":{\"@id\":\"https:\/\/insurancecorp.com.br\/pt\/#organization\"},\"potentialAction\":[{\"@type\":\"SearchAction\",\"target\":\"https:\/\/insurancecorp.com.br\/pt\/?s={search_term_string}\",\"query-input\":\"required name=search_term_string\"}],\"inLanguage\":\"pt-BR\"},{\"@type\":\"ImageObject\",\"@id\":\"https:\/\/insurancecorp.com.br\/pt\/2020\/08\/25\/lei-geral-de-protecao-de-dados-e-tema-do-direto-reto-com-camillo\/#primaryimage\",\"inLanguage\":\"pt-BR\",\"url\":\"https:\/\/insurancecorp.com.br\/pt\/wp-content\/uploads\/2020\/08\/Frederico-2-2.jpg\",\"width\":790,\"height\":444},{\"@type\":\"WebPage\",\"@id\":\"https:\/\/insurancecorp.com.br\/pt\/2020\/08\/25\/lei-geral-de-protecao-de-dados-e-tema-do-direto-reto-com-camillo\/#webpage\",\"url\":\"https:\/\/insurancecorp.com.br\/pt\/2020\/08\/25\/lei-geral-de-protecao-de-dados-e-tema-do-direto-reto-com-camillo\/\",\"name\":\"Lei Geral de Prote\\u00e7\\u00e3o de Dados \\u00e9 tema do Direto & Reto com Camillo | Revista Insurance Corp | PT-BR\",\"isPartOf\":{\"@id\":\"https:\/\/insurancecorp.com.br\/pt\/#website\"},\"primaryImageOfPage\":{\"@id\":\"https:\/\/insurancecorp.com.br\/pt\/2020\/08\/25\/lei-geral-de-protecao-de-dados-e-tema-do-direto-reto-com-camillo\/#primaryimage\"},\"datePublished\":\"2020-08-25T14:22:00+00:00\",\"dateModified\":\"2020-08-25T14:43:55+00:00\",\"inLanguage\":\"pt-BR\",\"potentialAction\":[{\"@type\":\"ReadAction\",\"target\":[\"https:\/\/insurancecorp.com.br\/pt\/2020\/08\/25\/lei-geral-de-protecao-de-dados-e-tema-do-direto-reto-com-camillo\/\"]}]},{\"@type\":\"Article\",\"@id\":\"https:\/\/insurancecorp.com.br\/pt\/2020\/08\/25\/lei-geral-de-protecao-de-dados-e-tema-do-direto-reto-com-camillo\/#article\",\"isPartOf\":{\"@id\":\"https:\/\/insurancecorp.com.br\/pt\/2020\/08\/25\/lei-geral-de-protecao-de-dados-e-tema-do-direto-reto-com-camillo\/#webpage\"},\"author\":{\"@id\":\"https:\/\/insurancecorp.com.br\/pt\/#\/schema\/person\/1b69c8cf325f0b7167f1b171f52df4af\"},\"headline\":\"Lei Geral de Prote\\u00e7\\u00e3o de Dados \\u00e9 tema do Direto &#038; Reto com Camillo\",\"datePublished\":\"2020-08-25T14:22:00+00:00\",\"dateModified\":\"2020-08-25T14:43:55+00:00\",\"mainEntityOfPage\":{\"@id\":\"https:\/\/insurancecorp.com.br\/pt\/2020\/08\/25\/lei-geral-de-protecao-de-dados-e-tema-do-direto-reto-com-camillo\/#webpage\"},\"commentCount\":0,\"publisher\":{\"@id\":\"https:\/\/insurancecorp.com.br\/pt\/#organization\"},\"image\":{\"@id\":\"https:\/\/insurancecorp.com.br\/pt\/2020\/08\/25\/lei-geral-de-protecao-de-dados-e-tema-do-direto-reto-com-camillo\/#primaryimage\"},\"articleSection\":\"Programa Direto e Reto\",\"inLanguage\":\"pt-BR\",\"potentialAction\":[{\"@type\":\"CommentAction\",\"name\":\"Comment\",\"target\":[\"https:\/\/insurancecorp.com.br\/pt\/2020\/08\/25\/lei-geral-de-protecao-de-dados-e-tema-do-direto-reto-com-camillo\/#respond\"]}]},{\"@type\":\"Person\",\"@id\":\"https:\/\/insurancecorp.com.br\/pt\/#\/schema\/person\/1b69c8cf325f0b7167f1b171f52df4af\",\"name\":\"Publica\\u00e7\\u00e3o\",\"image\":{\"@type\":\"ImageObject\",\"@id\":\"https:\/\/insurancecorp.com.br\/pt\/#personlogo\",\"inLanguage\":\"pt-BR\",\"url\":\"https:\/\/secure.gravatar.com\/avatar\/17226f1f60486eb25d4c6b301ffed37f?s=96&d=mm&r=g\",\"caption\":\"Publica\\u00e7\\u00e3o\"}}]}<\/script>\n<!-- \/ Yoast SEO plugin. -->","_links":{"self":[{"href":"https:\/\/insurancecorp.com.br\/pt\/wp-json\/wp\/v2\/posts\/18352"}],"collection":[{"href":"https:\/\/insurancecorp.com.br\/pt\/wp-json\/wp\/v2\/posts"}],"about":[{"href":"https:\/\/insurancecorp.com.br\/pt\/wp-json\/wp\/v2\/types\/post"}],"author":[{"embeddable":true,"href":"https:\/\/insurancecorp.com.br\/pt\/wp-json\/wp\/v2\/users\/2"}],"replies":[{"embeddable":true,"href":"https:\/\/insurancecorp.com.br\/pt\/wp-json\/wp\/v2\/comments?post=18352"}],"version-history":[{"count":1,"href":"https:\/\/insurancecorp.com.br\/pt\/wp-json\/wp\/v2\/posts\/18352\/revisions"}],"predecessor-version":[{"id":18354,"href":"https:\/\/insurancecorp.com.br\/pt\/wp-json\/wp\/v2\/posts\/18352\/revisions\/18354"}],"wp:featuredmedia":[{"embeddable":true,"href":"https:\/\/insurancecorp.com.br\/pt\/wp-json\/wp\/v2\/media\/18360"}],"wp:attachment":[{"href":"https:\/\/insurancecorp.com.br\/pt\/wp-json\/wp\/v2\/media?parent=18352"}],"wp:term":[{"taxonomy":"category","embeddable":true,"href":"https:\/\/insurancecorp.com.br\/pt\/wp-json\/wp\/v2\/categories?post=18352"},{"taxonomy":"post_tag","embeddable":true,"href":"https:\/\/insurancecorp.com.br\/pt\/wp-json\/wp\/v2\/tags?post=18352"}],"curies":[{"name":"wp","href":"https:\/\/api.w.org\/{rel}","templated":true}]}}