{"id":17987,"date":"2020-08-10T15:08:40","date_gmt":"2020-08-10T18:08:40","guid":{"rendered":"https:\/\/insurancecorp.com.br\/pt\/?p=17987"},"modified":"2020-08-10T16:48:26","modified_gmt":"2020-08-10T19:48:26","slug":"rossandro-klinjey-fala-sobre-capacidade-de-transformacao-na-plataforma-com-voce","status":"publish","type":"post","link":"https:\/\/insurancecorp.com.br\/pt\/2020\/08\/10\/rossandro-klinjey-fala-sobre-capacidade-de-transformacao-na-plataforma-com-voce\/","title":{"rendered":"Rossandro Klinjey fala sobre Capacidade de Transforma\u00e7\u00e3o na Plataforma \u2018Com Voc\u00ea\u2019"},"content":{"rendered":"<p>O Grupo Bradesco Seguros preparou mais uma programa\u00e7\u00e3o especial para a Plataforma \u2018Com Voc\u00ea\u2019 nas redes sociais da seguradora. Nesta segunda-feira (10), teremos a presen\u00e7a do Rossandro Klinjey &#8211; psic\u00f3logo, escritor, palestrante e considerado um fen\u00f4meno da internet na busca pelo desenvolvimento do autoconhecimento. O tema da semana ser\u00e1 &#8220;Capacidade de Transforma\u00e7\u00e3o&#8221;, com o intuito de promover uma troca valiosa com os seguidores da marca. O conte\u00fado estar\u00e1 dispon\u00edvel a partir das 9h, com reflex\u00f5es sobre o desenvolvimento humano em tempos de pandemia.<br \/>\nA finalidade do v\u00eddeo \u00e9 oferecer um conte\u00fado relevante, al\u00e9m de um espa\u00e7o para debate e reflex\u00e3o. &#8220;O nosso prop\u00f3sito \u00e9 inspirar e se conectar cada vez mais com os nossos clientes e usu\u00e1rios, sempre com um tema ligado \u00e0 sa\u00fade mental e f\u00edsica, bem-estar, transforma\u00e7\u00e3o, gest\u00e3o emocional, entre outros assuntos que influenciam cada vez mais o nosso comportamento em uma nova rotina imposta pela pandemia&#8221;, ressalta Alexandre Nogueira &#8211; Diretor de Marketing do Grupo Bradesco Seguros.<br \/>\nO especialista abordar\u00e1 ainda sobre comportamentos e atitudes que podem ajudar a aceitarmos as mudan\u00e7as e exemplificar\u00e1 como esse processo de transforma\u00e7\u00e3o sempre esteve presente na vida das pessoas. O conte\u00fado ficar\u00e1 dispon\u00edvel no perfil da Bradesco Seguros no Instagram e YouTube.<\/p>\n<p><strong>Ideal H+K Strategies <\/strong><\/p>\n","protected":false},"excerpt":{"rendered":"<p>O Grupo Bradesco Seguros preparou mais uma programa\u00e7\u00e3o especial para a Plataforma \u2018Com Voc\u00ea\u2019 nas redes sociais da seguradora. Nesta segunda-feira (10), teremos a presen\u00e7a do Rossandro Klinjey &#8211; psic\u00f3logo, escritor, palestrante e considerado um fen\u00f4meno da internet na busca pelo desenvolvimento do autoconhecimento. O tema da semana ser\u00e1 &#8220;Capacidade de Transforma\u00e7\u00e3o&#8221;, com o intuito [&hellip;]<\/p>\n","protected":false},"author":2,"featured_media":18046,"comment_status":"open","ping_status":"open","sticky":false,"template":"","format":"standard","meta":[],"categories":[413],"tags":[],"jetpack_featured_media_url":"https:\/\/insurancecorp.com.br\/pt\/wp-content\/uploads\/2020\/08\/Movimento-EmpatiaePositividade-7.jpg","yoast_head":"<!-- This site is optimized with the Yoast SEO plugin v14.8 - https:\/\/yoast.com\/wordpress\/plugins\/seo\/ -->\n<title>Rossandro Klinjey fala sobre Capacidade de Transforma\u00e7\u00e3o na Plataforma \u2018Com Voc\u00ea\u2019 | Revista Insurance Corp | PT-BR<\/title>\n<meta name=\"robots\" content=\"index, follow\" \/>\n<meta name=\"googlebot\" content=\"index, follow, max-snippet:-1, max-image-preview:large, max-video-preview:-1\" \/>\n<meta name=\"bingbot\" content=\"index, follow, max-snippet:-1, max-image-preview:large, max-video-preview:-1\" \/>\n<link rel=\"canonical\" href=\"https:\/\/insurancecorp.com.br\/pt\/2020\/08\/10\/rossandro-klinjey-fala-sobre-capacidade-de-transformacao-na-plataforma-com-voce\/\" \/>\n<meta property=\"og:locale\" content=\"pt_BR\" \/>\n<meta property=\"og:type\" content=\"article\" \/>\n<meta property=\"og:title\" content=\"Rossandro Klinjey fala sobre Capacidade de Transforma\u00e7\u00e3o na Plataforma \u2018Com Voc\u00ea\u2019 | Revista Insurance Corp | PT-BR\" \/>\n<meta property=\"og:description\" content=\"O Grupo Bradesco Seguros preparou mais uma programa\u00e7\u00e3o especial para a Plataforma \u2018Com Voc\u00ea\u2019 nas redes sociais da seguradora. Nesta segunda-feira (10), teremos a presen\u00e7a do Rossandro Klinjey &#8211; psic\u00f3logo, escritor, palestrante e considerado um fen\u00f4meno da internet na busca pelo desenvolvimento do autoconhecimento. O tema da semana ser\u00e1 &#8220;Capacidade de Transforma\u00e7\u00e3o&#8221;, com o intuito [&hellip;]\" \/>\n<meta property=\"og:url\" content=\"https:\/\/insurancecorp.com.br\/pt\/2020\/08\/10\/rossandro-klinjey-fala-sobre-capacidade-de-transformacao-na-plataforma-com-voce\/\" \/>\n<meta property=\"og:site_name\" content=\"Revista Insurance Corp | PT-BR\" \/>\n<meta property=\"article:publisher\" content=\"https:\/\/www.facebook.com\/RevistaInsuranceCorp\/\" \/>\n<meta property=\"article:published_time\" content=\"2020-08-10T18:08:40+00:00\" \/>\n<meta property=\"article:modified_time\" content=\"2020-08-10T19:48:26+00:00\" \/>\n<meta property=\"og:image\" content=\"https:\/\/insurancecorp.com.br\/pt\/wp-content\/uploads\/2020\/08\/Movimento-EmpatiaePositividade-7.jpg\" \/>\n\t<meta property=\"og:image:width\" content=\"1280\" \/>\n\t<meta property=\"og:image:height\" content=\"720\" \/>\n<meta name=\"twitter:card\" content=\"summary\" \/>\n<script type=\"application\/ld+json\" class=\"yoast-schema-graph\">{\"@context\":\"https:\/\/schema.org\",\"@graph\":[{\"@type\":\"Organization\",\"@id\":\"https:\/\/insurancecorp.com.br\/pt\/#organization\",\"name\":\"Revista Insurance Corp\",\"url\":\"https:\/\/insurancecorp.com.br\/pt\/\",\"sameAs\":[\"https:\/\/www.facebook.com\/RevistaInsuranceCorp\/\"],\"logo\":{\"@type\":\"ImageObject\",\"@id\":\"https:\/\/insurancecorp.com.br\/pt\/#logo\",\"inLanguage\":\"pt-BR\",\"url\":\"\",\"caption\":\"Revista Insurance Corp\"},\"image\":{\"@id\":\"https:\/\/insurancecorp.com.br\/pt\/#logo\"}},{\"@type\":\"WebSite\",\"@id\":\"https:\/\/insurancecorp.com.br\/pt\/#website\",\"url\":\"https:\/\/insurancecorp.com.br\/pt\/\",\"name\":\"Revista Insurance Corp | PT-BR\",\"description\":\"A \\u00fanica revista bil\\u00edngue voltada ao mercado de seguro.\",\"publisher\":{\"@id\":\"https:\/\/insurancecorp.com.br\/pt\/#organization\"},\"potentialAction\":[{\"@type\":\"SearchAction\",\"target\":\"https:\/\/insurancecorp.com.br\/pt\/?s={search_term_string}\",\"query-input\":\"required name=search_term_string\"}],\"inLanguage\":\"pt-BR\"},{\"@type\":\"ImageObject\",\"@id\":\"https:\/\/insurancecorp.com.br\/pt\/2020\/08\/10\/rossandro-klinjey-fala-sobre-capacidade-de-transformacao-na-plataforma-com-voce\/#primaryimage\",\"inLanguage\":\"pt-BR\",\"url\":\"https:\/\/insurancecorp.com.br\/pt\/wp-content\/uploads\/2020\/08\/Movimento-EmpatiaePositividade-7.jpg\",\"width\":1280,\"height\":720},{\"@type\":\"WebPage\",\"@id\":\"https:\/\/insurancecorp.com.br\/pt\/2020\/08\/10\/rossandro-klinjey-fala-sobre-capacidade-de-transformacao-na-plataforma-com-voce\/#webpage\",\"url\":\"https:\/\/insurancecorp.com.br\/pt\/2020\/08\/10\/rossandro-klinjey-fala-sobre-capacidade-de-transformacao-na-plataforma-com-voce\/\",\"name\":\"Rossandro Klinjey fala sobre Capacidade de Transforma\\u00e7\\u00e3o na Plataforma \\u2018Com Voc\\u00ea\\u2019 | Revista Insurance Corp | PT-BR\",\"isPartOf\":{\"@id\":\"https:\/\/insurancecorp.com.br\/pt\/#website\"},\"primaryImageOfPage\":{\"@id\":\"https:\/\/insurancecorp.com.br\/pt\/2020\/08\/10\/rossandro-klinjey-fala-sobre-capacidade-de-transformacao-na-plataforma-com-voce\/#primaryimage\"},\"datePublished\":\"2020-08-10T18:08:40+00:00\",\"dateModified\":\"2020-08-10T19:48:26+00:00\",\"inLanguage\":\"pt-BR\",\"potentialAction\":[{\"@type\":\"ReadAction\",\"target\":[\"https:\/\/insurancecorp.com.br\/pt\/2020\/08\/10\/rossandro-klinjey-fala-sobre-capacidade-de-transformacao-na-plataforma-com-voce\/\"]}]},{\"@type\":\"Article\",\"@id\":\"https:\/\/insurancecorp.com.br\/pt\/2020\/08\/10\/rossandro-klinjey-fala-sobre-capacidade-de-transformacao-na-plataforma-com-voce\/#article\",\"isPartOf\":{\"@id\":\"https:\/\/insurancecorp.com.br\/pt\/2020\/08\/10\/rossandro-klinjey-fala-sobre-capacidade-de-transformacao-na-plataforma-com-voce\/#webpage\"},\"author\":{\"@id\":\"https:\/\/insurancecorp.com.br\/pt\/#\/schema\/person\/1b69c8cf325f0b7167f1b171f52df4af\"},\"headline\":\"Rossandro Klinjey fala sobre Capacidade de Transforma\\u00e7\\u00e3o na Plataforma \\u2018Com Voc\\u00ea\\u2019\",\"datePublished\":\"2020-08-10T18:08:40+00:00\",\"dateModified\":\"2020-08-10T19:48:26+00:00\",\"mainEntityOfPage\":{\"@id\":\"https:\/\/insurancecorp.com.br\/pt\/2020\/08\/10\/rossandro-klinjey-fala-sobre-capacidade-de-transformacao-na-plataforma-com-voce\/#webpage\"},\"commentCount\":0,\"publisher\":{\"@id\":\"https:\/\/insurancecorp.com.br\/pt\/#organization\"},\"image\":{\"@id\":\"https:\/\/insurancecorp.com.br\/pt\/2020\/08\/10\/rossandro-klinjey-fala-sobre-capacidade-de-transformacao-na-plataforma-com-voce\/#primaryimage\"},\"articleSection\":\"Bradesco Seguros\",\"inLanguage\":\"pt-BR\",\"potentialAction\":[{\"@type\":\"CommentAction\",\"name\":\"Comment\",\"target\":[\"https:\/\/insurancecorp.com.br\/pt\/2020\/08\/10\/rossandro-klinjey-fala-sobre-capacidade-de-transformacao-na-plataforma-com-voce\/#respond\"]}]},{\"@type\":\"Person\",\"@id\":\"https:\/\/insurancecorp.com.br\/pt\/#\/schema\/person\/1b69c8cf325f0b7167f1b171f52df4af\",\"name\":\"Publica\\u00e7\\u00e3o\",\"image\":{\"@type\":\"ImageObject\",\"@id\":\"https:\/\/insurancecorp.com.br\/pt\/#personlogo\",\"inLanguage\":\"pt-BR\",\"url\":\"https:\/\/secure.gravatar.com\/avatar\/17226f1f60486eb25d4c6b301ffed37f?s=96&d=mm&r=g\",\"caption\":\"Publica\\u00e7\\u00e3o\"}}]}<\/script>\n<!-- \/ Yoast SEO plugin. -->","_links":{"self":[{"href":"https:\/\/insurancecorp.com.br\/pt\/wp-json\/wp\/v2\/posts\/17987"}],"collection":[{"href":"https:\/\/insurancecorp.com.br\/pt\/wp-json\/wp\/v2\/posts"}],"about":[{"href":"https:\/\/insurancecorp.com.br\/pt\/wp-json\/wp\/v2\/types\/post"}],"author":[{"embeddable":true,"href":"https:\/\/insurancecorp.com.br\/pt\/wp-json\/wp\/v2\/users\/2"}],"replies":[{"embeddable":true,"href":"https:\/\/insurancecorp.com.br\/pt\/wp-json\/wp\/v2\/comments?post=17987"}],"version-history":[{"count":2,"href":"https:\/\/insurancecorp.com.br\/pt\/wp-json\/wp\/v2\/posts\/17987\/revisions"}],"predecessor-version":[{"id":17991,"href":"https:\/\/insurancecorp.com.br\/pt\/wp-json\/wp\/v2\/posts\/17987\/revisions\/17991"}],"wp:featuredmedia":[{"embeddable":true,"href":"https:\/\/insurancecorp.com.br\/pt\/wp-json\/wp\/v2\/media\/18046"}],"wp:attachment":[{"href":"https:\/\/insurancecorp.com.br\/pt\/wp-json\/wp\/v2\/media?parent=17987"}],"wp:term":[{"taxonomy":"category","embeddable":true,"href":"https:\/\/insurancecorp.com.br\/pt\/wp-json\/wp\/v2\/categories?post=17987"},{"taxonomy":"post_tag","embeddable":true,"href":"https:\/\/insurancecorp.com.br\/pt\/wp-json\/wp\/v2\/tags?post=17987"}],"curies":[{"name":"wp","href":"https:\/\/api.w.org\/{rel}","templated":true}]}}