{"id":17945,"date":"2020-08-06T17:03:57","date_gmt":"2020-08-06T20:03:57","guid":{"rendered":"https:\/\/insurancecorp.com.br\/pt\/?p=17945"},"modified":"2020-08-06T17:05:37","modified_gmt":"2020-08-06T20:05:37","slug":"bradesco-seguros-cobertura-de-responsabilidade-civil-e-essencial","status":"publish","type":"post","link":"https:\/\/insurancecorp.com.br\/pt\/2020\/08\/06\/bradesco-seguros-cobertura-de-responsabilidade-civil-e-essencial\/","title":{"rendered":"Bradesco Seguros: cobertura de responsabilidade civil \u00e9 essencial"},"content":{"rendered":"<p>Quando estamos no tr\u00e2nsito, tamb\u00e9m somos respons\u00e1veis por ele e pelos danos causados em eventuais acidentes. Mais do que uma preocupa\u00e7\u00e3o com preju\u00edzos materiais, uma situa\u00e7\u00e3o inesperada pode acontecer e causar danos corporais e morais irrevers\u00edveis.<\/p>\n<p>O que parte da popula\u00e7\u00e3o brasileira ainda desconhece \u00e9 que a chamada cobertura de Responsabilidade Civil Facultativa de Ve\u00edculos (RCF-V) resguarda o condutor do ve\u00edculo sobre diversos aspectos. Para falar sobre a prote\u00e7\u00e3o, a Bradesco Auto\/RE, empresa do Grupo Bradesco Seguros, convida seu Superintendente Executivo e especialista em mercado segurador, Carlos Oliva.<\/p>\n<p>Mas, afinal, o que \u00e9 o RCF-V e qual a sua finalidade?<br \/>\nO RCF trata-se de uma prote\u00e7\u00e3o opcional que existe para cobrir danos causados a terceiros. Por defini\u00e7\u00e3o, s\u00e3o aqueles que se encontram fora do ve\u00edculo. Ele pode ser contratado como um complemento ao seguro b\u00e1sico ou compreensivo e engloba tr\u00eas categorias:<br \/>\n\u2022 Danos materiais: contempla o pagamento das despesas necess\u00e1rias para o conserto dos carros envolvidos no sinistro e at\u00e9 mesmo de fachadas e postes destru\u00eddos em colis\u00f5es;<br \/>\n\u2022 Danos corporais: Em caso de acidente, em que o condutor seja o culpado pelo ferimento, morte ou invalidez de um terceiro, a cobertura garante a indeniza\u00e7\u00e3o dos gastos que essa pessoa venha a ter com pensionamento, custos judiciais e honor\u00e1rios de advogado, servi\u00e7os hospitalares ou, caso ocorra o falecimento, arca com preju\u00edzos financeiros decorrentes dos citados eventos, n\u00e3o compreendendo os danos est\u00e9ticos;<br \/>\n\u2022 Danos morais: cobre indeniza\u00e7\u00f5es judiciais e extrajudiciais que o segurado possa ser condenado a pagar por danos morais ou est\u00e9ticos.<\/p>\n<p>Dados da SUSEP, sobre a cobertura de RCF e do Sindipe\u00e7as, sobre frota circulante, mostram que no Brasil, apenas 14,5% da popula\u00e7\u00e3o tem a prote\u00e7\u00e3o contratada. Vale lembrar que, a cobertura de Danos Corporais funciona como um complemento ao seguro DPVAT, que \u00e9 um seguro obrigat\u00f3rio. \u201cAtualmente, a m\u00e9dia do valor contratado para a cobertura de danos a terceiros varia por regi\u00e3o, por\u00e9m \u00e9 considerada baixa. Analisar o custo-benef\u00edcio que a prote\u00e7\u00e3o pode oferecer \u00e9 essencial porque, com certeza, na hora do sinistro, os custos ser\u00e3o bem maiores do que seria desembolsado na contrata\u00e7\u00e3o do seguro\u201d, destaca.<\/p>\n<p>Algumas vezes, os custos com indeniza\u00e7\u00f5es e despesas m\u00e9dicas podem levar o motorista \u00e0 fal\u00eancia com d\u00edvidas por toda a vida, e at\u00e9 se envolver um processo judicial. \u201cSendo assim, o Seguro de Responsabilidade Civil para Ve\u00edculos torna-se indispens\u00e1vel para qualquer condutor\u201d, conclui.<\/p>\n<p><strong>Approach Comunica\u00e7\u00e3o Integrada<\/strong><\/p>\n<p>Foto:\u00a0portaldotransito<\/p>\n","protected":false},"excerpt":{"rendered":"<p>Quando estamos no tr\u00e2nsito, tamb\u00e9m somos respons\u00e1veis por ele e pelos danos causados em eventuais acidentes. Mais do que uma preocupa\u00e7\u00e3o com preju\u00edzos materiais, uma situa\u00e7\u00e3o inesperada pode acontecer e causar danos corporais e morais irrevers\u00edveis. O que parte da popula\u00e7\u00e3o brasileira ainda desconhece \u00e9 que a chamada cobertura de Responsabilidade Civil Facultativa de Ve\u00edculos [&hellip;]<\/p>\n","protected":false},"author":2,"featured_media":17946,"comment_status":"open","ping_status":"open","sticky":false,"template":"","format":"standard","meta":[],"categories":[413],"tags":[],"jetpack_featured_media_url":"https:\/\/insurancecorp.com.br\/pt\/wp-content\/uploads\/2020\/08\/Evaldir-Barboza-de-Paula-Bruno-Garfinkel-e-Nilson-Arello-Barbosa-13.jpg","yoast_head":"<!-- This site is optimized with the Yoast SEO plugin v14.8 - https:\/\/yoast.com\/wordpress\/plugins\/seo\/ -->\n<title>Bradesco Seguros: cobertura de responsabilidade civil \u00e9 essencial | Revista Insurance Corp | PT-BR<\/title>\n<meta name=\"robots\" content=\"index, follow\" \/>\n<meta name=\"googlebot\" content=\"index, follow, max-snippet:-1, max-image-preview:large, max-video-preview:-1\" \/>\n<meta name=\"bingbot\" content=\"index, follow, max-snippet:-1, max-image-preview:large, max-video-preview:-1\" \/>\n<link rel=\"canonical\" href=\"https:\/\/insurancecorp.com.br\/pt\/2020\/08\/06\/bradesco-seguros-cobertura-de-responsabilidade-civil-e-essencial\/\" \/>\n<meta property=\"og:locale\" content=\"pt_BR\" \/>\n<meta property=\"og:type\" content=\"article\" \/>\n<meta property=\"og:title\" content=\"Bradesco Seguros: cobertura de responsabilidade civil \u00e9 essencial | Revista Insurance Corp | PT-BR\" \/>\n<meta property=\"og:description\" content=\"Quando estamos no tr\u00e2nsito, tamb\u00e9m somos respons\u00e1veis por ele e pelos danos causados em eventuais acidentes. Mais do que uma preocupa\u00e7\u00e3o com preju\u00edzos materiais, uma situa\u00e7\u00e3o inesperada pode acontecer e causar danos corporais e morais irrevers\u00edveis. O que parte da popula\u00e7\u00e3o brasileira ainda desconhece \u00e9 que a chamada cobertura de Responsabilidade Civil Facultativa de Ve\u00edculos [&hellip;]\" \/>\n<meta property=\"og:url\" content=\"https:\/\/insurancecorp.com.br\/pt\/2020\/08\/06\/bradesco-seguros-cobertura-de-responsabilidade-civil-e-essencial\/\" \/>\n<meta property=\"og:site_name\" content=\"Revista Insurance Corp | PT-BR\" \/>\n<meta property=\"article:publisher\" content=\"https:\/\/www.facebook.com\/RevistaInsuranceCorp\/\" \/>\n<meta property=\"article:published_time\" content=\"2020-08-06T20:03:57+00:00\" \/>\n<meta property=\"article:modified_time\" content=\"2020-08-06T20:05:37+00:00\" \/>\n<meta property=\"og:image\" content=\"https:\/\/insurancecorp.com.br\/pt\/wp-content\/uploads\/2020\/08\/Evaldir-Barboza-de-Paula-Bruno-Garfinkel-e-Nilson-Arello-Barbosa-13.jpg\" \/>\n\t<meta property=\"og:image:width\" content=\"267\" \/>\n\t<meta property=\"og:image:height\" content=\"189\" \/>\n<meta name=\"twitter:card\" content=\"summary\" \/>\n<script type=\"application\/ld+json\" class=\"yoast-schema-graph\">{\"@context\":\"https:\/\/schema.org\",\"@graph\":[{\"@type\":\"Organization\",\"@id\":\"https:\/\/insurancecorp.com.br\/pt\/#organization\",\"name\":\"Revista Insurance Corp\",\"url\":\"https:\/\/insurancecorp.com.br\/pt\/\",\"sameAs\":[\"https:\/\/www.facebook.com\/RevistaInsuranceCorp\/\"],\"logo\":{\"@type\":\"ImageObject\",\"@id\":\"https:\/\/insurancecorp.com.br\/pt\/#logo\",\"inLanguage\":\"pt-BR\",\"url\":\"\",\"caption\":\"Revista Insurance Corp\"},\"image\":{\"@id\":\"https:\/\/insurancecorp.com.br\/pt\/#logo\"}},{\"@type\":\"WebSite\",\"@id\":\"https:\/\/insurancecorp.com.br\/pt\/#website\",\"url\":\"https:\/\/insurancecorp.com.br\/pt\/\",\"name\":\"Revista Insurance Corp | PT-BR\",\"description\":\"A \\u00fanica revista bil\\u00edngue voltada ao mercado de seguro.\",\"publisher\":{\"@id\":\"https:\/\/insurancecorp.com.br\/pt\/#organization\"},\"potentialAction\":[{\"@type\":\"SearchAction\",\"target\":\"https:\/\/insurancecorp.com.br\/pt\/?s={search_term_string}\",\"query-input\":\"required name=search_term_string\"}],\"inLanguage\":\"pt-BR\"},{\"@type\":\"ImageObject\",\"@id\":\"https:\/\/insurancecorp.com.br\/pt\/2020\/08\/06\/bradesco-seguros-cobertura-de-responsabilidade-civil-e-essencial\/#primaryimage\",\"inLanguage\":\"pt-BR\",\"url\":\"https:\/\/insurancecorp.com.br\/pt\/wp-content\/uploads\/2020\/08\/Evaldir-Barboza-de-Paula-Bruno-Garfinkel-e-Nilson-Arello-Barbosa-13.jpg\",\"width\":267,\"height\":189},{\"@type\":\"WebPage\",\"@id\":\"https:\/\/insurancecorp.com.br\/pt\/2020\/08\/06\/bradesco-seguros-cobertura-de-responsabilidade-civil-e-essencial\/#webpage\",\"url\":\"https:\/\/insurancecorp.com.br\/pt\/2020\/08\/06\/bradesco-seguros-cobertura-de-responsabilidade-civil-e-essencial\/\",\"name\":\"Bradesco Seguros: cobertura de responsabilidade civil \\u00e9 essencial | Revista Insurance Corp | PT-BR\",\"isPartOf\":{\"@id\":\"https:\/\/insurancecorp.com.br\/pt\/#website\"},\"primaryImageOfPage\":{\"@id\":\"https:\/\/insurancecorp.com.br\/pt\/2020\/08\/06\/bradesco-seguros-cobertura-de-responsabilidade-civil-e-essencial\/#primaryimage\"},\"datePublished\":\"2020-08-06T20:03:57+00:00\",\"dateModified\":\"2020-08-06T20:05:37+00:00\",\"inLanguage\":\"pt-BR\",\"potentialAction\":[{\"@type\":\"ReadAction\",\"target\":[\"https:\/\/insurancecorp.com.br\/pt\/2020\/08\/06\/bradesco-seguros-cobertura-de-responsabilidade-civil-e-essencial\/\"]}]},{\"@type\":\"Article\",\"@id\":\"https:\/\/insurancecorp.com.br\/pt\/2020\/08\/06\/bradesco-seguros-cobertura-de-responsabilidade-civil-e-essencial\/#article\",\"isPartOf\":{\"@id\":\"https:\/\/insurancecorp.com.br\/pt\/2020\/08\/06\/bradesco-seguros-cobertura-de-responsabilidade-civil-e-essencial\/#webpage\"},\"author\":{\"@id\":\"https:\/\/insurancecorp.com.br\/pt\/#\/schema\/person\/1b69c8cf325f0b7167f1b171f52df4af\"},\"headline\":\"Bradesco Seguros: cobertura de responsabilidade civil \\u00e9 essencial\",\"datePublished\":\"2020-08-06T20:03:57+00:00\",\"dateModified\":\"2020-08-06T20:05:37+00:00\",\"mainEntityOfPage\":{\"@id\":\"https:\/\/insurancecorp.com.br\/pt\/2020\/08\/06\/bradesco-seguros-cobertura-de-responsabilidade-civil-e-essencial\/#webpage\"},\"commentCount\":0,\"publisher\":{\"@id\":\"https:\/\/insurancecorp.com.br\/pt\/#organization\"},\"image\":{\"@id\":\"https:\/\/insurancecorp.com.br\/pt\/2020\/08\/06\/bradesco-seguros-cobertura-de-responsabilidade-civil-e-essencial\/#primaryimage\"},\"articleSection\":\"Bradesco Seguros\",\"inLanguage\":\"pt-BR\",\"potentialAction\":[{\"@type\":\"CommentAction\",\"name\":\"Comment\",\"target\":[\"https:\/\/insurancecorp.com.br\/pt\/2020\/08\/06\/bradesco-seguros-cobertura-de-responsabilidade-civil-e-essencial\/#respond\"]}]},{\"@type\":\"Person\",\"@id\":\"https:\/\/insurancecorp.com.br\/pt\/#\/schema\/person\/1b69c8cf325f0b7167f1b171f52df4af\",\"name\":\"Publica\\u00e7\\u00e3o\",\"image\":{\"@type\":\"ImageObject\",\"@id\":\"https:\/\/insurancecorp.com.br\/pt\/#personlogo\",\"inLanguage\":\"pt-BR\",\"url\":\"https:\/\/secure.gravatar.com\/avatar\/17226f1f60486eb25d4c6b301ffed37f?s=96&d=mm&r=g\",\"caption\":\"Publica\\u00e7\\u00e3o\"}}]}<\/script>\n<!-- \/ Yoast SEO plugin. -->","_links":{"self":[{"href":"https:\/\/insurancecorp.com.br\/pt\/wp-json\/wp\/v2\/posts\/17945"}],"collection":[{"href":"https:\/\/insurancecorp.com.br\/pt\/wp-json\/wp\/v2\/posts"}],"about":[{"href":"https:\/\/insurancecorp.com.br\/pt\/wp-json\/wp\/v2\/types\/post"}],"author":[{"embeddable":true,"href":"https:\/\/insurancecorp.com.br\/pt\/wp-json\/wp\/v2\/users\/2"}],"replies":[{"embeddable":true,"href":"https:\/\/insurancecorp.com.br\/pt\/wp-json\/wp\/v2\/comments?post=17945"}],"version-history":[{"count":1,"href":"https:\/\/insurancecorp.com.br\/pt\/wp-json\/wp\/v2\/posts\/17945\/revisions"}],"predecessor-version":[{"id":17947,"href":"https:\/\/insurancecorp.com.br\/pt\/wp-json\/wp\/v2\/posts\/17945\/revisions\/17947"}],"wp:featuredmedia":[{"embeddable":true,"href":"https:\/\/insurancecorp.com.br\/pt\/wp-json\/wp\/v2\/media\/17946"}],"wp:attachment":[{"href":"https:\/\/insurancecorp.com.br\/pt\/wp-json\/wp\/v2\/media?parent=17945"}],"wp:term":[{"taxonomy":"category","embeddable":true,"href":"https:\/\/insurancecorp.com.br\/pt\/wp-json\/wp\/v2\/categories?post=17945"},{"taxonomy":"post_tag","embeddable":true,"href":"https:\/\/insurancecorp.com.br\/pt\/wp-json\/wp\/v2\/tags?post=17945"}],"curies":[{"name":"wp","href":"https:\/\/api.w.org\/{rel}","templated":true}]}}