{"id":17837,"date":"2020-08-05T09:49:21","date_gmt":"2020-08-05T12:49:21","guid":{"rendered":"https:\/\/insurancecorp.com.br\/pt\/?p=17837"},"modified":"2020-08-05T09:49:21","modified_gmt":"2020-08-05T12:49:21","slug":"grupo-bradesco-seguros-conta-com-nova-programacao-da-plataforma-com-voce","status":"publish","type":"post","link":"https:\/\/insurancecorp.com.br\/pt\/2020\/08\/05\/grupo-bradesco-seguros-conta-com-nova-programacao-da-plataforma-com-voce\/","title":{"rendered":"Grupo Bradesco Seguros conta com nova programa\u00e7\u00e3o da plataforma \u2018Com Voc\u00ea\u2019"},"content":{"rendered":"<p>O Grupo Bradesco Seguros conta com uma nova programa\u00e7\u00e3o de conte\u00fados na Plataforma &#8220;Com Voc\u00ea&#8221; no instagram, a partir de quarta-feira (5). Para celebrar o Dia Nacional da Sa\u00fade, Leandro Karnal &#8211; historiador brasileiro, professor e escritor far\u00e1 um v\u00eddeo exclusivamente para o canal da marca sobre o impacto das mudan\u00e7as do momento atual em nosso corpo e mente. O v\u00eddeo estar\u00e1 dispon\u00edvel para os seguidores a partir das 9h, marcando o lan\u00e7amento da nova programa\u00e7\u00e3o da plataforma.<br \/>\n&#8220;Nestes tempos t\u00e3o desafiadores, encontramos na plataforma \u2018Com Voc\u00ea\u2019 uma maneira de passarmos conhecimento e esperan\u00e7a aos nossos seguidores falando a nossa sa\u00fade, trabalho, fam\u00edlia, casa, sociedade, entre tantos outros assuntos importantes que influenciam nosso corpo e mente&#8221;, comenta Alexandre Nogueira, Diretor de Marketing da Bradesco Seguros.<br \/>\nAl\u00e9m da s\u00e9rie de lives sobre longevidade que acontecem quinzenalmente pelo canal do YouTube da Bradesco Seguros, a plataforma contar\u00e1 com uma programa\u00e7\u00e3o especial para agosto com especialistas renomados. A a\u00e7\u00e3o refor\u00e7a a presen\u00e7a da seguradora em todos os momentos da vida dos brasileiros.<br \/>\nPodcast \u2018Comece Agora\u2019<br \/>\nA Bradesco Seguros tamb\u00e9m est\u00e1 produzindo uma s\u00e9rie de conte\u00fados no podcast &#8220;Comece Agora&#8221;, pelas plataformas do Spotify e SoundCloud. O novo epis\u00f3dio j\u00e1 est\u00e1 no ar e conta com a presen\u00e7a da Camila Antunes, Pedagoga e Educadora Parental, com o tema &#8220;dicas de home office com crian\u00e7as&#8221;.<\/p>\n<p><strong>Ideal H+K Strategies <\/strong><\/p>\n","protected":false},"excerpt":{"rendered":"<p>O Grupo Bradesco Seguros conta com uma nova programa\u00e7\u00e3o de conte\u00fados na Plataforma &#8220;Com Voc\u00ea&#8221; no instagram, a partir de quarta-feira (5). Para celebrar o Dia Nacional da Sa\u00fade, Leandro Karnal &#8211; historiador brasileiro, professor e escritor far\u00e1 um v\u00eddeo exclusivamente para o canal da marca sobre o impacto das mudan\u00e7as do momento atual em [&hellip;]<\/p>\n","protected":false},"author":2,"featured_media":17838,"comment_status":"open","ping_status":"open","sticky":false,"template":"","format":"standard","meta":[],"categories":[413],"tags":[],"jetpack_featured_media_url":"https:\/\/insurancecorp.com.br\/pt\/wp-content\/uploads\/2020\/08\/Evandro-Leiras.jpeg","yoast_head":"<!-- This site is optimized with the Yoast SEO plugin v14.8 - https:\/\/yoast.com\/wordpress\/plugins\/seo\/ -->\n<title>Grupo Bradesco Seguros conta com nova programa\u00e7\u00e3o da plataforma \u2018Com Voc\u00ea\u2019 | Revista Insurance Corp | PT-BR<\/title>\n<meta name=\"robots\" content=\"index, follow\" \/>\n<meta name=\"googlebot\" content=\"index, follow, max-snippet:-1, max-image-preview:large, max-video-preview:-1\" \/>\n<meta name=\"bingbot\" content=\"index, follow, max-snippet:-1, max-image-preview:large, max-video-preview:-1\" \/>\n<link rel=\"canonical\" href=\"https:\/\/insurancecorp.com.br\/pt\/2020\/08\/05\/grupo-bradesco-seguros-conta-com-nova-programacao-da-plataforma-com-voce\/\" \/>\n<meta property=\"og:locale\" content=\"pt_BR\" \/>\n<meta property=\"og:type\" content=\"article\" \/>\n<meta property=\"og:title\" content=\"Grupo Bradesco Seguros conta com nova programa\u00e7\u00e3o da plataforma \u2018Com Voc\u00ea\u2019 | Revista Insurance Corp | PT-BR\" \/>\n<meta property=\"og:description\" content=\"O Grupo Bradesco Seguros conta com uma nova programa\u00e7\u00e3o de conte\u00fados na Plataforma &#8220;Com Voc\u00ea&#8221; no instagram, a partir de quarta-feira (5). Para celebrar o Dia Nacional da Sa\u00fade, Leandro Karnal &#8211; historiador brasileiro, professor e escritor far\u00e1 um v\u00eddeo exclusivamente para o canal da marca sobre o impacto das mudan\u00e7as do momento atual em [&hellip;]\" \/>\n<meta property=\"og:url\" content=\"https:\/\/insurancecorp.com.br\/pt\/2020\/08\/05\/grupo-bradesco-seguros-conta-com-nova-programacao-da-plataforma-com-voce\/\" \/>\n<meta property=\"og:site_name\" content=\"Revista Insurance Corp | PT-BR\" \/>\n<meta property=\"article:publisher\" content=\"https:\/\/www.facebook.com\/RevistaInsuranceCorp\/\" \/>\n<meta property=\"article:published_time\" content=\"2020-08-05T12:49:21+00:00\" \/>\n<meta property=\"og:image\" content=\"https:\/\/insurancecorp.com.br\/pt\/wp-content\/uploads\/2020\/08\/Evandro-Leiras-1024x1004.jpeg\" \/>\n\t<meta property=\"og:image:width\" content=\"1024\" \/>\n\t<meta property=\"og:image:height\" content=\"1004\" \/>\n<meta name=\"twitter:card\" content=\"summary\" \/>\n<script type=\"application\/ld+json\" class=\"yoast-schema-graph\">{\"@context\":\"https:\/\/schema.org\",\"@graph\":[{\"@type\":\"Organization\",\"@id\":\"https:\/\/insurancecorp.com.br\/pt\/#organization\",\"name\":\"Revista Insurance Corp\",\"url\":\"https:\/\/insurancecorp.com.br\/pt\/\",\"sameAs\":[\"https:\/\/www.facebook.com\/RevistaInsuranceCorp\/\"],\"logo\":{\"@type\":\"ImageObject\",\"@id\":\"https:\/\/insurancecorp.com.br\/pt\/#logo\",\"inLanguage\":\"pt-BR\",\"url\":\"\",\"caption\":\"Revista Insurance Corp\"},\"image\":{\"@id\":\"https:\/\/insurancecorp.com.br\/pt\/#logo\"}},{\"@type\":\"WebSite\",\"@id\":\"https:\/\/insurancecorp.com.br\/pt\/#website\",\"url\":\"https:\/\/insurancecorp.com.br\/pt\/\",\"name\":\"Revista Insurance Corp | PT-BR\",\"description\":\"A \\u00fanica revista bil\\u00edngue voltada ao mercado de seguro.\",\"publisher\":{\"@id\":\"https:\/\/insurancecorp.com.br\/pt\/#organization\"},\"potentialAction\":[{\"@type\":\"SearchAction\",\"target\":\"https:\/\/insurancecorp.com.br\/pt\/?s={search_term_string}\",\"query-input\":\"required name=search_term_string\"}],\"inLanguage\":\"pt-BR\"},{\"@type\":\"ImageObject\",\"@id\":\"https:\/\/insurancecorp.com.br\/pt\/2020\/08\/05\/grupo-bradesco-seguros-conta-com-nova-programacao-da-plataforma-com-voce\/#primaryimage\",\"inLanguage\":\"pt-BR\",\"url\":\"https:\/\/insurancecorp.com.br\/pt\/wp-content\/uploads\/2020\/08\/Evandro-Leiras.jpeg\",\"width\":1600,\"height\":1568},{\"@type\":\"WebPage\",\"@id\":\"https:\/\/insurancecorp.com.br\/pt\/2020\/08\/05\/grupo-bradesco-seguros-conta-com-nova-programacao-da-plataforma-com-voce\/#webpage\",\"url\":\"https:\/\/insurancecorp.com.br\/pt\/2020\/08\/05\/grupo-bradesco-seguros-conta-com-nova-programacao-da-plataforma-com-voce\/\",\"name\":\"Grupo Bradesco Seguros conta com nova programa\\u00e7\\u00e3o da plataforma \\u2018Com Voc\\u00ea\\u2019 | Revista Insurance Corp | PT-BR\",\"isPartOf\":{\"@id\":\"https:\/\/insurancecorp.com.br\/pt\/#website\"},\"primaryImageOfPage\":{\"@id\":\"https:\/\/insurancecorp.com.br\/pt\/2020\/08\/05\/grupo-bradesco-seguros-conta-com-nova-programacao-da-plataforma-com-voce\/#primaryimage\"},\"datePublished\":\"2020-08-05T12:49:21+00:00\",\"dateModified\":\"2020-08-05T12:49:21+00:00\",\"inLanguage\":\"pt-BR\",\"potentialAction\":[{\"@type\":\"ReadAction\",\"target\":[\"https:\/\/insurancecorp.com.br\/pt\/2020\/08\/05\/grupo-bradesco-seguros-conta-com-nova-programacao-da-plataforma-com-voce\/\"]}]},{\"@type\":\"Article\",\"@id\":\"https:\/\/insurancecorp.com.br\/pt\/2020\/08\/05\/grupo-bradesco-seguros-conta-com-nova-programacao-da-plataforma-com-voce\/#article\",\"isPartOf\":{\"@id\":\"https:\/\/insurancecorp.com.br\/pt\/2020\/08\/05\/grupo-bradesco-seguros-conta-com-nova-programacao-da-plataforma-com-voce\/#webpage\"},\"author\":{\"@id\":\"https:\/\/insurancecorp.com.br\/pt\/#\/schema\/person\/1b69c8cf325f0b7167f1b171f52df4af\"},\"headline\":\"Grupo Bradesco Seguros conta com nova programa\\u00e7\\u00e3o da plataforma \\u2018Com Voc\\u00ea\\u2019\",\"datePublished\":\"2020-08-05T12:49:21+00:00\",\"dateModified\":\"2020-08-05T12:49:21+00:00\",\"mainEntityOfPage\":{\"@id\":\"https:\/\/insurancecorp.com.br\/pt\/2020\/08\/05\/grupo-bradesco-seguros-conta-com-nova-programacao-da-plataforma-com-voce\/#webpage\"},\"commentCount\":0,\"publisher\":{\"@id\":\"https:\/\/insurancecorp.com.br\/pt\/#organization\"},\"image\":{\"@id\":\"https:\/\/insurancecorp.com.br\/pt\/2020\/08\/05\/grupo-bradesco-seguros-conta-com-nova-programacao-da-plataforma-com-voce\/#primaryimage\"},\"articleSection\":\"Bradesco Seguros\",\"inLanguage\":\"pt-BR\",\"potentialAction\":[{\"@type\":\"CommentAction\",\"name\":\"Comment\",\"target\":[\"https:\/\/insurancecorp.com.br\/pt\/2020\/08\/05\/grupo-bradesco-seguros-conta-com-nova-programacao-da-plataforma-com-voce\/#respond\"]}]},{\"@type\":\"Person\",\"@id\":\"https:\/\/insurancecorp.com.br\/pt\/#\/schema\/person\/1b69c8cf325f0b7167f1b171f52df4af\",\"name\":\"Publica\\u00e7\\u00e3o\",\"image\":{\"@type\":\"ImageObject\",\"@id\":\"https:\/\/insurancecorp.com.br\/pt\/#personlogo\",\"inLanguage\":\"pt-BR\",\"url\":\"https:\/\/secure.gravatar.com\/avatar\/17226f1f60486eb25d4c6b301ffed37f?s=96&d=mm&r=g\",\"caption\":\"Publica\\u00e7\\u00e3o\"}}]}<\/script>\n<!-- \/ Yoast SEO plugin. -->","_links":{"self":[{"href":"https:\/\/insurancecorp.com.br\/pt\/wp-json\/wp\/v2\/posts\/17837"}],"collection":[{"href":"https:\/\/insurancecorp.com.br\/pt\/wp-json\/wp\/v2\/posts"}],"about":[{"href":"https:\/\/insurancecorp.com.br\/pt\/wp-json\/wp\/v2\/types\/post"}],"author":[{"embeddable":true,"href":"https:\/\/insurancecorp.com.br\/pt\/wp-json\/wp\/v2\/users\/2"}],"replies":[{"embeddable":true,"href":"https:\/\/insurancecorp.com.br\/pt\/wp-json\/wp\/v2\/comments?post=17837"}],"version-history":[{"count":1,"href":"https:\/\/insurancecorp.com.br\/pt\/wp-json\/wp\/v2\/posts\/17837\/revisions"}],"predecessor-version":[{"id":17839,"href":"https:\/\/insurancecorp.com.br\/pt\/wp-json\/wp\/v2\/posts\/17837\/revisions\/17839"}],"wp:featuredmedia":[{"embeddable":true,"href":"https:\/\/insurancecorp.com.br\/pt\/wp-json\/wp\/v2\/media\/17838"}],"wp:attachment":[{"href":"https:\/\/insurancecorp.com.br\/pt\/wp-json\/wp\/v2\/media?parent=17837"}],"wp:term":[{"taxonomy":"category","embeddable":true,"href":"https:\/\/insurancecorp.com.br\/pt\/wp-json\/wp\/v2\/categories?post=17837"},{"taxonomy":"post_tag","embeddable":true,"href":"https:\/\/insurancecorp.com.br\/pt\/wp-json\/wp\/v2\/tags?post=17837"}],"curies":[{"name":"wp","href":"https:\/\/api.w.org\/{rel}","templated":true}]}}