{"id":17762,"date":"2020-07-31T16:42:08","date_gmt":"2020-07-31T19:42:08","guid":{"rendered":"https:\/\/insurancecorp.com.br\/pt\/?p=17762"},"modified":"2020-07-31T17:07:26","modified_gmt":"2020-07-31T20:07:26","slug":"bradesco-seguros-promove-live-com-daniel-cady-sobre-vida-saudavel","status":"publish","type":"post","link":"https:\/\/insurancecorp.com.br\/pt\/2020\/07\/31\/bradesco-seguros-promove-live-com-daniel-cady-sobre-vida-saudavel\/","title":{"rendered":"Bradesco Seguros promove live com Daniel Cady sobre vida saud\u00e1vel"},"content":{"rendered":"<p>Pandemia, distanciamento social, mudan\u00e7a no ritmo das rela\u00e7\u00f5es sociais e profissionais, todos esses fatores tendem a causar adapta\u00e7\u00f5es na rotina e contribuem para uma transforma\u00e7\u00e3o profunda na mente, no corpo e na alimenta\u00e7\u00e3o. Considerando todo esse cen\u00e1rio, a pr\u00f3xima live que integra a Plataforma \u2018Com Voc\u00ea\u2019, do Grupo Bradesco Seguros, tratar\u00e1 sobre &#8220;vida saud\u00e1vel em tempos de pandemia&#8221;.<\/p>\n<p>A transmiss\u00e3o ser\u00e1 na quinta-feira (06\/8), \u00e0s 18h, no Instagram e YouTube da Bradesco Seguros com a participa\u00e7\u00e3o do Daniel Cady &#8211; nutricionista e atleta amador, especializado em nutri\u00e7\u00e3o cl\u00ednica e esportiva, e ter\u00e1 media\u00e7\u00e3o do m\u00e9dico, geront\u00f3logo, presidente do ILC Brasil e consultor da Bradesco Seguros Alexandre Kalache.<\/p>\n<p>Durante a live, vai ser discutido o que pode ser feito para reduzir o abalo emocional em um per\u00edodo de pandemia e como criar estrat\u00e9gias para equilibrar escolhas saud\u00e1veis, exerc\u00edcios f\u00edsicos e cuidados com a alimenta\u00e7\u00e3o. &#8220;O nosso prop\u00f3sito \u00e9 continuar levando informa\u00e7\u00e3o sobre diferentes assuntos para a sociedade, incentivando o cuidado com o futuro, para que as pessoas vivam mais e melhor&#8221;, destaca Alexandre Nogueira &#8211; Diretor de Marketing do Grupo Bradesco Seguros.<\/p>\n<p>A a\u00e7\u00e3o faz parte da plataforma \u2018Com Voc\u00ea. Sempre\u2019, que refor\u00e7a a presen\u00e7a da seguradora em todos os momentos. As lives ser\u00e3o transmitidas a cada 15 dias, sempre \u00e0s 18h, nas redes sociais da seguradora ( @bradescoseguros).<\/p>\n<p><strong>Ideal H+K Strategies<\/strong><\/p>\n<p>Foto:\u00a0 Daniel Cady &#8211; nutricionista, especializado em nutri\u00e7\u00e3o cl\u00ednica e esportiva<\/p>\n","protected":false},"excerpt":{"rendered":"<p>Pandemia, distanciamento social, mudan\u00e7a no ritmo das rela\u00e7\u00f5es sociais e profissionais, todos esses fatores tendem a causar adapta\u00e7\u00f5es na rotina e contribuem para uma transforma\u00e7\u00e3o profunda na mente, no corpo e na alimenta\u00e7\u00e3o. Considerando todo esse cen\u00e1rio, a pr\u00f3xima live que integra a Plataforma \u2018Com Voc\u00ea\u2019, do Grupo Bradesco Seguros, tratar\u00e1 sobre &#8220;vida saud\u00e1vel em [&hellip;]<\/p>\n","protected":false},"author":2,"featured_media":17768,"comment_status":"open","ping_status":"open","sticky":false,"template":"","format":"standard","meta":[],"categories":[413],"tags":[],"jetpack_featured_media_url":"https:\/\/insurancecorp.com.br\/pt\/wp-content\/uploads\/2020\/07\/Evandro-Leiras-2.jpeg","yoast_head":"<!-- This site is optimized with the Yoast SEO plugin v14.8 - https:\/\/yoast.com\/wordpress\/plugins\/seo\/ -->\n<title>Bradesco Seguros promove live com Daniel Cady sobre vida saud\u00e1vel | Revista Insurance Corp | PT-BR<\/title>\n<meta name=\"robots\" content=\"index, follow\" \/>\n<meta name=\"googlebot\" content=\"index, follow, max-snippet:-1, max-image-preview:large, max-video-preview:-1\" \/>\n<meta name=\"bingbot\" content=\"index, follow, max-snippet:-1, max-image-preview:large, max-video-preview:-1\" \/>\n<link rel=\"canonical\" href=\"https:\/\/insurancecorp.com.br\/pt\/2020\/07\/31\/bradesco-seguros-promove-live-com-daniel-cady-sobre-vida-saudavel\/\" \/>\n<meta property=\"og:locale\" content=\"pt_BR\" \/>\n<meta property=\"og:type\" content=\"article\" \/>\n<meta property=\"og:title\" content=\"Bradesco Seguros promove live com Daniel Cady sobre vida saud\u00e1vel | Revista Insurance Corp | PT-BR\" \/>\n<meta property=\"og:description\" content=\"Pandemia, distanciamento social, mudan\u00e7a no ritmo das rela\u00e7\u00f5es sociais e profissionais, todos esses fatores tendem a causar adapta\u00e7\u00f5es na rotina e contribuem para uma transforma\u00e7\u00e3o profunda na mente, no corpo e na alimenta\u00e7\u00e3o. Considerando todo esse cen\u00e1rio, a pr\u00f3xima live que integra a Plataforma \u2018Com Voc\u00ea\u2019, do Grupo Bradesco Seguros, tratar\u00e1 sobre &#8220;vida saud\u00e1vel em [&hellip;]\" \/>\n<meta property=\"og:url\" content=\"https:\/\/insurancecorp.com.br\/pt\/2020\/07\/31\/bradesco-seguros-promove-live-com-daniel-cady-sobre-vida-saudavel\/\" \/>\n<meta property=\"og:site_name\" content=\"Revista Insurance Corp | PT-BR\" \/>\n<meta property=\"article:publisher\" content=\"https:\/\/www.facebook.com\/RevistaInsuranceCorp\/\" \/>\n<meta property=\"article:published_time\" content=\"2020-07-31T19:42:08+00:00\" \/>\n<meta property=\"article:modified_time\" content=\"2020-07-31T20:07:26+00:00\" \/>\n<meta property=\"og:image\" content=\"https:\/\/insurancecorp.com.br\/pt\/wp-content\/uploads\/2020\/07\/Evandro-Leiras-2.jpeg\" \/>\n\t<meta property=\"og:image:width\" content=\"1260\" \/>\n\t<meta property=\"og:image:height\" content=\"700\" \/>\n<meta name=\"twitter:card\" content=\"summary\" \/>\n<script type=\"application\/ld+json\" class=\"yoast-schema-graph\">{\"@context\":\"https:\/\/schema.org\",\"@graph\":[{\"@type\":\"Organization\",\"@id\":\"https:\/\/insurancecorp.com.br\/pt\/#organization\",\"name\":\"Revista Insurance Corp\",\"url\":\"https:\/\/insurancecorp.com.br\/pt\/\",\"sameAs\":[\"https:\/\/www.facebook.com\/RevistaInsuranceCorp\/\"],\"logo\":{\"@type\":\"ImageObject\",\"@id\":\"https:\/\/insurancecorp.com.br\/pt\/#logo\",\"inLanguage\":\"pt-BR\",\"url\":\"\",\"caption\":\"Revista Insurance Corp\"},\"image\":{\"@id\":\"https:\/\/insurancecorp.com.br\/pt\/#logo\"}},{\"@type\":\"WebSite\",\"@id\":\"https:\/\/insurancecorp.com.br\/pt\/#website\",\"url\":\"https:\/\/insurancecorp.com.br\/pt\/\",\"name\":\"Revista Insurance Corp | PT-BR\",\"description\":\"A \\u00fanica revista bil\\u00edngue voltada ao mercado de seguro.\",\"publisher\":{\"@id\":\"https:\/\/insurancecorp.com.br\/pt\/#organization\"},\"potentialAction\":[{\"@type\":\"SearchAction\",\"target\":\"https:\/\/insurancecorp.com.br\/pt\/?s={search_term_string}\",\"query-input\":\"required name=search_term_string\"}],\"inLanguage\":\"pt-BR\"},{\"@type\":\"ImageObject\",\"@id\":\"https:\/\/insurancecorp.com.br\/pt\/2020\/07\/31\/bradesco-seguros-promove-live-com-daniel-cady-sobre-vida-saudavel\/#primaryimage\",\"inLanguage\":\"pt-BR\",\"url\":\"https:\/\/insurancecorp.com.br\/pt\/wp-content\/uploads\/2020\/07\/Evandro-Leiras-2.jpeg\",\"width\":1260,\"height\":700},{\"@type\":\"WebPage\",\"@id\":\"https:\/\/insurancecorp.com.br\/pt\/2020\/07\/31\/bradesco-seguros-promove-live-com-daniel-cady-sobre-vida-saudavel\/#webpage\",\"url\":\"https:\/\/insurancecorp.com.br\/pt\/2020\/07\/31\/bradesco-seguros-promove-live-com-daniel-cady-sobre-vida-saudavel\/\",\"name\":\"Bradesco Seguros promove live com Daniel Cady sobre vida saud\\u00e1vel | Revista Insurance Corp | PT-BR\",\"isPartOf\":{\"@id\":\"https:\/\/insurancecorp.com.br\/pt\/#website\"},\"primaryImageOfPage\":{\"@id\":\"https:\/\/insurancecorp.com.br\/pt\/2020\/07\/31\/bradesco-seguros-promove-live-com-daniel-cady-sobre-vida-saudavel\/#primaryimage\"},\"datePublished\":\"2020-07-31T19:42:08+00:00\",\"dateModified\":\"2020-07-31T20:07:26+00:00\",\"inLanguage\":\"pt-BR\",\"potentialAction\":[{\"@type\":\"ReadAction\",\"target\":[\"https:\/\/insurancecorp.com.br\/pt\/2020\/07\/31\/bradesco-seguros-promove-live-com-daniel-cady-sobre-vida-saudavel\/\"]}]},{\"@type\":\"Article\",\"@id\":\"https:\/\/insurancecorp.com.br\/pt\/2020\/07\/31\/bradesco-seguros-promove-live-com-daniel-cady-sobre-vida-saudavel\/#article\",\"isPartOf\":{\"@id\":\"https:\/\/insurancecorp.com.br\/pt\/2020\/07\/31\/bradesco-seguros-promove-live-com-daniel-cady-sobre-vida-saudavel\/#webpage\"},\"author\":{\"@id\":\"https:\/\/insurancecorp.com.br\/pt\/#\/schema\/person\/1b69c8cf325f0b7167f1b171f52df4af\"},\"headline\":\"Bradesco Seguros promove live com Daniel Cady sobre vida saud\\u00e1vel\",\"datePublished\":\"2020-07-31T19:42:08+00:00\",\"dateModified\":\"2020-07-31T20:07:26+00:00\",\"mainEntityOfPage\":{\"@id\":\"https:\/\/insurancecorp.com.br\/pt\/2020\/07\/31\/bradesco-seguros-promove-live-com-daniel-cady-sobre-vida-saudavel\/#webpage\"},\"commentCount\":0,\"publisher\":{\"@id\":\"https:\/\/insurancecorp.com.br\/pt\/#organization\"},\"image\":{\"@id\":\"https:\/\/insurancecorp.com.br\/pt\/2020\/07\/31\/bradesco-seguros-promove-live-com-daniel-cady-sobre-vida-saudavel\/#primaryimage\"},\"articleSection\":\"Bradesco Seguros\",\"inLanguage\":\"pt-BR\",\"potentialAction\":[{\"@type\":\"CommentAction\",\"name\":\"Comment\",\"target\":[\"https:\/\/insurancecorp.com.br\/pt\/2020\/07\/31\/bradesco-seguros-promove-live-com-daniel-cady-sobre-vida-saudavel\/#respond\"]}]},{\"@type\":\"Person\",\"@id\":\"https:\/\/insurancecorp.com.br\/pt\/#\/schema\/person\/1b69c8cf325f0b7167f1b171f52df4af\",\"name\":\"Publica\\u00e7\\u00e3o\",\"image\":{\"@type\":\"ImageObject\",\"@id\":\"https:\/\/insurancecorp.com.br\/pt\/#personlogo\",\"inLanguage\":\"pt-BR\",\"url\":\"https:\/\/secure.gravatar.com\/avatar\/17226f1f60486eb25d4c6b301ffed37f?s=96&d=mm&r=g\",\"caption\":\"Publica\\u00e7\\u00e3o\"}}]}<\/script>\n<!-- \/ Yoast SEO plugin. -->","_links":{"self":[{"href":"https:\/\/insurancecorp.com.br\/pt\/wp-json\/wp\/v2\/posts\/17762"}],"collection":[{"href":"https:\/\/insurancecorp.com.br\/pt\/wp-json\/wp\/v2\/posts"}],"about":[{"href":"https:\/\/insurancecorp.com.br\/pt\/wp-json\/wp\/v2\/types\/post"}],"author":[{"embeddable":true,"href":"https:\/\/insurancecorp.com.br\/pt\/wp-json\/wp\/v2\/users\/2"}],"replies":[{"embeddable":true,"href":"https:\/\/insurancecorp.com.br\/pt\/wp-json\/wp\/v2\/comments?post=17762"}],"version-history":[{"count":3,"href":"https:\/\/insurancecorp.com.br\/pt\/wp-json\/wp\/v2\/posts\/17762\/revisions"}],"predecessor-version":[{"id":17769,"href":"https:\/\/insurancecorp.com.br\/pt\/wp-json\/wp\/v2\/posts\/17762\/revisions\/17769"}],"wp:featuredmedia":[{"embeddable":true,"href":"https:\/\/insurancecorp.com.br\/pt\/wp-json\/wp\/v2\/media\/17768"}],"wp:attachment":[{"href":"https:\/\/insurancecorp.com.br\/pt\/wp-json\/wp\/v2\/media?parent=17762"}],"wp:term":[{"taxonomy":"category","embeddable":true,"href":"https:\/\/insurancecorp.com.br\/pt\/wp-json\/wp\/v2\/categories?post=17762"},{"taxonomy":"post_tag","embeddable":true,"href":"https:\/\/insurancecorp.com.br\/pt\/wp-json\/wp\/v2\/tags?post=17762"}],"curies":[{"name":"wp","href":"https:\/\/api.w.org\/{rel}","templated":true}]}}