{"id":17750,"date":"2020-07-31T12:09:35","date_gmt":"2020-07-31T15:09:35","guid":{"rendered":"https:\/\/insurancecorp.com.br\/pt\/?p=17750"},"modified":"2020-07-31T12:10:12","modified_gmt":"2020-07-31T15:10:12","slug":"bradesco-investe-na-saude-mental-dos-funcionarios-e-acoes-para-o-cenario-de-pandemia","status":"publish","type":"post","link":"https:\/\/insurancecorp.com.br\/pt\/2020\/07\/31\/bradesco-investe-na-saude-mental-dos-funcionarios-e-acoes-para-o-cenario-de-pandemia\/","title":{"rendered":"Bradesco investe na sa\u00fade mental dos funcion\u00e1rios e a\u00e7\u00f5es para o cen\u00e1rio de pandemia"},"content":{"rendered":"<p>Investir em bem-estar e sa\u00fade s\u00e3o fatores essenciais no ambiente corporativo &#8211; quando a organiza\u00e7\u00e3o apoia o funcion\u00e1rio, gera prop\u00f3sito e fortalece a cultura corporativa. No Grupo Bradesco Seguros, o pilar longevidade associado \u00e0 qualidade de vida \u00e9 uma premissa indispens\u00e1vel para que as pessoas possam viver mais e melhor, por isso a seguradora passou a oferecer uma s\u00e9rie de a\u00e7\u00f5es voltados \u00e0 sa\u00fade e bem-estar dos funcion\u00e1rios.<br \/>\n&#8220;A inten\u00e7\u00e3o \u00e9 oferecer cada vez mais um ambiente de trabalho agrad\u00e1vel, acolhedor e social, para que os times possam interagir e falar das suas vulnerabilidades, promovendo mais aceita\u00e7\u00e3o e pertencimento. Na Bradesco Seguros, o capital humano \u00e9 um valor estrat\u00e9gico essencial para sua miss\u00e3o. Por isso, acreditamos que \u00e9 importante promover di\u00e1logo entre as equipes, inserindo o funcion\u00e1rio em um ambiente acolhedor&#8221;, afirma Valdirene Soares &#8211; diretora de Recursos Humanos no Grupo Bradesco Seguros.<br \/>\nConfira algumas iniciativas adotadas pela companhia, adaptadas para o meio digital durante o per\u00edodo de pandemia, al\u00e9m de a\u00e7\u00f5es desenhadas especialmente para gerenciar as emo\u00e7\u00f5es no novo modelo de trabalho em regime home office.<br \/>\n<strong>Programa Voc\u00ea em Foco<\/strong><br \/>\nA Bradesco Seguros conta com o Programa Voc\u00ea em Foco, ciclo de palestras que promovem conscientiza\u00e7\u00e3o a partir de quatro vertentes: autoconhecimento, sa\u00fade, qualidade de vida e bem-estar. Percebendo a boa ades\u00e3o dos funcion\u00e1rios \u00e0s palestras do programa, a empresa passou a estender o conte\u00fado desses encontros para os familiares, amigos e parceiros de neg\u00f3cios. Durante o per\u00edodo de isolamento social, as palestras est\u00e3o sendo realizadas pelas plataformas virtuais abordando temas, como: jornada emocional; gest\u00e3o de tempo e humaniza\u00e7\u00e3o nas rela\u00e7\u00f5es \u00e0 dist\u00e2ncia; a import\u00e2ncia da sensibilidade e aten\u00e7\u00e3o aos aspectos humanos e emocionais no momento atual. Alguns treinamentos, palestras e eventos virtuais do programa j\u00e1 foram liderados por nomes como: Pedro Calabrez, Monje Satyanatha, Mariana Ferr\u00e3o, Nat\u00e1lia Leite, Carla Tieppo, e Rossandro Klinjey.<br \/>\n<strong>V\u00eddeos semanais do Monge Satyanatha<\/strong><br \/>\nOs desafios da quarentena, em consequ\u00eancia da pandemia da Covid-19, pedem cuidados especiais com a sa\u00fade emocional e f\u00edsica. Para ajudar os times a manter a qualidade de vida durante a quarentena, a seguradora disponibilizou uma s\u00e9rie de v\u00eddeos de medita\u00e7\u00e3o com o Monge Satyanatha produzidos exclusivamente para os funcion\u00e1rios, e parceiros de neg\u00f3cios da Bradesco Seguros. O conte\u00fado re\u00fane orienta\u00e7\u00f5es sobre como lidar com sentimentos e emo\u00e7\u00f5es no isolamento social, dicas de respira\u00e7\u00e3o, entre outras t\u00e9cnicas.<br \/>\n<strong>Treinamento de Mindfulness<\/strong><br \/>\nA companhia tamb\u00e9m implementou o treinamento de Mindfulness, t\u00e9cnica que traz \u00f3timos benef\u00edcios para a sa\u00fade f\u00edsica e mental; um treino de concentra\u00e7\u00e3o focado no presente, que proporciona uma consci\u00eancia plena de todas as emo\u00e7\u00f5es e sensa\u00e7\u00f5es. Ministrado pela consultoria Lotus Godiva, o programa tem oito semanas, sendo cada sess\u00e3o com duas horas de dura\u00e7\u00e3o, aplicada durante o per\u00edodo de trabalho uma vez por semana. Cada sess\u00e3o conta em m\u00e9dia com 30 funcion\u00e1rios que marcam presen\u00e7a na sala de medita\u00e7\u00e3o com grupos fixos. Durante o per\u00edodo de pandemia, a iniciativa foi adaptada para o ambiente virtual.<br \/>\n<strong>LIG VIVA BEM<\/strong><br \/>\nCom foco no bem-estar das equipes, a Bradesco Seguros tamb\u00e9m disponibiliza o \u2018LIG Viva Bem\u2019, um servi\u00e7o de atendimento psicol\u00f3gico profissional confidencial da Organiza\u00e7\u00e3o Bradesco. O programa fornece orienta\u00e7\u00e3o e aconselhamento para os funcion\u00e1rios e seus dependentes. A iniciativa surgiu com a proposta de resolver problemas pessoais, familiares, legais e financeiros fora do ambiente de trabalho, para assim, diminuir o impacto de determinadas quest\u00f5es do dia a dia.<br \/>\n<strong>Programa Voc\u00ea Transforma<\/strong><br \/>\nO programa Voc\u00ea Transforma promove a inclus\u00e3o de todos os funcion\u00e1rios da organiza\u00e7\u00e3o na cultura digital, estimulando novas ideias e a conex\u00e3o entre diferentes \u00e1reas, gera\u00e7\u00f5es e n\u00edveis hier\u00e1rquicos da empresa. O programa iniciou com o objetivo de construir um ambiente de inova\u00e7\u00e3o e colabora\u00e7\u00e3o a partir da transforma\u00e7\u00e3o pessoal das equipes. Como fruto desse Programa lan\u00e7amos em mar\u00e7o de 2020, no in\u00edcio do isolamento social, a vers\u00e3o virtual do &#8220;Voc\u00ea Conectado&#8221;, ciclo de palestras sobre transforma\u00e7\u00e3o digital para todos os funcion\u00e1rios, familiares, amigos e parceiros de neg\u00f3cios. J\u00e1 participaram desse evento, Jos\u00e9 Cl\u00e1udio Securato, professor da Saint Paul &#8211; Escola de Neg\u00f3cios, Andrea Iorio, Fundador da Metanoia Lab e Martha Gabriel, futurista, autora dos best sellers &#8220;Marketing na Era Digital&#8221;, &#8220;Educar a (R)Evolu\u00e7\u00e3o Digital na Educa\u00e7\u00e3o&#8221; e &#8220;Voc\u00ea, Eu e os Rob\u00f4s&#8221;.<br \/>\n&#8220;No \u00faltimo bate-papo, contamos com a participa\u00e7\u00e3o de Martha Gabriel e Rossandro Klinjey, em uma conversa descontra\u00edda e ao mesmo tempo trazendo muita profundidade para o tema das &#8220;Rela\u00e7\u00f5es Humanas e a Transforma\u00e7\u00e3o Digital&#8221;, provocando reflex\u00f5es e insights nas equipes. Al\u00e9m de evidenciar que o futuro est\u00e1 nesse momento, no nosso presente; e que a hibridiza\u00e7\u00e3o do humano com o tecnol\u00f3gico; o exerc\u00edcio di\u00e1rio da disciplina, pensamento cr\u00edtico, resili\u00eancia e empatia permitir\u00e1 sermos seres humanos ainda melhores&#8221;, detalha Valdirene.<br \/>\n<strong>Live para corretores<\/strong><br \/>\nPensando em oferecer apoio aos parceiros de neg\u00f3cios, a Bradesco Seguros tamb\u00e9m vem promovendo lives especiais para as equipes comerciais da companhia e corretores de seguros de todo o Brasil. A \u00faltima palestra contou com a participa\u00e7\u00e3o da palestrante, Branca Bar\u00e3o, professora e especialista em Programa\u00e7\u00e3o Neurolingu\u00edstica. A live tratou sobre temas comportamentais com foco no indiv\u00edduo e nas suas rela\u00e7\u00f5es no ambiente de trabalho, destacando a necessidade transforma\u00e7\u00e3o e reinven\u00e7\u00e3o pessoal. Al\u00e9m disso, tamb\u00e9m abordou temas como gest\u00e3o emocional, protagonismo e novos caminhos para a oferta de seguros no contexto da pandemia. Pontos importantes para auxiliar o corretor a inovar no cen\u00e1rio atual.<br \/>\n<strong>Treinamentos corporativos<\/strong><br \/>\nA seguradora tamb\u00e9m ampliou o uso dos treinamentos a dist\u00e2ncia, por meio da parceria entre UniverSeg e Unibrad, a fim de tornar o trabalho das equipes mais \u00e1geis e intuitivos. Os n\u00fameros demonstram o alto engajamento das \u00e1reas: em junho foram 11.522 participa\u00e7\u00f5es, incluindo funcion\u00e1rios, corretores e parceiros de neg\u00f3cios. &#8220;Adaptamos os processos de capacita\u00e7\u00e3o, oferecendo conte\u00fados que atendessem exatamente ao momento que estamos vivendo. Al\u00e9m disso, implementamos diferentes formatos para transmiss\u00e3o como, por exemplo: videoconfer\u00eancias, webinars; entre outros formatos&#8221;, explica a diretora de Recursos Humanos.<\/p>\n<p><strong>Ideal H+K Strategies <\/strong><\/p>\n","protected":false},"excerpt":{"rendered":"<p>Investir em bem-estar e sa\u00fade s\u00e3o fatores essenciais no ambiente corporativo &#8211; quando a organiza\u00e7\u00e3o apoia o funcion\u00e1rio, gera prop\u00f3sito e fortalece a cultura corporativa. No Grupo Bradesco Seguros, o pilar longevidade associado \u00e0 qualidade de vida \u00e9 uma premissa indispens\u00e1vel para que as pessoas possam viver mais e melhor, por isso a seguradora passou [&hellip;]<\/p>\n","protected":false},"author":2,"featured_media":17751,"comment_status":"open","ping_status":"open","sticky":false,"template":"","format":"standard","meta":[],"categories":[413],"tags":[],"jetpack_featured_media_url":"https:\/\/insurancecorp.com.br\/pt\/wp-content\/uploads\/2020\/07\/Visao_geral-1-5.png","yoast_head":"<!-- This site is optimized with the Yoast SEO plugin v14.8 - https:\/\/yoast.com\/wordpress\/plugins\/seo\/ -->\n<title>Bradesco investe na sa\u00fade mental dos funcion\u00e1rios e a\u00e7\u00f5es para o cen\u00e1rio de pandemia | Revista Insurance Corp | PT-BR<\/title>\n<meta name=\"robots\" content=\"index, follow\" \/>\n<meta name=\"googlebot\" content=\"index, follow, max-snippet:-1, max-image-preview:large, max-video-preview:-1\" \/>\n<meta name=\"bingbot\" content=\"index, follow, max-snippet:-1, max-image-preview:large, max-video-preview:-1\" \/>\n<link rel=\"canonical\" href=\"https:\/\/insurancecorp.com.br\/pt\/2020\/07\/31\/bradesco-investe-na-saude-mental-dos-funcionarios-e-acoes-para-o-cenario-de-pandemia\/\" \/>\n<meta property=\"og:locale\" content=\"pt_BR\" \/>\n<meta property=\"og:type\" content=\"article\" \/>\n<meta property=\"og:title\" content=\"Bradesco investe na sa\u00fade mental dos funcion\u00e1rios e a\u00e7\u00f5es para o cen\u00e1rio de pandemia | Revista Insurance Corp | PT-BR\" \/>\n<meta property=\"og:description\" content=\"Investir em bem-estar e sa\u00fade s\u00e3o fatores essenciais no ambiente corporativo &#8211; quando a organiza\u00e7\u00e3o apoia o funcion\u00e1rio, gera prop\u00f3sito e fortalece a cultura corporativa. No Grupo Bradesco Seguros, o pilar longevidade associado \u00e0 qualidade de vida \u00e9 uma premissa indispens\u00e1vel para que as pessoas possam viver mais e melhor, por isso a seguradora passou [&hellip;]\" \/>\n<meta property=\"og:url\" content=\"https:\/\/insurancecorp.com.br\/pt\/2020\/07\/31\/bradesco-investe-na-saude-mental-dos-funcionarios-e-acoes-para-o-cenario-de-pandemia\/\" \/>\n<meta property=\"og:site_name\" content=\"Revista Insurance Corp | PT-BR\" \/>\n<meta property=\"article:publisher\" content=\"https:\/\/www.facebook.com\/RevistaInsuranceCorp\/\" \/>\n<meta property=\"article:published_time\" content=\"2020-07-31T15:09:35+00:00\" \/>\n<meta property=\"article:modified_time\" content=\"2020-07-31T15:10:12+00:00\" \/>\n<meta property=\"og:image\" content=\"https:\/\/insurancecorp.com.br\/pt\/wp-content\/uploads\/2020\/07\/Visao_geral-1-5.png\" \/>\n\t<meta property=\"og:image:width\" content=\"363\" \/>\n\t<meta property=\"og:image:height\" content=\"139\" \/>\n<meta name=\"twitter:card\" content=\"summary\" \/>\n<script type=\"application\/ld+json\" class=\"yoast-schema-graph\">{\"@context\":\"https:\/\/schema.org\",\"@graph\":[{\"@type\":\"Organization\",\"@id\":\"https:\/\/insurancecorp.com.br\/pt\/#organization\",\"name\":\"Revista Insurance Corp\",\"url\":\"https:\/\/insurancecorp.com.br\/pt\/\",\"sameAs\":[\"https:\/\/www.facebook.com\/RevistaInsuranceCorp\/\"],\"logo\":{\"@type\":\"ImageObject\",\"@id\":\"https:\/\/insurancecorp.com.br\/pt\/#logo\",\"inLanguage\":\"pt-BR\",\"url\":\"\",\"caption\":\"Revista Insurance Corp\"},\"image\":{\"@id\":\"https:\/\/insurancecorp.com.br\/pt\/#logo\"}},{\"@type\":\"WebSite\",\"@id\":\"https:\/\/insurancecorp.com.br\/pt\/#website\",\"url\":\"https:\/\/insurancecorp.com.br\/pt\/\",\"name\":\"Revista Insurance Corp | PT-BR\",\"description\":\"A \\u00fanica revista bil\\u00edngue voltada ao mercado de seguro.\",\"publisher\":{\"@id\":\"https:\/\/insurancecorp.com.br\/pt\/#organization\"},\"potentialAction\":[{\"@type\":\"SearchAction\",\"target\":\"https:\/\/insurancecorp.com.br\/pt\/?s={search_term_string}\",\"query-input\":\"required name=search_term_string\"}],\"inLanguage\":\"pt-BR\"},{\"@type\":\"ImageObject\",\"@id\":\"https:\/\/insurancecorp.com.br\/pt\/2020\/07\/31\/bradesco-investe-na-saude-mental-dos-funcionarios-e-acoes-para-o-cenario-de-pandemia\/#primaryimage\",\"inLanguage\":\"pt-BR\",\"url\":\"https:\/\/insurancecorp.com.br\/pt\/wp-content\/uploads\/2020\/07\/Visao_geral-1-5.png\",\"width\":363,\"height\":139},{\"@type\":\"WebPage\",\"@id\":\"https:\/\/insurancecorp.com.br\/pt\/2020\/07\/31\/bradesco-investe-na-saude-mental-dos-funcionarios-e-acoes-para-o-cenario-de-pandemia\/#webpage\",\"url\":\"https:\/\/insurancecorp.com.br\/pt\/2020\/07\/31\/bradesco-investe-na-saude-mental-dos-funcionarios-e-acoes-para-o-cenario-de-pandemia\/\",\"name\":\"Bradesco investe na sa\\u00fade mental dos funcion\\u00e1rios e a\\u00e7\\u00f5es para o cen\\u00e1rio de pandemia | Revista Insurance Corp | PT-BR\",\"isPartOf\":{\"@id\":\"https:\/\/insurancecorp.com.br\/pt\/#website\"},\"primaryImageOfPage\":{\"@id\":\"https:\/\/insurancecorp.com.br\/pt\/2020\/07\/31\/bradesco-investe-na-saude-mental-dos-funcionarios-e-acoes-para-o-cenario-de-pandemia\/#primaryimage\"},\"datePublished\":\"2020-07-31T15:09:35+00:00\",\"dateModified\":\"2020-07-31T15:10:12+00:00\",\"inLanguage\":\"pt-BR\",\"potentialAction\":[{\"@type\":\"ReadAction\",\"target\":[\"https:\/\/insurancecorp.com.br\/pt\/2020\/07\/31\/bradesco-investe-na-saude-mental-dos-funcionarios-e-acoes-para-o-cenario-de-pandemia\/\"]}]},{\"@type\":\"Article\",\"@id\":\"https:\/\/insurancecorp.com.br\/pt\/2020\/07\/31\/bradesco-investe-na-saude-mental-dos-funcionarios-e-acoes-para-o-cenario-de-pandemia\/#article\",\"isPartOf\":{\"@id\":\"https:\/\/insurancecorp.com.br\/pt\/2020\/07\/31\/bradesco-investe-na-saude-mental-dos-funcionarios-e-acoes-para-o-cenario-de-pandemia\/#webpage\"},\"author\":{\"@id\":\"https:\/\/insurancecorp.com.br\/pt\/#\/schema\/person\/1b69c8cf325f0b7167f1b171f52df4af\"},\"headline\":\"Bradesco investe na sa\\u00fade mental dos funcion\\u00e1rios e a\\u00e7\\u00f5es para o cen\\u00e1rio de pandemia\",\"datePublished\":\"2020-07-31T15:09:35+00:00\",\"dateModified\":\"2020-07-31T15:10:12+00:00\",\"mainEntityOfPage\":{\"@id\":\"https:\/\/insurancecorp.com.br\/pt\/2020\/07\/31\/bradesco-investe-na-saude-mental-dos-funcionarios-e-acoes-para-o-cenario-de-pandemia\/#webpage\"},\"commentCount\":0,\"publisher\":{\"@id\":\"https:\/\/insurancecorp.com.br\/pt\/#organization\"},\"image\":{\"@id\":\"https:\/\/insurancecorp.com.br\/pt\/2020\/07\/31\/bradesco-investe-na-saude-mental-dos-funcionarios-e-acoes-para-o-cenario-de-pandemia\/#primaryimage\"},\"articleSection\":\"Bradesco Seguros\",\"inLanguage\":\"pt-BR\",\"potentialAction\":[{\"@type\":\"CommentAction\",\"name\":\"Comment\",\"target\":[\"https:\/\/insurancecorp.com.br\/pt\/2020\/07\/31\/bradesco-investe-na-saude-mental-dos-funcionarios-e-acoes-para-o-cenario-de-pandemia\/#respond\"]}]},{\"@type\":\"Person\",\"@id\":\"https:\/\/insurancecorp.com.br\/pt\/#\/schema\/person\/1b69c8cf325f0b7167f1b171f52df4af\",\"name\":\"Publica\\u00e7\\u00e3o\",\"image\":{\"@type\":\"ImageObject\",\"@id\":\"https:\/\/insurancecorp.com.br\/pt\/#personlogo\",\"inLanguage\":\"pt-BR\",\"url\":\"https:\/\/secure.gravatar.com\/avatar\/17226f1f60486eb25d4c6b301ffed37f?s=96&d=mm&r=g\",\"caption\":\"Publica\\u00e7\\u00e3o\"}}]}<\/script>\n<!-- \/ Yoast SEO plugin. -->","_links":{"self":[{"href":"https:\/\/insurancecorp.com.br\/pt\/wp-json\/wp\/v2\/posts\/17750"}],"collection":[{"href":"https:\/\/insurancecorp.com.br\/pt\/wp-json\/wp\/v2\/posts"}],"about":[{"href":"https:\/\/insurancecorp.com.br\/pt\/wp-json\/wp\/v2\/types\/post"}],"author":[{"embeddable":true,"href":"https:\/\/insurancecorp.com.br\/pt\/wp-json\/wp\/v2\/users\/2"}],"replies":[{"embeddable":true,"href":"https:\/\/insurancecorp.com.br\/pt\/wp-json\/wp\/v2\/comments?post=17750"}],"version-history":[{"count":1,"href":"https:\/\/insurancecorp.com.br\/pt\/wp-json\/wp\/v2\/posts\/17750\/revisions"}],"predecessor-version":[{"id":17752,"href":"https:\/\/insurancecorp.com.br\/pt\/wp-json\/wp\/v2\/posts\/17750\/revisions\/17752"}],"wp:featuredmedia":[{"embeddable":true,"href":"https:\/\/insurancecorp.com.br\/pt\/wp-json\/wp\/v2\/media\/17751"}],"wp:attachment":[{"href":"https:\/\/insurancecorp.com.br\/pt\/wp-json\/wp\/v2\/media?parent=17750"}],"wp:term":[{"taxonomy":"category","embeddable":true,"href":"https:\/\/insurancecorp.com.br\/pt\/wp-json\/wp\/v2\/categories?post=17750"},{"taxonomy":"post_tag","embeddable":true,"href":"https:\/\/insurancecorp.com.br\/pt\/wp-json\/wp\/v2\/tags?post=17750"}],"curies":[{"name":"wp","href":"https:\/\/api.w.org\/{rel}","templated":true}]}}