{"id":17649,"date":"2020-07-29T12:46:37","date_gmt":"2020-07-29T15:46:37","guid":{"rendered":"https:\/\/insurancecorp.com.br\/pt\/?p=17649"},"modified":"2020-07-29T12:51:36","modified_gmt":"2020-07-29T15:51:36","slug":"alejandro-moran-assume-a-posicao-de-socio-de-seguros-e-saude-da-everis-brasil","status":"publish","type":"post","link":"https:\/\/insurancecorp.com.br\/pt\/2020\/07\/29\/alejandro-moran-assume-a-posicao-de-socio-de-seguros-e-saude-da-everis-brasil\/","title":{"rendered":"Alejandro Mor\u00e1n assume a posi\u00e7\u00e3o de s\u00f3cio de Seguros e Sa\u00fade da everis Brasil"},"content":{"rendered":"<p>A everis, consultoria de Neg\u00f3cios e TI, do Grupo NTT Data, anuncia que Alejandro Mor\u00e1n, que hoje ocupa a posi\u00e7\u00e3o de s\u00f3cio global dos setores P\u00fablico e de Sa\u00fade e de s\u00f3cio de Seguros nas Am\u00e9ricas, assume tamb\u00e9m o cargo de s\u00f3cio respons\u00e1vel pelos mercados de Seguros e de Sa\u00fade do Brasil.<\/p>\n<p>Com mais de 20 anos de experi\u00eancia como consultor, sendo 14 deles na everis, Mor\u00e1n ter\u00e1 agora o desafio de tornar a everis refer\u00eancia na transforma\u00e7\u00e3o digital das empresas de seguros e de sa\u00fade no Brasil, al\u00e9m de contribuir para acelerar as mudan\u00e7as necess\u00e1rias para que ambos os setores se adaptem \u00e0 nova realidade p\u00f3s-COVID19.<\/p>\n<p>O Brasil \u00e9 um pa\u00eds estrat\u00e9gico para a everis nas Am\u00e9ricas, cujas empresas est\u00e3o intensificando seus investimentos em transforma\u00e7\u00e3o digital. Por isto, considero a oportunidade de trabalhar e viver aqui ser\u00e1 excelente, pois tenho muito a contribuir para expandir a presen\u00e7a da everis nestes mercados, devido ao nosso potencial de promover inova\u00e7\u00e3o e maior efici\u00eancia de gest\u00e3o&#8221;, afirma Mor\u00e1n.<\/p>\n<p>Em sua atua\u00e7\u00e3o na everis, o executivo assumiu a posi\u00e7\u00e3o de s\u00f3cio global dos setores P\u00fablico e de Sa\u00fade em 2018 e recentemente do setor de Seguros nas Am\u00e9ricas, tendo passado anteriormente pelas fun\u00e7\u00f5es de diretor geral da everis Gal\u00edcia, na Espanha, diretor dos setores P\u00fablico e de Sa\u00fade na everis Chile e depois da everis para as Am\u00e9ricas.<\/p>\n<p>Mor\u00e1n tem sua carreira fortemente focada nos setores P\u00fablico, de Sa\u00fade e de Seguros, sendo um consultor especializado na avalia\u00e7\u00e3o, desenvolvimento e moderniza\u00e7\u00e3o de pol\u00edticas p\u00fablicas. Em sua trajet\u00f3ria j\u00e1 assessorou governos e empresas da Europa e da Am\u00e9rica Latina a adotar estrat\u00e9gias inovadoras e eficientes de gest\u00e3o para aperfei\u00e7oamento dos servi\u00e7os prestados \u00e0 popula\u00e7\u00e3o.<\/p>\n<p>Antes da everis, Mor\u00e1n, que \u00e9 graduado em Engenharia de Telecomunica\u00e7\u00f5es pela Universidade Vigo na Espanha, passou pelas empresas Soluziona (agora Indra), onde ocupou diferentes cargos diretivos vinculados \u00e0 consultaria em estrat\u00e9gia tecnol\u00f3gica.<br \/>\n<strong>Market21 Comunica\u00e7\u00e3o &amp; Marketing<\/strong><\/p>\n","protected":false},"excerpt":{"rendered":"<p>A everis, consultoria de Neg\u00f3cios e TI, do Grupo NTT Data, anuncia que Alejandro Mor\u00e1n, que hoje ocupa a posi\u00e7\u00e3o de s\u00f3cio global dos setores P\u00fablico e de Sa\u00fade e de s\u00f3cio de Seguros nas Am\u00e9ricas, assume tamb\u00e9m o cargo de s\u00f3cio respons\u00e1vel pelos mercados de Seguros e de Sa\u00fade do Brasil. Com mais de [&hellip;]<\/p>\n","protected":false},"author":2,"featured_media":17650,"comment_status":"open","ping_status":"open","sticky":false,"template":"","format":"standard","meta":[],"categories":[387],"tags":[],"jetpack_featured_media_url":"https:\/\/insurancecorp.com.br\/pt\/wp-content\/uploads\/2020\/07\/3-TI-online-6.png","yoast_head":"<!-- This site is optimized with the Yoast SEO plugin v14.8 - https:\/\/yoast.com\/wordpress\/plugins\/seo\/ -->\n<title>Alejandro Mor\u00e1n assume a posi\u00e7\u00e3o de s\u00f3cio de Seguros e Sa\u00fade da everis Brasil | Revista Insurance Corp | PT-BR<\/title>\n<meta name=\"robots\" content=\"index, follow\" \/>\n<meta name=\"googlebot\" content=\"index, follow, max-snippet:-1, max-image-preview:large, max-video-preview:-1\" \/>\n<meta name=\"bingbot\" content=\"index, follow, max-snippet:-1, max-image-preview:large, max-video-preview:-1\" \/>\n<link rel=\"canonical\" href=\"https:\/\/insurancecorp.com.br\/pt\/2020\/07\/29\/alejandro-moran-assume-a-posicao-de-socio-de-seguros-e-saude-da-everis-brasil\/\" \/>\n<meta property=\"og:locale\" content=\"pt_BR\" \/>\n<meta property=\"og:type\" content=\"article\" \/>\n<meta property=\"og:title\" content=\"Alejandro Mor\u00e1n assume a posi\u00e7\u00e3o de s\u00f3cio de Seguros e Sa\u00fade da everis Brasil | Revista Insurance Corp | PT-BR\" \/>\n<meta property=\"og:description\" content=\"A everis, consultoria de Neg\u00f3cios e TI, do Grupo NTT Data, anuncia que Alejandro Mor\u00e1n, que hoje ocupa a posi\u00e7\u00e3o de s\u00f3cio global dos setores P\u00fablico e de Sa\u00fade e de s\u00f3cio de Seguros nas Am\u00e9ricas, assume tamb\u00e9m o cargo de s\u00f3cio respons\u00e1vel pelos mercados de Seguros e de Sa\u00fade do Brasil. Com mais de [&hellip;]\" \/>\n<meta property=\"og:url\" content=\"https:\/\/insurancecorp.com.br\/pt\/2020\/07\/29\/alejandro-moran-assume-a-posicao-de-socio-de-seguros-e-saude-da-everis-brasil\/\" \/>\n<meta property=\"og:site_name\" content=\"Revista Insurance Corp | PT-BR\" \/>\n<meta property=\"article:publisher\" content=\"https:\/\/www.facebook.com\/RevistaInsuranceCorp\/\" \/>\n<meta property=\"article:published_time\" content=\"2020-07-29T15:46:37+00:00\" \/>\n<meta property=\"article:modified_time\" content=\"2020-07-29T15:51:36+00:00\" \/>\n<meta property=\"og:image\" content=\"https:\/\/insurancecorp.com.br\/pt\/wp-content\/uploads\/2020\/07\/3-TI-online-6.png\" \/>\n\t<meta property=\"og:image:width\" content=\"296\" \/>\n\t<meta property=\"og:image:height\" content=\"171\" \/>\n<meta name=\"twitter:card\" content=\"summary\" \/>\n<script type=\"application\/ld+json\" class=\"yoast-schema-graph\">{\"@context\":\"https:\/\/schema.org\",\"@graph\":[{\"@type\":\"Organization\",\"@id\":\"https:\/\/insurancecorp.com.br\/pt\/#organization\",\"name\":\"Revista Insurance Corp\",\"url\":\"https:\/\/insurancecorp.com.br\/pt\/\",\"sameAs\":[\"https:\/\/www.facebook.com\/RevistaInsuranceCorp\/\"],\"logo\":{\"@type\":\"ImageObject\",\"@id\":\"https:\/\/insurancecorp.com.br\/pt\/#logo\",\"inLanguage\":\"pt-BR\",\"url\":\"\",\"caption\":\"Revista Insurance Corp\"},\"image\":{\"@id\":\"https:\/\/insurancecorp.com.br\/pt\/#logo\"}},{\"@type\":\"WebSite\",\"@id\":\"https:\/\/insurancecorp.com.br\/pt\/#website\",\"url\":\"https:\/\/insurancecorp.com.br\/pt\/\",\"name\":\"Revista Insurance Corp | PT-BR\",\"description\":\"A \\u00fanica revista bil\\u00edngue voltada ao mercado de seguro.\",\"publisher\":{\"@id\":\"https:\/\/insurancecorp.com.br\/pt\/#organization\"},\"potentialAction\":[{\"@type\":\"SearchAction\",\"target\":\"https:\/\/insurancecorp.com.br\/pt\/?s={search_term_string}\",\"query-input\":\"required name=search_term_string\"}],\"inLanguage\":\"pt-BR\"},{\"@type\":\"ImageObject\",\"@id\":\"https:\/\/insurancecorp.com.br\/pt\/2020\/07\/29\/alejandro-moran-assume-a-posicao-de-socio-de-seguros-e-saude-da-everis-brasil\/#primaryimage\",\"inLanguage\":\"pt-BR\",\"url\":\"https:\/\/insurancecorp.com.br\/pt\/wp-content\/uploads\/2020\/07\/3-TI-online-6.png\",\"width\":296,\"height\":171},{\"@type\":\"WebPage\",\"@id\":\"https:\/\/insurancecorp.com.br\/pt\/2020\/07\/29\/alejandro-moran-assume-a-posicao-de-socio-de-seguros-e-saude-da-everis-brasil\/#webpage\",\"url\":\"https:\/\/insurancecorp.com.br\/pt\/2020\/07\/29\/alejandro-moran-assume-a-posicao-de-socio-de-seguros-e-saude-da-everis-brasil\/\",\"name\":\"Alejandro Mor\\u00e1n assume a posi\\u00e7\\u00e3o de s\\u00f3cio de Seguros e Sa\\u00fade da everis Brasil | Revista Insurance Corp | PT-BR\",\"isPartOf\":{\"@id\":\"https:\/\/insurancecorp.com.br\/pt\/#website\"},\"primaryImageOfPage\":{\"@id\":\"https:\/\/insurancecorp.com.br\/pt\/2020\/07\/29\/alejandro-moran-assume-a-posicao-de-socio-de-seguros-e-saude-da-everis-brasil\/#primaryimage\"},\"datePublished\":\"2020-07-29T15:46:37+00:00\",\"dateModified\":\"2020-07-29T15:51:36+00:00\",\"inLanguage\":\"pt-BR\",\"potentialAction\":[{\"@type\":\"ReadAction\",\"target\":[\"https:\/\/insurancecorp.com.br\/pt\/2020\/07\/29\/alejandro-moran-assume-a-posicao-de-socio-de-seguros-e-saude-da-everis-brasil\/\"]}]},{\"@type\":\"Article\",\"@id\":\"https:\/\/insurancecorp.com.br\/pt\/2020\/07\/29\/alejandro-moran-assume-a-posicao-de-socio-de-seguros-e-saude-da-everis-brasil\/#article\",\"isPartOf\":{\"@id\":\"https:\/\/insurancecorp.com.br\/pt\/2020\/07\/29\/alejandro-moran-assume-a-posicao-de-socio-de-seguros-e-saude-da-everis-brasil\/#webpage\"},\"author\":{\"@id\":\"https:\/\/insurancecorp.com.br\/pt\/#\/schema\/person\/1b69c8cf325f0b7167f1b171f52df4af\"},\"headline\":\"Alejandro Mor\\u00e1n assume a posi\\u00e7\\u00e3o de s\\u00f3cio de Seguros e Sa\\u00fade da everis Brasil\",\"datePublished\":\"2020-07-29T15:46:37+00:00\",\"dateModified\":\"2020-07-29T15:51:36+00:00\",\"mainEntityOfPage\":{\"@id\":\"https:\/\/insurancecorp.com.br\/pt\/2020\/07\/29\/alejandro-moran-assume-a-posicao-de-socio-de-seguros-e-saude-da-everis-brasil\/#webpage\"},\"commentCount\":0,\"publisher\":{\"@id\":\"https:\/\/insurancecorp.com.br\/pt\/#organization\"},\"image\":{\"@id\":\"https:\/\/insurancecorp.com.br\/pt\/2020\/07\/29\/alejandro-moran-assume-a-posicao-de-socio-de-seguros-e-saude-da-everis-brasil\/#primaryimage\"},\"articleSection\":\"everis Brasil\",\"inLanguage\":\"pt-BR\",\"potentialAction\":[{\"@type\":\"CommentAction\",\"name\":\"Comment\",\"target\":[\"https:\/\/insurancecorp.com.br\/pt\/2020\/07\/29\/alejandro-moran-assume-a-posicao-de-socio-de-seguros-e-saude-da-everis-brasil\/#respond\"]}]},{\"@type\":\"Person\",\"@id\":\"https:\/\/insurancecorp.com.br\/pt\/#\/schema\/person\/1b69c8cf325f0b7167f1b171f52df4af\",\"name\":\"Publica\\u00e7\\u00e3o\",\"image\":{\"@type\":\"ImageObject\",\"@id\":\"https:\/\/insurancecorp.com.br\/pt\/#personlogo\",\"inLanguage\":\"pt-BR\",\"url\":\"https:\/\/secure.gravatar.com\/avatar\/17226f1f60486eb25d4c6b301ffed37f?s=96&d=mm&r=g\",\"caption\":\"Publica\\u00e7\\u00e3o\"}}]}<\/script>\n<!-- \/ Yoast SEO plugin. -->","_links":{"self":[{"href":"https:\/\/insurancecorp.com.br\/pt\/wp-json\/wp\/v2\/posts\/17649"}],"collection":[{"href":"https:\/\/insurancecorp.com.br\/pt\/wp-json\/wp\/v2\/posts"}],"about":[{"href":"https:\/\/insurancecorp.com.br\/pt\/wp-json\/wp\/v2\/types\/post"}],"author":[{"embeddable":true,"href":"https:\/\/insurancecorp.com.br\/pt\/wp-json\/wp\/v2\/users\/2"}],"replies":[{"embeddable":true,"href":"https:\/\/insurancecorp.com.br\/pt\/wp-json\/wp\/v2\/comments?post=17649"}],"version-history":[{"count":1,"href":"https:\/\/insurancecorp.com.br\/pt\/wp-json\/wp\/v2\/posts\/17649\/revisions"}],"predecessor-version":[{"id":17651,"href":"https:\/\/insurancecorp.com.br\/pt\/wp-json\/wp\/v2\/posts\/17649\/revisions\/17651"}],"wp:featuredmedia":[{"embeddable":true,"href":"https:\/\/insurancecorp.com.br\/pt\/wp-json\/wp\/v2\/media\/17650"}],"wp:attachment":[{"href":"https:\/\/insurancecorp.com.br\/pt\/wp-json\/wp\/v2\/media?parent=17649"}],"wp:term":[{"taxonomy":"category","embeddable":true,"href":"https:\/\/insurancecorp.com.br\/pt\/wp-json\/wp\/v2\/categories?post=17649"},{"taxonomy":"post_tag","embeddable":true,"href":"https:\/\/insurancecorp.com.br\/pt\/wp-json\/wp\/v2\/tags?post=17649"}],"curies":[{"name":"wp","href":"https:\/\/api.w.org\/{rel}","templated":true}]}}