{"id":17413,"date":"2020-07-21T09:38:15","date_gmt":"2020-07-21T12:38:15","guid":{"rendered":"https:\/\/insurancecorp.com.br\/pt\/?p=17413"},"modified":"2020-07-21T09:46:22","modified_gmt":"2020-07-21T12:46:22","slug":"fundacao-everis-abre-inscricoes-para-o-vi-empreenda-saude","status":"publish","type":"post","link":"https:\/\/insurancecorp.com.br\/pt\/2020\/07\/21\/fundacao-everis-abre-inscricoes-para-o-vi-empreenda-saude\/","title":{"rendered":"Funda\u00e7\u00e3o everis abre inscri\u00e7\u00f5es para o VI Empreenda Sa\u00fade"},"content":{"rendered":"<p>A funda\u00e7\u00e3o everis, institui\u00e7\u00e3o que apoia e promove o empreendedorismo por meio de atividades em diferentes esferas da sociedade, abrir\u00e1 as inscri\u00e7\u00f5es para a sexta edi\u00e7\u00e3o do Pr\u00eamio Empreenda Sa\u00fade 2020 em um evento digital, aberto ao p\u00fablico, no pr\u00f3ximo dia 21 de julho, \u00e0s 19h. As startups poder\u00e3o apresentar projetos para fomento, desenvolvimento da Inova\u00e7\u00e3o e empreendedorismo no \u00e2mbito da sa\u00fade no Brasil, baseadas no tema &#8220;A nova realidade da sa\u00fade em meio \u00e0 crise&#8221;, no per\u00edodo de 21 de julho a 15 de setembro, no website da premia\u00e7\u00e3o https:\/\/www.premioempreendasaude.com.br.<br \/>\nO Empreenda Sa\u00fade hoje \u00e9 uma refer\u00eancia de inova\u00e7\u00e3o e empreendedorismo no mercado nacional. Para se ter uma ideia de sua relev\u00e2ncia entre as startups inovadoras que se destacaram em edi\u00e7\u00f5es anteriores est\u00e3o: Epistemic, com solu\u00e7\u00e3o para detec\u00e7\u00e3o antecipada de surtos epil\u00e9ticos; F\u00f3fuuu, software para tratamentos de fonoaudiologia; Phelcom, retin\u00f3grafo port\u00e1til; Nuclearis, sistema baseado em medicina nuclear; e a Neurobots, que criou um exoesqueleto controlado pelo c\u00e9rebro, que ajuda na recupera\u00e7\u00e3o de pacientes que sofreram acidentes vasculares cerebrais (AVCs). Estas startups ganharam outros pr\u00eamios e conseguiram aportes de importantes players do mercado.<\/p>\n<p>&#8220;Esta premia\u00e7\u00e3o surgiu porque acreditamos na inova\u00e7\u00e3o e na capacidade brasileira de superar desafios. J\u00e1 participaram do Empreenda Sa\u00fade mais de 1.800 startups, que nos surpreenderam com propostas avan\u00e7adas e efetivas para resolver quest\u00f5es importantes do setor. Diante do cen\u00e1rio de pandemia atual, esta iniciativa torna-se ainda mais importante, o que nos motivou a mudar as categorias, dando foco ao next normal, ou seja, ao futuro p\u00f3s-Covid19&#8221;, afirma Antonio Carlos Valente, presidente da funda\u00e7\u00e3o everis Brasil.<br \/>\nA funda\u00e7\u00e3o everis busca projetos que estejam pelo menos na fase de prototipagem, com comprovada inova\u00e7\u00e3o tecnol\u00f3gica e alto potencial de impacto social, contribuindo para melhorar a qualidade de vida das pessoas e da sociedade. &#8220;Os planos de neg\u00f3cios das startups devem estimular o esp\u00edrito empreendedor e desenvolvimento de talentos no \u00e2mbito da sa\u00fade, a difus\u00e3o do conhecimento inovador e a promo\u00e7\u00e3o do networking no setor da sa\u00fade. Agora considerando os desafios que nos foram apresentados pela pandemia do Covid-19&#8221;, refor\u00e7a Guilherme Rabello, Gerente Comercial do InovaInCor (associado ao InovaHC).<br \/>\nOs projetos apresentados no Empreenda Sa\u00fade dever\u00e3o se adequar \u00e0s seguintes novas categorias:<br \/>\n\u2022 Desospitaliza\u00e7\u00e3o e monitoramento &#8211; projetos que promovam o controle, comunica\u00e7\u00e3o ou interface de informa\u00e7\u00e3o com o paciente, de forma a promover uma menor utiliza\u00e7\u00e3o do ambiente hospitalar, privilegiando sempre a seguran\u00e7a do paciente e o suporte assistencial;<br \/>\n\u2022 Capacita\u00e7\u00e3o, treinamento e educa\u00e7\u00e3o em sa\u00fade &#8211; solu\u00e7\u00f5es tecnol\u00f3gicas emergentes que promovam dissemina\u00e7\u00e3o de conte\u00fado, engajamento, treinamento e acesso a conhecimento para pacientes e profissionais do segmento da sa\u00fade. Elas devem ser l\u00fadicas ou simularem o ambiente de trabalho para uma aprendizagem r\u00e1pida e eficaz;<br \/>\n\u2022 Seguran\u00e7a hospitalar &#8211; tecnologias que identifiquem e alertem situa\u00e7\u00f5es, locais e a\u00e7\u00f5es de risco dentro do ambiente hospitalar;<br \/>\n\u2022 Suporte ao atendimento hospitalar &#8211; propostas tecnol\u00f3gicas que permitam melhorar a intera\u00e7\u00e3o dentro do ambiente hospitalar entre os v\u00e1rios envolvidos, seja nos processos administrativos, assistenciais ou comunicativos;<br \/>\n\u2022 Seguran\u00e7a direcionada \u00e0 sa\u00fade coletiva &#8211; tecnologias que permitam identificar e alertar situa\u00e7\u00f5es que ofere\u00e7am risco \u00e0 sa\u00fade da coletividade, a fim de evitar a sua dissemina\u00e7\u00e3o;<br \/>\n\u2022 Medicina preventiva e sa\u00fade mental &#8211; solu\u00e7\u00f5es digitais emergentes de promo\u00e7\u00e3o, preven\u00e7\u00e3o e engajamento do indiv\u00edduo \u00e0s a\u00e7\u00f5es e programas de manuten\u00e7\u00e3o e beneficiamento da sa\u00fade f\u00edsica e mental.<br \/>\n&#8220;Nosso objetivo \u00e9 contar com a participa\u00e7\u00e3o de empresas e talentos brasileiros, que pretendem empreender e estejam dispostos a tornarem-se pessoas jur\u00eddicas. Por isto, estabelecemos o crit\u00e9rio de que o projeto n\u00e3o pode ter captado mais de 4,5 milh\u00f5es de reais de financiamento acumulado nos \u00faltimos tr\u00eas anos ou faturado mais de 2,2 milh\u00f5es de reais no \u00faltimo ano&#8221;, detalha Valente.<br \/>\nA Comiss\u00e3o de avalia\u00e7\u00e3o ser\u00e1 composta por especialistas ligados \u00e0 sa\u00fade, tecnologia e inova\u00e7\u00e3o no Brasil e ter\u00e1 como responsabilidade garantir o programa completo do Empreenda Sa\u00fade &#8211; desde a elei\u00e7\u00e3o dos jurados e acompanhamento da premia\u00e7\u00e3o at\u00e9 seu encerramento, sendo suas decis\u00f5es soberanas e irrecorr\u00edveis. Avaliar\u00e3o os crit\u00e9rios de inova\u00e7\u00e3o, capacidade de resolu\u00e7\u00e3o de um problema e atendimento de uma necessidade de mercado, com um modelo de neg\u00f3cio sustent\u00e1vel. Os seis finalistas, selecionados de acordo com a melhor classifica\u00e7\u00e3o (maiores notas), ser\u00e3o convidados a apresentar seus projetos para a Comiss\u00e3o de Avalia\u00e7\u00e3o em outro evento virtual, no dia 30 de outubro de 2020.<br \/>\nO ganhador brasileiro do VI Empreenda Sa\u00fade ser\u00e1 anunciado em um evento no dia 12 de novembro, em local a ser definido, que pode vir a ocorrer em ambiente virtual, como medida de cautela em decorr\u00eancia da pandemia. Ele receber\u00e1 o valor de 50 mil reais e um pacote de servi\u00e7os de mentoring, a ser realizado em plataforma digital, de natureza gratuita e dura\u00e7\u00e3o de no m\u00e1ximo 3 (tr\u00eas) meses, a ser oferecido pela everis Brasil.<br \/>\nAl\u00e9m disso, o vencedor nacional participar\u00e1 da final global everis talento week, que ser\u00e1 realizada de 23 a 25 de novembro, a fim de concorrer a um pr\u00eamio adicional de 60 mil euros, aportado pela funda\u00e7\u00e3o everis da Espanha.<br \/>\nO Empreenda Sa\u00fade hoje \u00e9 uma refer\u00eancia de inova\u00e7\u00e3o e empreendedorismo no mercado nacional. Para se ter uma ideia de sua relev\u00e2ncia entre as startups inovadoras que se destacaram em edi\u00e7\u00f5es anteriores est\u00e3o: Epistemic , com solu\u00e7\u00e3o para detec\u00e7\u00e3o antecipada de surtos epil\u00e9ticos; F\u00f3fuuu , software para tratamentos de fonoaudiologia; Phelcom , retin\u00f3grafo port\u00e1til; Nuclearis , sistema baseado em medicina nuclear; e a Neurobots, que criou um exoesqueleto controlado pelo c\u00e9rebro, que ajuda na recupera\u00e7\u00e3o de pacientes que sofreram acidentes vasculares cerebrais (AVCs). Estas startups ganharam outros pr\u00eamios e conseguiram aportes de importantes players do mercado.<\/p>\n<p><strong>Market21 Comunica\u00e7\u00e3o &amp; Marketing <\/strong><\/p>\n","protected":false},"excerpt":{"rendered":"<p>A funda\u00e7\u00e3o everis, institui\u00e7\u00e3o que apoia e promove o empreendedorismo por meio de atividades em diferentes esferas da sociedade, abrir\u00e1 as inscri\u00e7\u00f5es para a sexta edi\u00e7\u00e3o do Pr\u00eamio Empreenda Sa\u00fade 2020 em um evento digital, aberto ao p\u00fablico, no pr\u00f3ximo dia 21 de julho, \u00e0s 19h. As startups poder\u00e3o apresentar projetos para fomento, desenvolvimento da [&hellip;]<\/p>\n","protected":false},"author":2,"featured_media":17414,"comment_status":"open","ping_status":"open","sticky":false,"template":"","format":"standard","meta":[],"categories":[387],"tags":[],"jetpack_featured_media_url":"https:\/\/insurancecorp.com.br\/pt\/wp-content\/uploads\/2020\/07\/3-TI-online.png","yoast_head":"<!-- This site is optimized with the Yoast SEO plugin v14.8 - https:\/\/yoast.com\/wordpress\/plugins\/seo\/ -->\n<title>Funda\u00e7\u00e3o everis abre inscri\u00e7\u00f5es para o VI Empreenda Sa\u00fade | Revista Insurance Corp | PT-BR<\/title>\n<meta name=\"robots\" content=\"index, follow\" \/>\n<meta name=\"googlebot\" content=\"index, follow, max-snippet:-1, max-image-preview:large, max-video-preview:-1\" \/>\n<meta name=\"bingbot\" content=\"index, follow, max-snippet:-1, max-image-preview:large, max-video-preview:-1\" \/>\n<link rel=\"canonical\" href=\"https:\/\/insurancecorp.com.br\/pt\/2020\/07\/21\/fundacao-everis-abre-inscricoes-para-o-vi-empreenda-saude\/\" \/>\n<meta property=\"og:locale\" content=\"pt_BR\" \/>\n<meta property=\"og:type\" content=\"article\" \/>\n<meta property=\"og:title\" content=\"Funda\u00e7\u00e3o everis abre inscri\u00e7\u00f5es para o VI Empreenda Sa\u00fade | Revista Insurance Corp | PT-BR\" \/>\n<meta property=\"og:description\" content=\"A funda\u00e7\u00e3o everis, institui\u00e7\u00e3o que apoia e promove o empreendedorismo por meio de atividades em diferentes esferas da sociedade, abrir\u00e1 as inscri\u00e7\u00f5es para a sexta edi\u00e7\u00e3o do Pr\u00eamio Empreenda Sa\u00fade 2020 em um evento digital, aberto ao p\u00fablico, no pr\u00f3ximo dia 21 de julho, \u00e0s 19h. As startups poder\u00e3o apresentar projetos para fomento, desenvolvimento da [&hellip;]\" \/>\n<meta property=\"og:url\" content=\"https:\/\/insurancecorp.com.br\/pt\/2020\/07\/21\/fundacao-everis-abre-inscricoes-para-o-vi-empreenda-saude\/\" \/>\n<meta property=\"og:site_name\" content=\"Revista Insurance Corp | PT-BR\" \/>\n<meta property=\"article:publisher\" content=\"https:\/\/www.facebook.com\/RevistaInsuranceCorp\/\" \/>\n<meta property=\"article:published_time\" content=\"2020-07-21T12:38:15+00:00\" \/>\n<meta property=\"article:modified_time\" content=\"2020-07-21T12:46:22+00:00\" \/>\n<meta property=\"og:image\" content=\"https:\/\/insurancecorp.com.br\/pt\/wp-content\/uploads\/2020\/07\/3-TI-online.png\" \/>\n\t<meta property=\"og:image:width\" content=\"800\" \/>\n\t<meta property=\"og:image:height\" content=\"509\" \/>\n<meta name=\"twitter:card\" content=\"summary\" \/>\n<script type=\"application\/ld+json\" class=\"yoast-schema-graph\">{\"@context\":\"https:\/\/schema.org\",\"@graph\":[{\"@type\":\"Organization\",\"@id\":\"https:\/\/insurancecorp.com.br\/pt\/#organization\",\"name\":\"Revista Insurance Corp\",\"url\":\"https:\/\/insurancecorp.com.br\/pt\/\",\"sameAs\":[\"https:\/\/www.facebook.com\/RevistaInsuranceCorp\/\"],\"logo\":{\"@type\":\"ImageObject\",\"@id\":\"https:\/\/insurancecorp.com.br\/pt\/#logo\",\"inLanguage\":\"pt-BR\",\"url\":\"\",\"caption\":\"Revista Insurance Corp\"},\"image\":{\"@id\":\"https:\/\/insurancecorp.com.br\/pt\/#logo\"}},{\"@type\":\"WebSite\",\"@id\":\"https:\/\/insurancecorp.com.br\/pt\/#website\",\"url\":\"https:\/\/insurancecorp.com.br\/pt\/\",\"name\":\"Revista Insurance Corp | PT-BR\",\"description\":\"A \\u00fanica revista bil\\u00edngue voltada ao mercado de seguro.\",\"publisher\":{\"@id\":\"https:\/\/insurancecorp.com.br\/pt\/#organization\"},\"potentialAction\":[{\"@type\":\"SearchAction\",\"target\":\"https:\/\/insurancecorp.com.br\/pt\/?s={search_term_string}\",\"query-input\":\"required name=search_term_string\"}],\"inLanguage\":\"pt-BR\"},{\"@type\":\"ImageObject\",\"@id\":\"https:\/\/insurancecorp.com.br\/pt\/2020\/07\/21\/fundacao-everis-abre-inscricoes-para-o-vi-empreenda-saude\/#primaryimage\",\"inLanguage\":\"pt-BR\",\"url\":\"https:\/\/insurancecorp.com.br\/pt\/wp-content\/uploads\/2020\/07\/3-TI-online.png\",\"width\":800,\"height\":509},{\"@type\":\"WebPage\",\"@id\":\"https:\/\/insurancecorp.com.br\/pt\/2020\/07\/21\/fundacao-everis-abre-inscricoes-para-o-vi-empreenda-saude\/#webpage\",\"url\":\"https:\/\/insurancecorp.com.br\/pt\/2020\/07\/21\/fundacao-everis-abre-inscricoes-para-o-vi-empreenda-saude\/\",\"name\":\"Funda\\u00e7\\u00e3o everis abre inscri\\u00e7\\u00f5es para o VI Empreenda Sa\\u00fade | Revista Insurance Corp | PT-BR\",\"isPartOf\":{\"@id\":\"https:\/\/insurancecorp.com.br\/pt\/#website\"},\"primaryImageOfPage\":{\"@id\":\"https:\/\/insurancecorp.com.br\/pt\/2020\/07\/21\/fundacao-everis-abre-inscricoes-para-o-vi-empreenda-saude\/#primaryimage\"},\"datePublished\":\"2020-07-21T12:38:15+00:00\",\"dateModified\":\"2020-07-21T12:46:22+00:00\",\"inLanguage\":\"pt-BR\",\"potentialAction\":[{\"@type\":\"ReadAction\",\"target\":[\"https:\/\/insurancecorp.com.br\/pt\/2020\/07\/21\/fundacao-everis-abre-inscricoes-para-o-vi-empreenda-saude\/\"]}]},{\"@type\":\"Article\",\"@id\":\"https:\/\/insurancecorp.com.br\/pt\/2020\/07\/21\/fundacao-everis-abre-inscricoes-para-o-vi-empreenda-saude\/#article\",\"isPartOf\":{\"@id\":\"https:\/\/insurancecorp.com.br\/pt\/2020\/07\/21\/fundacao-everis-abre-inscricoes-para-o-vi-empreenda-saude\/#webpage\"},\"author\":{\"@id\":\"https:\/\/insurancecorp.com.br\/pt\/#\/schema\/person\/1b69c8cf325f0b7167f1b171f52df4af\"},\"headline\":\"Funda\\u00e7\\u00e3o everis abre inscri\\u00e7\\u00f5es para o VI Empreenda Sa\\u00fade\",\"datePublished\":\"2020-07-21T12:38:15+00:00\",\"dateModified\":\"2020-07-21T12:46:22+00:00\",\"mainEntityOfPage\":{\"@id\":\"https:\/\/insurancecorp.com.br\/pt\/2020\/07\/21\/fundacao-everis-abre-inscricoes-para-o-vi-empreenda-saude\/#webpage\"},\"commentCount\":0,\"publisher\":{\"@id\":\"https:\/\/insurancecorp.com.br\/pt\/#organization\"},\"image\":{\"@id\":\"https:\/\/insurancecorp.com.br\/pt\/2020\/07\/21\/fundacao-everis-abre-inscricoes-para-o-vi-empreenda-saude\/#primaryimage\"},\"articleSection\":\"everis Brasil\",\"inLanguage\":\"pt-BR\",\"potentialAction\":[{\"@type\":\"CommentAction\",\"name\":\"Comment\",\"target\":[\"https:\/\/insurancecorp.com.br\/pt\/2020\/07\/21\/fundacao-everis-abre-inscricoes-para-o-vi-empreenda-saude\/#respond\"]}]},{\"@type\":\"Person\",\"@id\":\"https:\/\/insurancecorp.com.br\/pt\/#\/schema\/person\/1b69c8cf325f0b7167f1b171f52df4af\",\"name\":\"Publica\\u00e7\\u00e3o\",\"image\":{\"@type\":\"ImageObject\",\"@id\":\"https:\/\/insurancecorp.com.br\/pt\/#personlogo\",\"inLanguage\":\"pt-BR\",\"url\":\"https:\/\/secure.gravatar.com\/avatar\/17226f1f60486eb25d4c6b301ffed37f?s=96&d=mm&r=g\",\"caption\":\"Publica\\u00e7\\u00e3o\"}}]}<\/script>\n<!-- \/ Yoast SEO plugin. -->","_links":{"self":[{"href":"https:\/\/insurancecorp.com.br\/pt\/wp-json\/wp\/v2\/posts\/17413"}],"collection":[{"href":"https:\/\/insurancecorp.com.br\/pt\/wp-json\/wp\/v2\/posts"}],"about":[{"href":"https:\/\/insurancecorp.com.br\/pt\/wp-json\/wp\/v2\/types\/post"}],"author":[{"embeddable":true,"href":"https:\/\/insurancecorp.com.br\/pt\/wp-json\/wp\/v2\/users\/2"}],"replies":[{"embeddable":true,"href":"https:\/\/insurancecorp.com.br\/pt\/wp-json\/wp\/v2\/comments?post=17413"}],"version-history":[{"count":1,"href":"https:\/\/insurancecorp.com.br\/pt\/wp-json\/wp\/v2\/posts\/17413\/revisions"}],"predecessor-version":[{"id":17415,"href":"https:\/\/insurancecorp.com.br\/pt\/wp-json\/wp\/v2\/posts\/17413\/revisions\/17415"}],"wp:featuredmedia":[{"embeddable":true,"href":"https:\/\/insurancecorp.com.br\/pt\/wp-json\/wp\/v2\/media\/17414"}],"wp:attachment":[{"href":"https:\/\/insurancecorp.com.br\/pt\/wp-json\/wp\/v2\/media?parent=17413"}],"wp:term":[{"taxonomy":"category","embeddable":true,"href":"https:\/\/insurancecorp.com.br\/pt\/wp-json\/wp\/v2\/categories?post=17413"},{"taxonomy":"post_tag","embeddable":true,"href":"https:\/\/insurancecorp.com.br\/pt\/wp-json\/wp\/v2\/tags?post=17413"}],"curies":[{"name":"wp","href":"https:\/\/api.w.org\/{rel}","templated":true}]}}