{"id":16822,"date":"2020-06-26T16:15:12","date_gmt":"2020-06-26T19:15:12","guid":{"rendered":"https:\/\/insurancecorp.com.br\/pt\/?p=16822"},"modified":"2020-06-26T16:16:31","modified_gmt":"2020-06-26T19:16:31","slug":"direto-reto-com-camillo-reforca-indisposicao-da-susep-com-o-mercado-de-seguross","status":"publish","type":"post","link":"https:\/\/insurancecorp.com.br\/pt\/2020\/06\/26\/direto-reto-com-camillo-reforca-indisposicao-da-susep-com-o-mercado-de-seguross\/","title":{"rendered":"Direto &#038; Reto com Camillo refor\u00e7a indisposi\u00e7\u00e3o da Susep com o mercado de seguros"},"content":{"rendered":"<p>Para a 17\u00aa edi\u00e7\u00e3o do Direto &amp; Reto com Camillo, o presidente do Sincor-SP, Alexandre Camillo, recebeu o presidente da Fenacor, Armando Verg\u00edlio, para discorrer sobre as pautas que v\u00eam causando preocupa\u00e7\u00e3o nos corretores de seguros, bem como em todo o mercado. Com o tema \u201cExposi\u00e7\u00e3o da comiss\u00e3o do corretor de seguros e recadastramento\u201d, a transmiss\u00e3o aconteceu na quarta-feira (24\/06), pelo canal da TV Sincor-SP no YouTube.<br \/>\n\u201cNosso prop\u00f3sito \u00e9 conversar com os corretores de seguros, e demais integrantes do setor, falando de temas que t\u00eam trazido controv\u00e9rsias, incomodando a todos e que, certamente, vai atingir de forma negativa os consumidores\u201d, refor\u00e7a Camillo.<br \/>\nArmando Verg\u00edlio fez uma retrospectiva das \u00faltimas a\u00e7\u00f5es da Susep que afetam o mercado e os corretores de seguros. Para o presidente da Fenacor, existe uma delibera\u00e7\u00e3o em acabar com a profiss\u00e3o, que come\u00e7ou com a Medida Provis\u00f3ria 905. \u201cN\u00e3o foi a toa que a autarquia colocou dois dispositivos que revogaram a lei disciplinadora da profiss\u00e3o\u201d, explica.<br \/>\nVerg\u00edlio ainda ressaltou as a\u00e7\u00f5es pol\u00edticas da Fenacor, juntamente com os Sincors e o deputado federal Lucas Verg\u00edlio (SD-GO). \u201cConseguimos um texto alternativo, dando uma nova reda\u00e7\u00e3o para a lei dos corretores, atualizando a legisla\u00e7\u00e3o. O MP n\u00e3o foi para frente por diverg\u00eancias entre o Senado e o poder Executivo, sendo revogada no \u00faltimo dia de vig\u00eancia\u201d, revela.<br \/>\nSobre a Resolu\u00e7\u00e3o CNSP n\u00ba 382, que disp\u00f5e sobre a informa\u00e7\u00e3o do valor de remunera\u00e7\u00e3o do intermedi\u00e1rio de seguro ao consumidor, o presidente da Fenacor foi enf\u00e1tico: \u201cVai trazer v\u00e1rios preju\u00edzos aos corretores de seguros. Ele vai levar 3, 4 propostas, boas op\u00e7\u00f5es de boas companhias, buscando a melhor rela\u00e7\u00e3o custo benef\u00edcio, pre\u00e7o justo e adequado com as coberturas necess\u00e1rias. Sabe o que vai acontecer? Estabelecer um conflito entre consumidor e corretor, pois o cliente vai sempre questionar o ganho do corretor.<br \/>\nCom a inten\u00e7\u00e3o de barrar a Resolu\u00e7\u00e3o, a Fenacor enviou of\u00edcio \u00e0 Susep, apontando as irregularidades do documento, mas n\u00e3o obteve resposta. \u201cEndere\u00e7amos of\u00edcio ao Conselho Nacional de Seguros Privados, apontando todas as ilegalidades e os preju\u00edzos que a Resolu\u00e7\u00e3o vai trazer a todos os players do mercado, principalmente aos consumidores. Mais recentemente, enviamos outro of\u00edcio solicitando, formalmente, que ela n\u00e3o entre em vigor neste per\u00edodo, para que possamos avali\u00e1-la adequadamente\u201d, declara.<br \/>\nO recadastramento da categoria na Susep tamb\u00e9m foi abordado pelos presidentes, que afirmaram n\u00e3o ser o momento, nem o sistema, adequados. \u201cN\u00e3o somos contra o recadastramento. Inclusive, \u00e9 um pleito antigo da categoria para atualizar a base de dados dos corretores. S\u00f3 gostar\u00edamos que fosse realizado de uma maneira mais organizada\u201d, ressalta Camillo.<br \/>\n\u201cAp\u00f3s o recadastramento da pessoa f\u00edsica, a Susep viu que n\u00e3o dava conta de fazer o procedimento e solicitou ajuda do IBRACOR, que auxiliou a autarquia e conseguiu atualizar os dados dos profissionais. Quando chegou o momento de fazer o recadastramento da pessoa jur\u00eddica, a Susep disse que n\u00e3o daria conta e acabou suspendendo o procedimento. Se eles n\u00e3o tinham condi\u00e7\u00e3o, n\u00e3o tinham tecnologia, como que do dia para a noite conseguiram? O presidente da Fenacor ainda questiona a ferramenta utilizada pela autarquia. \u201c\u00c9 um sistema de baix\u00edssima tecnologia, falho e fr\u00e1gil, onde qualquer pessoa com CPF de um corretor poderia fazer o recadastramento e se apropriar desses dados\u201d.<br \/>\nCamillo conta que as entidades n\u00e3o conseguiram barrar o recadastramento, atrav\u00e9s de liminar na justi\u00e7a, e orienta os corretores a realizarem o procedimento. \u201cO sistema continua ineficiente, oferecendo riscos de fraude, mas \u00e9 importante fazer o procedimento para n\u00e3o ter mais problemas com a autarquia. Em breve, divulgaremos um passo a passo de como realizar seguramente\u201d, completa.<br \/>\nDurante a transmiss\u00e3o, os presidentes ainda convidaram a superintendente da Susep, Solange Vieira, para participar do Direto &amp; Reto com Camillo e dialogar com a categoria, al\u00e9m de fazerem um alerta sobre a atua\u00e7\u00e3o irregular da Onsurance.<br \/>\nAssista:\u00a0https:\/\/www.youtube.com\/watch?v=poC5FLJAFQA<\/p>\n<p>Assessoria de Imprensa Sincor-SP<\/p>\n","protected":false},"excerpt":{"rendered":"<p>Para a 17\u00aa edi\u00e7\u00e3o do Direto &amp; Reto com Camillo, o presidente do Sincor-SP, Alexandre Camillo, recebeu o presidente da Fenacor, Armando Verg\u00edlio, para discorrer sobre as pautas que v\u00eam causando preocupa\u00e7\u00e3o nos corretores de seguros, bem como em todo o mercado. Com o tema \u201cExposi\u00e7\u00e3o da comiss\u00e3o do corretor de seguros e recadastramento\u201d, a [&hellip;]<\/p>\n","protected":false},"author":2,"featured_media":16823,"comment_status":"open","ping_status":"open","sticky":false,"template":"","format":"standard","meta":[],"categories":[376],"tags":[],"jetpack_featured_media_url":"https:\/\/insurancecorp.com.br\/pt\/wp-content\/uploads\/2020\/06\/Movimento-EmpatiaePositividade-3.jpg","yoast_head":"<!-- This site is optimized with the Yoast SEO plugin v14.8 - https:\/\/yoast.com\/wordpress\/plugins\/seo\/ -->\n<title>Direto &amp; Reto com Camillo refor\u00e7a indisposi\u00e7\u00e3o da Susep com o mercado de seguros | Revista Insurance Corp | PT-BR<\/title>\n<meta name=\"robots\" content=\"index, follow\" \/>\n<meta name=\"googlebot\" content=\"index, follow, max-snippet:-1, max-image-preview:large, max-video-preview:-1\" \/>\n<meta name=\"bingbot\" content=\"index, follow, max-snippet:-1, max-image-preview:large, max-video-preview:-1\" \/>\n<link rel=\"canonical\" href=\"https:\/\/insurancecorp.com.br\/pt\/2020\/06\/26\/direto-reto-com-camillo-reforca-indisposicao-da-susep-com-o-mercado-de-seguross\/\" \/>\n<meta property=\"og:locale\" content=\"pt_BR\" \/>\n<meta property=\"og:type\" content=\"article\" \/>\n<meta property=\"og:title\" content=\"Direto &amp; Reto com Camillo refor\u00e7a indisposi\u00e7\u00e3o da Susep com o mercado de seguros | Revista Insurance Corp | PT-BR\" \/>\n<meta property=\"og:description\" content=\"Para a 17\u00aa edi\u00e7\u00e3o do Direto &amp; Reto com Camillo, o presidente do Sincor-SP, Alexandre Camillo, recebeu o presidente da Fenacor, Armando Verg\u00edlio, para discorrer sobre as pautas que v\u00eam causando preocupa\u00e7\u00e3o nos corretores de seguros, bem como em todo o mercado. Com o tema \u201cExposi\u00e7\u00e3o da comiss\u00e3o do corretor de seguros e recadastramento\u201d, a [&hellip;]\" \/>\n<meta property=\"og:url\" content=\"https:\/\/insurancecorp.com.br\/pt\/2020\/06\/26\/direto-reto-com-camillo-reforca-indisposicao-da-susep-com-o-mercado-de-seguross\/\" \/>\n<meta property=\"og:site_name\" content=\"Revista Insurance Corp | PT-BR\" \/>\n<meta property=\"article:publisher\" content=\"https:\/\/www.facebook.com\/RevistaInsuranceCorp\/\" \/>\n<meta property=\"article:published_time\" content=\"2020-06-26T19:15:12+00:00\" \/>\n<meta property=\"article:modified_time\" content=\"2020-06-26T19:16:31+00:00\" \/>\n<meta property=\"og:image\" content=\"https:\/\/insurancecorp.com.br\/pt\/wp-content\/uploads\/2020\/06\/Movimento-EmpatiaePositividade-3.jpg\" \/>\n\t<meta property=\"og:image:width\" content=\"1280\" \/>\n\t<meta property=\"og:image:height\" content=\"489\" \/>\n<meta name=\"twitter:card\" content=\"summary\" \/>\n<script type=\"application\/ld+json\" class=\"yoast-schema-graph\">{\"@context\":\"https:\/\/schema.org\",\"@graph\":[{\"@type\":\"Organization\",\"@id\":\"https:\/\/insurancecorp.com.br\/pt\/#organization\",\"name\":\"Revista Insurance Corp\",\"url\":\"https:\/\/insurancecorp.com.br\/pt\/\",\"sameAs\":[\"https:\/\/www.facebook.com\/RevistaInsuranceCorp\/\"],\"logo\":{\"@type\":\"ImageObject\",\"@id\":\"https:\/\/insurancecorp.com.br\/pt\/#logo\",\"inLanguage\":\"pt-BR\",\"url\":\"\",\"caption\":\"Revista Insurance Corp\"},\"image\":{\"@id\":\"https:\/\/insurancecorp.com.br\/pt\/#logo\"}},{\"@type\":\"WebSite\",\"@id\":\"https:\/\/insurancecorp.com.br\/pt\/#website\",\"url\":\"https:\/\/insurancecorp.com.br\/pt\/\",\"name\":\"Revista Insurance Corp | PT-BR\",\"description\":\"A \\u00fanica revista bil\\u00edngue voltada ao mercado de seguro.\",\"publisher\":{\"@id\":\"https:\/\/insurancecorp.com.br\/pt\/#organization\"},\"potentialAction\":[{\"@type\":\"SearchAction\",\"target\":\"https:\/\/insurancecorp.com.br\/pt\/?s={search_term_string}\",\"query-input\":\"required name=search_term_string\"}],\"inLanguage\":\"pt-BR\"},{\"@type\":\"ImageObject\",\"@id\":\"https:\/\/insurancecorp.com.br\/pt\/2020\/06\/26\/direto-reto-com-camillo-reforca-indisposicao-da-susep-com-o-mercado-de-seguross\/#primaryimage\",\"inLanguage\":\"pt-BR\",\"url\":\"https:\/\/insurancecorp.com.br\/pt\/wp-content\/uploads\/2020\/06\/Movimento-EmpatiaePositividade-3.jpg\",\"width\":1280,\"height\":489},{\"@type\":\"WebPage\",\"@id\":\"https:\/\/insurancecorp.com.br\/pt\/2020\/06\/26\/direto-reto-com-camillo-reforca-indisposicao-da-susep-com-o-mercado-de-seguross\/#webpage\",\"url\":\"https:\/\/insurancecorp.com.br\/pt\/2020\/06\/26\/direto-reto-com-camillo-reforca-indisposicao-da-susep-com-o-mercado-de-seguross\/\",\"name\":\"Direto & Reto com Camillo refor\\u00e7a indisposi\\u00e7\\u00e3o da Susep com o mercado de seguros | Revista Insurance Corp | PT-BR\",\"isPartOf\":{\"@id\":\"https:\/\/insurancecorp.com.br\/pt\/#website\"},\"primaryImageOfPage\":{\"@id\":\"https:\/\/insurancecorp.com.br\/pt\/2020\/06\/26\/direto-reto-com-camillo-reforca-indisposicao-da-susep-com-o-mercado-de-seguross\/#primaryimage\"},\"datePublished\":\"2020-06-26T19:15:12+00:00\",\"dateModified\":\"2020-06-26T19:16:31+00:00\",\"inLanguage\":\"pt-BR\",\"potentialAction\":[{\"@type\":\"ReadAction\",\"target\":[\"https:\/\/insurancecorp.com.br\/pt\/2020\/06\/26\/direto-reto-com-camillo-reforca-indisposicao-da-susep-com-o-mercado-de-seguross\/\"]}]},{\"@type\":\"Article\",\"@id\":\"https:\/\/insurancecorp.com.br\/pt\/2020\/06\/26\/direto-reto-com-camillo-reforca-indisposicao-da-susep-com-o-mercado-de-seguross\/#article\",\"isPartOf\":{\"@id\":\"https:\/\/insurancecorp.com.br\/pt\/2020\/06\/26\/direto-reto-com-camillo-reforca-indisposicao-da-susep-com-o-mercado-de-seguross\/#webpage\"},\"author\":{\"@id\":\"https:\/\/insurancecorp.com.br\/pt\/#\/schema\/person\/1b69c8cf325f0b7167f1b171f52df4af\"},\"headline\":\"Direto &#038; Reto com Camillo refor\\u00e7a indisposi\\u00e7\\u00e3o da Susep com o mercado de seguros\",\"datePublished\":\"2020-06-26T19:15:12+00:00\",\"dateModified\":\"2020-06-26T19:16:31+00:00\",\"mainEntityOfPage\":{\"@id\":\"https:\/\/insurancecorp.com.br\/pt\/2020\/06\/26\/direto-reto-com-camillo-reforca-indisposicao-da-susep-com-o-mercado-de-seguross\/#webpage\"},\"commentCount\":0,\"publisher\":{\"@id\":\"https:\/\/insurancecorp.com.br\/pt\/#organization\"},\"image\":{\"@id\":\"https:\/\/insurancecorp.com.br\/pt\/2020\/06\/26\/direto-reto-com-camillo-reforca-indisposicao-da-susep-com-o-mercado-de-seguross\/#primaryimage\"},\"articleSection\":\"Programa Direto e Reto\",\"inLanguage\":\"pt-BR\",\"potentialAction\":[{\"@type\":\"CommentAction\",\"name\":\"Comment\",\"target\":[\"https:\/\/insurancecorp.com.br\/pt\/2020\/06\/26\/direto-reto-com-camillo-reforca-indisposicao-da-susep-com-o-mercado-de-seguross\/#respond\"]}]},{\"@type\":\"Person\",\"@id\":\"https:\/\/insurancecorp.com.br\/pt\/#\/schema\/person\/1b69c8cf325f0b7167f1b171f52df4af\",\"name\":\"Publica\\u00e7\\u00e3o\",\"image\":{\"@type\":\"ImageObject\",\"@id\":\"https:\/\/insurancecorp.com.br\/pt\/#personlogo\",\"inLanguage\":\"pt-BR\",\"url\":\"https:\/\/secure.gravatar.com\/avatar\/17226f1f60486eb25d4c6b301ffed37f?s=96&d=mm&r=g\",\"caption\":\"Publica\\u00e7\\u00e3o\"}}]}<\/script>\n<!-- \/ Yoast SEO plugin. -->","_links":{"self":[{"href":"https:\/\/insurancecorp.com.br\/pt\/wp-json\/wp\/v2\/posts\/16822"}],"collection":[{"href":"https:\/\/insurancecorp.com.br\/pt\/wp-json\/wp\/v2\/posts"}],"about":[{"href":"https:\/\/insurancecorp.com.br\/pt\/wp-json\/wp\/v2\/types\/post"}],"author":[{"embeddable":true,"href":"https:\/\/insurancecorp.com.br\/pt\/wp-json\/wp\/v2\/users\/2"}],"replies":[{"embeddable":true,"href":"https:\/\/insurancecorp.com.br\/pt\/wp-json\/wp\/v2\/comments?post=16822"}],"version-history":[{"count":3,"href":"https:\/\/insurancecorp.com.br\/pt\/wp-json\/wp\/v2\/posts\/16822\/revisions"}],"predecessor-version":[{"id":16826,"href":"https:\/\/insurancecorp.com.br\/pt\/wp-json\/wp\/v2\/posts\/16822\/revisions\/16826"}],"wp:featuredmedia":[{"embeddable":true,"href":"https:\/\/insurancecorp.com.br\/pt\/wp-json\/wp\/v2\/media\/16823"}],"wp:attachment":[{"href":"https:\/\/insurancecorp.com.br\/pt\/wp-json\/wp\/v2\/media?parent=16822"}],"wp:term":[{"taxonomy":"category","embeddable":true,"href":"https:\/\/insurancecorp.com.br\/pt\/wp-json\/wp\/v2\/categories?post=16822"},{"taxonomy":"post_tag","embeddable":true,"href":"https:\/\/insurancecorp.com.br\/pt\/wp-json\/wp\/v2\/tags?post=16822"}],"curies":[{"name":"wp","href":"https:\/\/api.w.org\/{rel}","templated":true}]}}