{"id":16662,"date":"2020-06-19T19:04:43","date_gmt":"2020-06-19T22:04:43","guid":{"rendered":"https:\/\/insurancecorp.com.br\/pt\/?p=16662"},"modified":"2020-06-19T19:05:06","modified_gmt":"2020-06-19T22:05:06","slug":"direto-reto-com-camillo-recebe-armando-vergilio","status":"publish","type":"post","link":"https:\/\/insurancecorp.com.br\/pt\/2020\/06\/19\/direto-reto-com-camillo-recebe-armando-vergilio\/","title":{"rendered":"Direto &#038; Reto com Camillo recebe Armando Verg\u00edlio"},"content":{"rendered":"<p>Com o tema \u201cExposi\u00e7\u00e3o da comiss\u00e3o do corretor de seguros e recadastramento\u201d, a 17\u00aa edi\u00e7\u00e3o do Direto &amp; Reto com Camillo vai receber o presidente da Fenacor, Armando Verg\u00edlio. A transmiss\u00e3o acontece no dia 24 de junho, a partir das 10h, no canal da TV Sincor-SP no YouTube.<br \/>\nSegundo o presidente do Sincor-SP, Alexandre Camillo, a participa\u00e7\u00e3o de Verg\u00edlio na transmiss\u00e3o \u00e9 um pedido da categoria. \u201cFizemos uma pesquisa com os corretores de seguros sobre o que gostariam de ver na pr\u00f3xima edi\u00e7\u00e3o e a participa\u00e7\u00e3o da Fenacor para sanar d\u00favidas sobre esses dois temas foi solicitada. Os corretores est\u00e3o preocupados com o futuro da profiss\u00e3o. Por isso, queremos orientar e atualizar a categoria das nossas \u00faltimas a\u00e7\u00f5es\u201d, explica.<br \/>\nJ\u00e1 \u00e9 poss\u00edvel participar enviando perguntas, questionamentos e coment\u00e1rios sobre o tema para o WhatsApp (11) 97363-0844.<br \/>\nO Direto &amp; Reto com Camillo \u00e9 exibido todas as \u00faltimas quartas-feiras do m\u00eas e tem como prop\u00f3sito aproximar, ainda mais, o Sincor-SP dos corretores de seguros, promovendo di\u00e1logo entre a categoria e o presidente.<\/p>\n<p><strong>Assessoria de Imprensa Sincor-SP<\/strong><\/p>\n","protected":false},"excerpt":{"rendered":"<p>Com o tema \u201cExposi\u00e7\u00e3o da comiss\u00e3o do corretor de seguros e recadastramento\u201d, a 17\u00aa edi\u00e7\u00e3o do Direto &amp; Reto com Camillo vai receber o presidente da Fenacor, Armando Verg\u00edlio. A transmiss\u00e3o acontece no dia 24 de junho, a partir das 10h, no canal da TV Sincor-SP no YouTube. Segundo o presidente do Sincor-SP, Alexandre Camillo, [&hellip;]<\/p>\n","protected":false},"author":2,"featured_media":16663,"comment_status":"open","ping_status":"open","sticky":false,"template":"","format":"standard","meta":[],"categories":[376],"tags":[],"jetpack_featured_media_url":"https:\/\/insurancecorp.com.br\/pt\/wp-content\/uploads\/2020\/06\/Claudia-Papa-foto-de-Janete-Longo-13.jpg","yoast_head":"<!-- This site is optimized with the Yoast SEO plugin v14.8 - https:\/\/yoast.com\/wordpress\/plugins\/seo\/ -->\n<title>Direto &amp; Reto com Camillo recebe Armando Verg\u00edlio | Revista Insurance Corp | PT-BR<\/title>\n<meta name=\"robots\" content=\"index, follow\" \/>\n<meta name=\"googlebot\" content=\"index, follow, max-snippet:-1, max-image-preview:large, max-video-preview:-1\" \/>\n<meta name=\"bingbot\" content=\"index, follow, max-snippet:-1, max-image-preview:large, max-video-preview:-1\" \/>\n<link rel=\"canonical\" href=\"https:\/\/insurancecorp.com.br\/pt\/2020\/06\/19\/direto-reto-com-camillo-recebe-armando-vergilio\/\" \/>\n<meta property=\"og:locale\" content=\"pt_BR\" \/>\n<meta property=\"og:type\" content=\"article\" \/>\n<meta property=\"og:title\" content=\"Direto &amp; Reto com Camillo recebe Armando Verg\u00edlio | Revista Insurance Corp | PT-BR\" \/>\n<meta property=\"og:description\" content=\"Com o tema \u201cExposi\u00e7\u00e3o da comiss\u00e3o do corretor de seguros e recadastramento\u201d, a 17\u00aa edi\u00e7\u00e3o do Direto &amp; Reto com Camillo vai receber o presidente da Fenacor, Armando Verg\u00edlio. A transmiss\u00e3o acontece no dia 24 de junho, a partir das 10h, no canal da TV Sincor-SP no YouTube. Segundo o presidente do Sincor-SP, Alexandre Camillo, [&hellip;]\" \/>\n<meta property=\"og:url\" content=\"https:\/\/insurancecorp.com.br\/pt\/2020\/06\/19\/direto-reto-com-camillo-recebe-armando-vergilio\/\" \/>\n<meta property=\"og:site_name\" content=\"Revista Insurance Corp | PT-BR\" \/>\n<meta property=\"article:publisher\" content=\"https:\/\/www.facebook.com\/RevistaInsuranceCorp\/\" \/>\n<meta property=\"article:published_time\" content=\"2020-06-19T22:04:43+00:00\" \/>\n<meta property=\"article:modified_time\" content=\"2020-06-19T22:05:06+00:00\" \/>\n<meta property=\"og:image\" content=\"https:\/\/insurancecorp.com.br\/pt\/wp-content\/uploads\/2020\/06\/Claudia-Papa-foto-de-Janete-Longo-13.jpg\" \/>\n\t<meta property=\"og:image:width\" content=\"477\" \/>\n\t<meta property=\"og:image:height\" content=\"262\" \/>\n<meta name=\"twitter:card\" content=\"summary\" \/>\n<script type=\"application\/ld+json\" class=\"yoast-schema-graph\">{\"@context\":\"https:\/\/schema.org\",\"@graph\":[{\"@type\":\"Organization\",\"@id\":\"https:\/\/insurancecorp.com.br\/pt\/#organization\",\"name\":\"Revista Insurance Corp\",\"url\":\"https:\/\/insurancecorp.com.br\/pt\/\",\"sameAs\":[\"https:\/\/www.facebook.com\/RevistaInsuranceCorp\/\"],\"logo\":{\"@type\":\"ImageObject\",\"@id\":\"https:\/\/insurancecorp.com.br\/pt\/#logo\",\"inLanguage\":\"pt-BR\",\"url\":\"\",\"caption\":\"Revista Insurance Corp\"},\"image\":{\"@id\":\"https:\/\/insurancecorp.com.br\/pt\/#logo\"}},{\"@type\":\"WebSite\",\"@id\":\"https:\/\/insurancecorp.com.br\/pt\/#website\",\"url\":\"https:\/\/insurancecorp.com.br\/pt\/\",\"name\":\"Revista Insurance Corp | PT-BR\",\"description\":\"A \\u00fanica revista bil\\u00edngue voltada ao mercado de seguro.\",\"publisher\":{\"@id\":\"https:\/\/insurancecorp.com.br\/pt\/#organization\"},\"potentialAction\":[{\"@type\":\"SearchAction\",\"target\":\"https:\/\/insurancecorp.com.br\/pt\/?s={search_term_string}\",\"query-input\":\"required name=search_term_string\"}],\"inLanguage\":\"pt-BR\"},{\"@type\":\"ImageObject\",\"@id\":\"https:\/\/insurancecorp.com.br\/pt\/2020\/06\/19\/direto-reto-com-camillo-recebe-armando-vergilio\/#primaryimage\",\"inLanguage\":\"pt-BR\",\"url\":\"https:\/\/insurancecorp.com.br\/pt\/wp-content\/uploads\/2020\/06\/Claudia-Papa-foto-de-Janete-Longo-13.jpg\",\"width\":477,\"height\":262},{\"@type\":\"WebPage\",\"@id\":\"https:\/\/insurancecorp.com.br\/pt\/2020\/06\/19\/direto-reto-com-camillo-recebe-armando-vergilio\/#webpage\",\"url\":\"https:\/\/insurancecorp.com.br\/pt\/2020\/06\/19\/direto-reto-com-camillo-recebe-armando-vergilio\/\",\"name\":\"Direto & Reto com Camillo recebe Armando Verg\\u00edlio | Revista Insurance Corp | PT-BR\",\"isPartOf\":{\"@id\":\"https:\/\/insurancecorp.com.br\/pt\/#website\"},\"primaryImageOfPage\":{\"@id\":\"https:\/\/insurancecorp.com.br\/pt\/2020\/06\/19\/direto-reto-com-camillo-recebe-armando-vergilio\/#primaryimage\"},\"datePublished\":\"2020-06-19T22:04:43+00:00\",\"dateModified\":\"2020-06-19T22:05:06+00:00\",\"inLanguage\":\"pt-BR\",\"potentialAction\":[{\"@type\":\"ReadAction\",\"target\":[\"https:\/\/insurancecorp.com.br\/pt\/2020\/06\/19\/direto-reto-com-camillo-recebe-armando-vergilio\/\"]}]},{\"@type\":\"Article\",\"@id\":\"https:\/\/insurancecorp.com.br\/pt\/2020\/06\/19\/direto-reto-com-camillo-recebe-armando-vergilio\/#article\",\"isPartOf\":{\"@id\":\"https:\/\/insurancecorp.com.br\/pt\/2020\/06\/19\/direto-reto-com-camillo-recebe-armando-vergilio\/#webpage\"},\"author\":{\"@id\":\"https:\/\/insurancecorp.com.br\/pt\/#\/schema\/person\/1b69c8cf325f0b7167f1b171f52df4af\"},\"headline\":\"Direto &#038; Reto com Camillo recebe Armando Verg\\u00edlio\",\"datePublished\":\"2020-06-19T22:04:43+00:00\",\"dateModified\":\"2020-06-19T22:05:06+00:00\",\"mainEntityOfPage\":{\"@id\":\"https:\/\/insurancecorp.com.br\/pt\/2020\/06\/19\/direto-reto-com-camillo-recebe-armando-vergilio\/#webpage\"},\"commentCount\":0,\"publisher\":{\"@id\":\"https:\/\/insurancecorp.com.br\/pt\/#organization\"},\"image\":{\"@id\":\"https:\/\/insurancecorp.com.br\/pt\/2020\/06\/19\/direto-reto-com-camillo-recebe-armando-vergilio\/#primaryimage\"},\"articleSection\":\"Programa Direto e Reto\",\"inLanguage\":\"pt-BR\",\"potentialAction\":[{\"@type\":\"CommentAction\",\"name\":\"Comment\",\"target\":[\"https:\/\/insurancecorp.com.br\/pt\/2020\/06\/19\/direto-reto-com-camillo-recebe-armando-vergilio\/#respond\"]}]},{\"@type\":\"Person\",\"@id\":\"https:\/\/insurancecorp.com.br\/pt\/#\/schema\/person\/1b69c8cf325f0b7167f1b171f52df4af\",\"name\":\"Publica\\u00e7\\u00e3o\",\"image\":{\"@type\":\"ImageObject\",\"@id\":\"https:\/\/insurancecorp.com.br\/pt\/#personlogo\",\"inLanguage\":\"pt-BR\",\"url\":\"https:\/\/secure.gravatar.com\/avatar\/17226f1f60486eb25d4c6b301ffed37f?s=96&d=mm&r=g\",\"caption\":\"Publica\\u00e7\\u00e3o\"}}]}<\/script>\n<!-- \/ Yoast SEO plugin. -->","_links":{"self":[{"href":"https:\/\/insurancecorp.com.br\/pt\/wp-json\/wp\/v2\/posts\/16662"}],"collection":[{"href":"https:\/\/insurancecorp.com.br\/pt\/wp-json\/wp\/v2\/posts"}],"about":[{"href":"https:\/\/insurancecorp.com.br\/pt\/wp-json\/wp\/v2\/types\/post"}],"author":[{"embeddable":true,"href":"https:\/\/insurancecorp.com.br\/pt\/wp-json\/wp\/v2\/users\/2"}],"replies":[{"embeddable":true,"href":"https:\/\/insurancecorp.com.br\/pt\/wp-json\/wp\/v2\/comments?post=16662"}],"version-history":[{"count":1,"href":"https:\/\/insurancecorp.com.br\/pt\/wp-json\/wp\/v2\/posts\/16662\/revisions"}],"predecessor-version":[{"id":16664,"href":"https:\/\/insurancecorp.com.br\/pt\/wp-json\/wp\/v2\/posts\/16662\/revisions\/16664"}],"wp:featuredmedia":[{"embeddable":true,"href":"https:\/\/insurancecorp.com.br\/pt\/wp-json\/wp\/v2\/media\/16663"}],"wp:attachment":[{"href":"https:\/\/insurancecorp.com.br\/pt\/wp-json\/wp\/v2\/media?parent=16662"}],"wp:term":[{"taxonomy":"category","embeddable":true,"href":"https:\/\/insurancecorp.com.br\/pt\/wp-json\/wp\/v2\/categories?post=16662"},{"taxonomy":"post_tag","embeddable":true,"href":"https:\/\/insurancecorp.com.br\/pt\/wp-json\/wp\/v2\/tags?post=16662"}],"curies":[{"name":"wp","href":"https:\/\/api.w.org\/{rel}","templated":true}]}}