{"id":16101,"date":"2020-05-26T14:41:46","date_gmt":"2020-05-26T17:41:46","guid":{"rendered":"https:\/\/insurancecorp.com.br\/pt\/?p=16101"},"modified":"2020-05-26T14:46:49","modified_gmt":"2020-05-26T17:46:49","slug":"direto-reto-com-camillo-atualiza-categoria-sobre-acoes-politicas-e-institucionais","status":"publish","type":"post","link":"https:\/\/insurancecorp.com.br\/pt\/2020\/05\/26\/direto-reto-com-camillo-atualiza-categoria-sobre-acoes-politicas-e-institucionais\/","title":{"rendered":"Camillo atualiza categoria sobre a\u00e7\u00f5es pol\u00edticas e institucionais"},"content":{"rendered":"<p>Para falar sobre as a\u00e7\u00f5es pol\u00edticas e institucionais que afetam o mercado de seguros, principalmente os corretores, o presidente do Sindicato de Empres\u00e1rios e Profissionais Aut\u00f4nomos da Corretagem e da Distribui\u00e7\u00e3o de Seguros do Estado de S\u00e3o Paulo (Sincor-SP), Alexandre Camillo, apresenta a 16\u00aa edi\u00e7\u00e3o do Direto &amp; Reto com Camillo. A transmiss\u00e3o acontece pelo canal da <a href=\"https:\/\/www.youtube.com\/channel\/UCSj0Kif4RwhbgELrVhGwDww\">TV Sincor-SP<\/a> no YouTube, a partir das 10h.<\/p>\n<p>\u201cEm momentos como o que estamos vivendo, \u00e9 preciso estar ainda mais pr\u00f3ximo da categoria, com o objetivo de dialogar, entender as dificuldades e prestar orienta\u00e7\u00e3o\u201d, ressalta Camillo.<\/p>\n<p>J\u00e1 \u00e9 poss\u00edvel participar enviando perguntas, questionamentos e coment\u00e1rios sobre o tema para o WhatsApp (11) 97363-0844.<\/p>\n<p>O Direto &amp; Reto com Camillo \u00e9 exibido todas as \u00faltimas quartas-feiras do m\u00eas e tem como prop\u00f3sito aproximar, ainda mais, o Sincor-SP dos corretores de seguros, promovendo di\u00e1logo entre a categoria e o presidente<\/p>\n<p><strong>Assessoria de Imprensa<\/strong><\/p>\n","protected":false},"excerpt":{"rendered":"<p>Para falar sobre as a\u00e7\u00f5es pol\u00edticas e institucionais que afetam o mercado de seguros, principalmente os corretores, o presidente do Sindicato de Empres\u00e1rios e Profissionais Aut\u00f4nomos da Corretagem e da Distribui\u00e7\u00e3o de Seguros do Estado de S\u00e3o Paulo (Sincor-SP), Alexandre Camillo, apresenta a 16\u00aa edi\u00e7\u00e3o do Direto &amp; Reto com Camillo. A transmiss\u00e3o acontece pelo [&hellip;]<\/p>\n","protected":false},"author":2,"featured_media":16102,"comment_status":"open","ping_status":"open","sticky":false,"template":"","format":"standard","meta":[],"categories":[376],"tags":[],"jetpack_featured_media_url":"https:\/\/insurancecorp.com.br\/pt\/wp-content\/uploads\/2020\/05\/LWH4950-4.jpg","yoast_head":"<!-- This site is optimized with the Yoast SEO plugin v14.8 - https:\/\/yoast.com\/wordpress\/plugins\/seo\/ -->\n<title>Camillo atualiza categoria sobre a\u00e7\u00f5es pol\u00edticas e institucionais | Revista Insurance Corp | PT-BR<\/title>\n<meta name=\"robots\" content=\"index, follow\" \/>\n<meta name=\"googlebot\" content=\"index, follow, max-snippet:-1, max-image-preview:large, max-video-preview:-1\" \/>\n<meta name=\"bingbot\" content=\"index, follow, max-snippet:-1, max-image-preview:large, max-video-preview:-1\" \/>\n<link rel=\"canonical\" href=\"https:\/\/insurancecorp.com.br\/pt\/2020\/05\/26\/direto-reto-com-camillo-atualiza-categoria-sobre-acoes-politicas-e-institucionais\/\" \/>\n<meta property=\"og:locale\" content=\"pt_BR\" \/>\n<meta property=\"og:type\" content=\"article\" \/>\n<meta property=\"og:title\" content=\"Camillo atualiza categoria sobre a\u00e7\u00f5es pol\u00edticas e institucionais | Revista Insurance Corp | PT-BR\" \/>\n<meta property=\"og:description\" content=\"Para falar sobre as a\u00e7\u00f5es pol\u00edticas e institucionais que afetam o mercado de seguros, principalmente os corretores, o presidente do Sindicato de Empres\u00e1rios e Profissionais Aut\u00f4nomos da Corretagem e da Distribui\u00e7\u00e3o de Seguros do Estado de S\u00e3o Paulo (Sincor-SP), Alexandre Camillo, apresenta a 16\u00aa edi\u00e7\u00e3o do Direto &amp; Reto com Camillo. A transmiss\u00e3o acontece pelo [&hellip;]\" \/>\n<meta property=\"og:url\" content=\"https:\/\/insurancecorp.com.br\/pt\/2020\/05\/26\/direto-reto-com-camillo-atualiza-categoria-sobre-acoes-politicas-e-institucionais\/\" \/>\n<meta property=\"og:site_name\" content=\"Revista Insurance Corp | PT-BR\" \/>\n<meta property=\"article:publisher\" content=\"https:\/\/www.facebook.com\/RevistaInsuranceCorp\/\" \/>\n<meta property=\"article:published_time\" content=\"2020-05-26T17:41:46+00:00\" \/>\n<meta property=\"article:modified_time\" content=\"2020-05-26T17:46:49+00:00\" \/>\n<meta property=\"og:image\" content=\"https:\/\/insurancecorp.com.br\/pt\/wp-content\/uploads\/2020\/05\/LWH4950-4.jpg\" \/>\n\t<meta property=\"og:image:width\" content=\"1016\" \/>\n\t<meta property=\"og:image:height\" content=\"682\" \/>\n<meta name=\"twitter:card\" content=\"summary\" \/>\n<script type=\"application\/ld+json\" class=\"yoast-schema-graph\">{\"@context\":\"https:\/\/schema.org\",\"@graph\":[{\"@type\":\"Organization\",\"@id\":\"https:\/\/insurancecorp.com.br\/pt\/#organization\",\"name\":\"Revista Insurance Corp\",\"url\":\"https:\/\/insurancecorp.com.br\/pt\/\",\"sameAs\":[\"https:\/\/www.facebook.com\/RevistaInsuranceCorp\/\"],\"logo\":{\"@type\":\"ImageObject\",\"@id\":\"https:\/\/insurancecorp.com.br\/pt\/#logo\",\"inLanguage\":\"pt-BR\",\"url\":\"\",\"caption\":\"Revista Insurance Corp\"},\"image\":{\"@id\":\"https:\/\/insurancecorp.com.br\/pt\/#logo\"}},{\"@type\":\"WebSite\",\"@id\":\"https:\/\/insurancecorp.com.br\/pt\/#website\",\"url\":\"https:\/\/insurancecorp.com.br\/pt\/\",\"name\":\"Revista Insurance Corp | PT-BR\",\"description\":\"A \\u00fanica revista bil\\u00edngue voltada ao mercado de seguro.\",\"publisher\":{\"@id\":\"https:\/\/insurancecorp.com.br\/pt\/#organization\"},\"potentialAction\":[{\"@type\":\"SearchAction\",\"target\":\"https:\/\/insurancecorp.com.br\/pt\/?s={search_term_string}\",\"query-input\":\"required name=search_term_string\"}],\"inLanguage\":\"pt-BR\"},{\"@type\":\"ImageObject\",\"@id\":\"https:\/\/insurancecorp.com.br\/pt\/2020\/05\/26\/direto-reto-com-camillo-atualiza-categoria-sobre-acoes-politicas-e-institucionais\/#primaryimage\",\"inLanguage\":\"pt-BR\",\"url\":\"https:\/\/insurancecorp.com.br\/pt\/wp-content\/uploads\/2020\/05\/LWH4950-4.jpg\",\"width\":1016,\"height\":682},{\"@type\":\"WebPage\",\"@id\":\"https:\/\/insurancecorp.com.br\/pt\/2020\/05\/26\/direto-reto-com-camillo-atualiza-categoria-sobre-acoes-politicas-e-institucionais\/#webpage\",\"url\":\"https:\/\/insurancecorp.com.br\/pt\/2020\/05\/26\/direto-reto-com-camillo-atualiza-categoria-sobre-acoes-politicas-e-institucionais\/\",\"name\":\"Camillo atualiza categoria sobre a\\u00e7\\u00f5es pol\\u00edticas e institucionais | Revista Insurance Corp | PT-BR\",\"isPartOf\":{\"@id\":\"https:\/\/insurancecorp.com.br\/pt\/#website\"},\"primaryImageOfPage\":{\"@id\":\"https:\/\/insurancecorp.com.br\/pt\/2020\/05\/26\/direto-reto-com-camillo-atualiza-categoria-sobre-acoes-politicas-e-institucionais\/#primaryimage\"},\"datePublished\":\"2020-05-26T17:41:46+00:00\",\"dateModified\":\"2020-05-26T17:46:49+00:00\",\"inLanguage\":\"pt-BR\",\"potentialAction\":[{\"@type\":\"ReadAction\",\"target\":[\"https:\/\/insurancecorp.com.br\/pt\/2020\/05\/26\/direto-reto-com-camillo-atualiza-categoria-sobre-acoes-politicas-e-institucionais\/\"]}]},{\"@type\":\"Article\",\"@id\":\"https:\/\/insurancecorp.com.br\/pt\/2020\/05\/26\/direto-reto-com-camillo-atualiza-categoria-sobre-acoes-politicas-e-institucionais\/#article\",\"isPartOf\":{\"@id\":\"https:\/\/insurancecorp.com.br\/pt\/2020\/05\/26\/direto-reto-com-camillo-atualiza-categoria-sobre-acoes-politicas-e-institucionais\/#webpage\"},\"author\":{\"@id\":\"https:\/\/insurancecorp.com.br\/pt\/#\/schema\/person\/1b69c8cf325f0b7167f1b171f52df4af\"},\"headline\":\"Camillo atualiza categoria sobre a\\u00e7\\u00f5es pol\\u00edticas e institucionais\",\"datePublished\":\"2020-05-26T17:41:46+00:00\",\"dateModified\":\"2020-05-26T17:46:49+00:00\",\"mainEntityOfPage\":{\"@id\":\"https:\/\/insurancecorp.com.br\/pt\/2020\/05\/26\/direto-reto-com-camillo-atualiza-categoria-sobre-acoes-politicas-e-institucionais\/#webpage\"},\"commentCount\":0,\"publisher\":{\"@id\":\"https:\/\/insurancecorp.com.br\/pt\/#organization\"},\"image\":{\"@id\":\"https:\/\/insurancecorp.com.br\/pt\/2020\/05\/26\/direto-reto-com-camillo-atualiza-categoria-sobre-acoes-politicas-e-institucionais\/#primaryimage\"},\"articleSection\":\"Programa Direto e Reto\",\"inLanguage\":\"pt-BR\",\"potentialAction\":[{\"@type\":\"CommentAction\",\"name\":\"Comment\",\"target\":[\"https:\/\/insurancecorp.com.br\/pt\/2020\/05\/26\/direto-reto-com-camillo-atualiza-categoria-sobre-acoes-politicas-e-institucionais\/#respond\"]}]},{\"@type\":\"Person\",\"@id\":\"https:\/\/insurancecorp.com.br\/pt\/#\/schema\/person\/1b69c8cf325f0b7167f1b171f52df4af\",\"name\":\"Publica\\u00e7\\u00e3o\",\"image\":{\"@type\":\"ImageObject\",\"@id\":\"https:\/\/insurancecorp.com.br\/pt\/#personlogo\",\"inLanguage\":\"pt-BR\",\"url\":\"https:\/\/secure.gravatar.com\/avatar\/17226f1f60486eb25d4c6b301ffed37f?s=96&d=mm&r=g\",\"caption\":\"Publica\\u00e7\\u00e3o\"}}]}<\/script>\n<!-- \/ Yoast SEO plugin. -->","_links":{"self":[{"href":"https:\/\/insurancecorp.com.br\/pt\/wp-json\/wp\/v2\/posts\/16101"}],"collection":[{"href":"https:\/\/insurancecorp.com.br\/pt\/wp-json\/wp\/v2\/posts"}],"about":[{"href":"https:\/\/insurancecorp.com.br\/pt\/wp-json\/wp\/v2\/types\/post"}],"author":[{"embeddable":true,"href":"https:\/\/insurancecorp.com.br\/pt\/wp-json\/wp\/v2\/users\/2"}],"replies":[{"embeddable":true,"href":"https:\/\/insurancecorp.com.br\/pt\/wp-json\/wp\/v2\/comments?post=16101"}],"version-history":[{"count":4,"href":"https:\/\/insurancecorp.com.br\/pt\/wp-json\/wp\/v2\/posts\/16101\/revisions"}],"predecessor-version":[{"id":16106,"href":"https:\/\/insurancecorp.com.br\/pt\/wp-json\/wp\/v2\/posts\/16101\/revisions\/16106"}],"wp:featuredmedia":[{"embeddable":true,"href":"https:\/\/insurancecorp.com.br\/pt\/wp-json\/wp\/v2\/media\/16102"}],"wp:attachment":[{"href":"https:\/\/insurancecorp.com.br\/pt\/wp-json\/wp\/v2\/media?parent=16101"}],"wp:term":[{"taxonomy":"category","embeddable":true,"href":"https:\/\/insurancecorp.com.br\/pt\/wp-json\/wp\/v2\/categories?post=16101"},{"taxonomy":"post_tag","embeddable":true,"href":"https:\/\/insurancecorp.com.br\/pt\/wp-json\/wp\/v2\/tags?post=16101"}],"curies":[{"name":"wp","href":"https:\/\/api.w.org\/{rel}","templated":true}]}}