{"id":15931,"date":"2020-05-14T16:19:57","date_gmt":"2020-05-14T19:19:57","guid":{"rendered":"https:\/\/insurancecorp.com.br\/pt\/?p=15931"},"modified":"2020-05-14T16:20:30","modified_gmt":"2020-05-14T19:20:30","slug":"marsh-anuncia-nomeacao-de-novos-diretores","status":"publish","type":"post","link":"https:\/\/insurancecorp.com.br\/pt\/2020\/05\/14\/marsh-anuncia-nomeacao-de-novos-diretores\/","title":{"rendered":"Marsh anuncia nomea\u00e7\u00e3o de novos diretores"},"content":{"rendered":"<p>A consultoria de riscos Marsh anuncia a nomea\u00e7\u00e3o de novos diretores que visa fortalecer ainda mais a atua\u00e7\u00e3o da companhia em mercados estrat\u00e9gicos e trazer novas solu\u00e7\u00f5es para os clientes.<br \/>\nUm dos executivos \u00e9 Ennius Athayde que assume a diretoria das Filiais Belo Horizonte, Recife, Fortaleza e Salvador. Athayde ficar\u00e1 baseado em Belo Horizonte e tamb\u00e9m ser\u00e1 respons\u00e1vel pelo desenvolvimento da regi\u00e3o de Goi\u00e1s.<br \/>\nPara a diretoria da filial Rio de Janeiro, a Marsh nomeou Fernando Coelho. O executivo ocupar\u00e1 a nova fun\u00e7\u00e3o sediado no escrit\u00f3rio do Rio e comandar\u00e1 tamb\u00e9m a filial Esp\u00edrito Santo.<br \/>\nOutro an\u00fancio da Marsh \u00e9 a nova diretoria da Filial Sul. Com escrit\u00f3rios em Curitiba e Porto Alegre e ampla carteira na regi\u00e3o de Santa Catarina, Jo\u00e3o Loures passa a ser diretor da regi\u00e3o com base em Curitiba.<br \/>\nA nomea\u00e7\u00e3o destes profissionais reflete o compromisso da companhia com o crescimento das filiais e a representatividade destas regi\u00f5es. Experientes, conhecedores de nossa ind\u00fastria e com uma grande bagagem tanto em P&amp;C como em EH&amp;B, Ennius, Fernando e Jo\u00e3o respondem por uma carteira robusta em neg\u00f3cios novos e existentes entre 08 filiais.<br \/>\nDiretoria de Portos e Terminais<br \/>\nA Marsh anuncia tamb\u00e9m que o executivo Paulo Guerreiro ser\u00e1 diretor de Portos e Terminais da consultoria de riscos. Com mais de dez anos de experi\u00eancia no mercado segurador, especialmente nos segmentos de Transportes e \u00d3leo e G\u00e1s, Guerreiro ir\u00e1 liderar as solu\u00e7\u00f5es da companhia para riscos operacionais, financeiros e de constru\u00e7\u00e3o para a ind\u00fastria de Portos e Terminais. Paulo ficar\u00e1 sediado em S\u00e3o Paulo.<br \/>\nGest\u00e3o de Sa\u00fade e Qualidade de Vida<br \/>\nNa Mercer Marsh Benef\u00edcios, divis\u00e3o da Marsh especializada em gest\u00e3o e consultoria de sa\u00fade e benef\u00edcios, Antonietta Medeiros foi nomeada Diretora de Gest\u00e3o de Sa\u00fade e Qualidade de Vida.<br \/>\nA executiva lidera as \u00e1reas de Gest\u00e3o de Sa\u00fade, Atuarial e Estat\u00edstica e h\u00e1 mais de 2 anos reestruturou esta \u00e1rea da consultoria, com revis\u00e3o de processos, inova\u00e7\u00e3o em sistemas e transforma\u00e7\u00e3o no posicionamento da empresa para o segmento, resultado de seus mais de 20 anos de atua\u00e7\u00e3o no setor de sa\u00fade e qualidade de vida.<\/p>\n<p><strong>Conte\u00fado Comunica\u00e7\u00e3o Empresarial<\/strong><\/p>\n","protected":false},"excerpt":{"rendered":"<p>A consultoria de riscos Marsh anuncia a nomea\u00e7\u00e3o de novos diretores que visa fortalecer ainda mais a atua\u00e7\u00e3o da companhia em mercados estrat\u00e9gicos e trazer novas solu\u00e7\u00f5es para os clientes. Um dos executivos \u00e9 Ennius Athayde que assume a diretoria das Filiais Belo Horizonte, Recife, Fortaleza e Salvador. Athayde ficar\u00e1 baseado em Belo Horizonte e [&hellip;]<\/p>\n","protected":false},"author":2,"featured_media":15932,"comment_status":"open","ping_status":"open","sticky":false,"template":"","format":"standard","meta":[],"categories":[247],"tags":[],"jetpack_featured_media_url":"https:\/\/insurancecorp.com.br\/pt\/wp-content\/uploads\/2020\/05\/Ituran-13.jpg","yoast_head":"<!-- This site is optimized with the Yoast SEO plugin v14.8 - https:\/\/yoast.com\/wordpress\/plugins\/seo\/ -->\n<title>Marsh anuncia nomea\u00e7\u00e3o de novos diretores | Revista Insurance Corp | PT-BR<\/title>\n<meta name=\"robots\" content=\"index, follow\" \/>\n<meta name=\"googlebot\" content=\"index, follow, max-snippet:-1, max-image-preview:large, max-video-preview:-1\" \/>\n<meta name=\"bingbot\" content=\"index, follow, max-snippet:-1, max-image-preview:large, max-video-preview:-1\" \/>\n<link rel=\"canonical\" href=\"https:\/\/insurancecorp.com.br\/pt\/2020\/05\/14\/marsh-anuncia-nomeacao-de-novos-diretores\/\" \/>\n<meta property=\"og:locale\" content=\"pt_BR\" \/>\n<meta property=\"og:type\" content=\"article\" \/>\n<meta property=\"og:title\" content=\"Marsh anuncia nomea\u00e7\u00e3o de novos diretores | Revista Insurance Corp | PT-BR\" \/>\n<meta property=\"og:description\" content=\"A consultoria de riscos Marsh anuncia a nomea\u00e7\u00e3o de novos diretores que visa fortalecer ainda mais a atua\u00e7\u00e3o da companhia em mercados estrat\u00e9gicos e trazer novas solu\u00e7\u00f5es para os clientes. Um dos executivos \u00e9 Ennius Athayde que assume a diretoria das Filiais Belo Horizonte, Recife, Fortaleza e Salvador. Athayde ficar\u00e1 baseado em Belo Horizonte e [&hellip;]\" \/>\n<meta property=\"og:url\" content=\"https:\/\/insurancecorp.com.br\/pt\/2020\/05\/14\/marsh-anuncia-nomeacao-de-novos-diretores\/\" \/>\n<meta property=\"og:site_name\" content=\"Revista Insurance Corp | PT-BR\" \/>\n<meta property=\"article:publisher\" content=\"https:\/\/www.facebook.com\/RevistaInsuranceCorp\/\" \/>\n<meta property=\"article:published_time\" content=\"2020-05-14T19:19:57+00:00\" \/>\n<meta property=\"article:modified_time\" content=\"2020-05-14T19:20:30+00:00\" \/>\n<meta property=\"og:image\" content=\"https:\/\/insurancecorp.com.br\/pt\/wp-content\/uploads\/2020\/05\/Ituran-13.jpg\" \/>\n\t<meta property=\"og:image:width\" content=\"512\" \/>\n\t<meta property=\"og:image:height\" content=\"281\" \/>\n<meta name=\"twitter:card\" content=\"summary\" \/>\n<script type=\"application\/ld+json\" class=\"yoast-schema-graph\">{\"@context\":\"https:\/\/schema.org\",\"@graph\":[{\"@type\":\"Organization\",\"@id\":\"https:\/\/insurancecorp.com.br\/pt\/#organization\",\"name\":\"Revista Insurance Corp\",\"url\":\"https:\/\/insurancecorp.com.br\/pt\/\",\"sameAs\":[\"https:\/\/www.facebook.com\/RevistaInsuranceCorp\/\"],\"logo\":{\"@type\":\"ImageObject\",\"@id\":\"https:\/\/insurancecorp.com.br\/pt\/#logo\",\"inLanguage\":\"pt-BR\",\"url\":\"\",\"caption\":\"Revista Insurance Corp\"},\"image\":{\"@id\":\"https:\/\/insurancecorp.com.br\/pt\/#logo\"}},{\"@type\":\"WebSite\",\"@id\":\"https:\/\/insurancecorp.com.br\/pt\/#website\",\"url\":\"https:\/\/insurancecorp.com.br\/pt\/\",\"name\":\"Revista Insurance Corp | PT-BR\",\"description\":\"A \\u00fanica revista bil\\u00edngue voltada ao mercado de seguro.\",\"publisher\":{\"@id\":\"https:\/\/insurancecorp.com.br\/pt\/#organization\"},\"potentialAction\":[{\"@type\":\"SearchAction\",\"target\":\"https:\/\/insurancecorp.com.br\/pt\/?s={search_term_string}\",\"query-input\":\"required name=search_term_string\"}],\"inLanguage\":\"pt-BR\"},{\"@type\":\"ImageObject\",\"@id\":\"https:\/\/insurancecorp.com.br\/pt\/2020\/05\/14\/marsh-anuncia-nomeacao-de-novos-diretores\/#primaryimage\",\"inLanguage\":\"pt-BR\",\"url\":\"https:\/\/insurancecorp.com.br\/pt\/wp-content\/uploads\/2020\/05\/Ituran-13.jpg\",\"width\":512,\"height\":281},{\"@type\":\"WebPage\",\"@id\":\"https:\/\/insurancecorp.com.br\/pt\/2020\/05\/14\/marsh-anuncia-nomeacao-de-novos-diretores\/#webpage\",\"url\":\"https:\/\/insurancecorp.com.br\/pt\/2020\/05\/14\/marsh-anuncia-nomeacao-de-novos-diretores\/\",\"name\":\"Marsh anuncia nomea\\u00e7\\u00e3o de novos diretores | Revista Insurance Corp | PT-BR\",\"isPartOf\":{\"@id\":\"https:\/\/insurancecorp.com.br\/pt\/#website\"},\"primaryImageOfPage\":{\"@id\":\"https:\/\/insurancecorp.com.br\/pt\/2020\/05\/14\/marsh-anuncia-nomeacao-de-novos-diretores\/#primaryimage\"},\"datePublished\":\"2020-05-14T19:19:57+00:00\",\"dateModified\":\"2020-05-14T19:20:30+00:00\",\"inLanguage\":\"pt-BR\",\"potentialAction\":[{\"@type\":\"ReadAction\",\"target\":[\"https:\/\/insurancecorp.com.br\/pt\/2020\/05\/14\/marsh-anuncia-nomeacao-de-novos-diretores\/\"]}]},{\"@type\":\"Article\",\"@id\":\"https:\/\/insurancecorp.com.br\/pt\/2020\/05\/14\/marsh-anuncia-nomeacao-de-novos-diretores\/#article\",\"isPartOf\":{\"@id\":\"https:\/\/insurancecorp.com.br\/pt\/2020\/05\/14\/marsh-anuncia-nomeacao-de-novos-diretores\/#webpage\"},\"author\":{\"@id\":\"https:\/\/insurancecorp.com.br\/pt\/#\/schema\/person\/1b69c8cf325f0b7167f1b171f52df4af\"},\"headline\":\"Marsh anuncia nomea\\u00e7\\u00e3o de novos diretores\",\"datePublished\":\"2020-05-14T19:19:57+00:00\",\"dateModified\":\"2020-05-14T19:20:30+00:00\",\"mainEntityOfPage\":{\"@id\":\"https:\/\/insurancecorp.com.br\/pt\/2020\/05\/14\/marsh-anuncia-nomeacao-de-novos-diretores\/#webpage\"},\"commentCount\":0,\"publisher\":{\"@id\":\"https:\/\/insurancecorp.com.br\/pt\/#organization\"},\"image\":{\"@id\":\"https:\/\/insurancecorp.com.br\/pt\/2020\/05\/14\/marsh-anuncia-nomeacao-de-novos-diretores\/#primaryimage\"},\"articleSection\":\"Marsh\/JLT\",\"inLanguage\":\"pt-BR\",\"potentialAction\":[{\"@type\":\"CommentAction\",\"name\":\"Comment\",\"target\":[\"https:\/\/insurancecorp.com.br\/pt\/2020\/05\/14\/marsh-anuncia-nomeacao-de-novos-diretores\/#respond\"]}]},{\"@type\":\"Person\",\"@id\":\"https:\/\/insurancecorp.com.br\/pt\/#\/schema\/person\/1b69c8cf325f0b7167f1b171f52df4af\",\"name\":\"Publica\\u00e7\\u00e3o\",\"image\":{\"@type\":\"ImageObject\",\"@id\":\"https:\/\/insurancecorp.com.br\/pt\/#personlogo\",\"inLanguage\":\"pt-BR\",\"url\":\"https:\/\/secure.gravatar.com\/avatar\/17226f1f60486eb25d4c6b301ffed37f?s=96&d=mm&r=g\",\"caption\":\"Publica\\u00e7\\u00e3o\"}}]}<\/script>\n<!-- \/ Yoast SEO plugin. -->","_links":{"self":[{"href":"https:\/\/insurancecorp.com.br\/pt\/wp-json\/wp\/v2\/posts\/15931"}],"collection":[{"href":"https:\/\/insurancecorp.com.br\/pt\/wp-json\/wp\/v2\/posts"}],"about":[{"href":"https:\/\/insurancecorp.com.br\/pt\/wp-json\/wp\/v2\/types\/post"}],"author":[{"embeddable":true,"href":"https:\/\/insurancecorp.com.br\/pt\/wp-json\/wp\/v2\/users\/2"}],"replies":[{"embeddable":true,"href":"https:\/\/insurancecorp.com.br\/pt\/wp-json\/wp\/v2\/comments?post=15931"}],"version-history":[{"count":1,"href":"https:\/\/insurancecorp.com.br\/pt\/wp-json\/wp\/v2\/posts\/15931\/revisions"}],"predecessor-version":[{"id":15933,"href":"https:\/\/insurancecorp.com.br\/pt\/wp-json\/wp\/v2\/posts\/15931\/revisions\/15933"}],"wp:featuredmedia":[{"embeddable":true,"href":"https:\/\/insurancecorp.com.br\/pt\/wp-json\/wp\/v2\/media\/15932"}],"wp:attachment":[{"href":"https:\/\/insurancecorp.com.br\/pt\/wp-json\/wp\/v2\/media?parent=15931"}],"wp:term":[{"taxonomy":"category","embeddable":true,"href":"https:\/\/insurancecorp.com.br\/pt\/wp-json\/wp\/v2\/categories?post=15931"},{"taxonomy":"post_tag","embeddable":true,"href":"https:\/\/insurancecorp.com.br\/pt\/wp-json\/wp\/v2\/tags?post=15931"}],"curies":[{"name":"wp","href":"https:\/\/api.w.org\/{rel}","templated":true}]}}