{"id":14846,"date":"2020-03-26T21:37:52","date_gmt":"2020-03-27T00:37:52","guid":{"rendered":"https:\/\/insurancecorp.com.br\/pt\/?p=14846"},"modified":"2020-03-26T21:37:52","modified_gmt":"2020-03-27T00:37:52","slug":"camillo-atualiza-categoria-e-reforca-papel-do-sincor-sp","status":"publish","type":"post","link":"https:\/\/insurancecorp.com.br\/pt\/2020\/03\/26\/camillo-atualiza-categoria-e-reforca-papel-do-sincor-sp\/","title":{"rendered":"Camillo atualiza categoria e refor\u00e7a papel do Sincor-SP"},"content":{"rendered":"<p>Com o tema \u201cCorretores de seguros na luta contra o coronav\u00edrus\u201d, o presidente do Sindicato de Empres\u00e1rios e Profissionais Aut\u00f4nomos da Corretagem e da Distribui\u00e7\u00e3o de Seguros do Estado de S\u00e3o Paulo (Sincor-SP), Alexandre Camillo, apresentou a 14\u00aa edi\u00e7\u00e3o do Direto &amp; Reto com Camillo nesta quarta-feira (25\/03), pelo canal da TV Sincor-SP no YouTube.<\/p>\n<p>Diante da pandemia mundial do novo coronav\u00edrus, Camillo atualizou a categoria sobre os canais de atendimento da entidade durante a quarentena, o apelo da Fenacor \u00e0s seguradoras, com rela\u00e7\u00e3o \u00e0s coberturas do seguro, al\u00e9m de orienta\u00e7\u00f5es sobre as leis, decretos e medidas que afetam os corretores no cen\u00e1rio atual.<\/p>\n<p>\u201cDesde quinta-feira (19\/03), o Sincor-SP est\u00e1 operando totalmente, e perfeitamente, em home office. Continuamos, colaboradores, diretoria e eu, \u00e0 disposi\u00e7\u00e3o dos associados para sanar d\u00favidas e prestar o atendimento de excel\u00eancia que sempre prestamos\u201d, declara.<\/p>\n<p>Em rela\u00e7\u00e3o \u00e0s coberturas securit\u00e1rias para o coronav\u00edrus, Camillo explicou que a Fenacor solicitou as seguradoras para que n\u00e3o apliquem nos contratos de seguros quaisquer cl\u00e1usulas de exclus\u00e3o ou restritivas de direitos relacionadas \u00e0s epidemias ou pandemias, permitindo a cobertura para eventuais casos de sinistros. \u201cEsse foi um pedido para a sensibilidade das seguradoras para quem n\u00e3o faltem aos nossos clientes e a toda a sociedade. Nesse momento, temos que nos desdobrar e ir al\u00e9m do poss\u00edvel. \u00c9 um momento de sacrif\u00edcio para todos\u201d, completa.<\/p>\n<p>Sobre as recentes leis, decretos e medidas divulgadas pelas autoridades de todas as esferas, federais, estaduais e municipais, Camillo destacou que em momentos de crise \u00e9 preciso tomar provid\u00eancias emergenciais. \u201cMedidas governamentais fazem parte de uma crise. O que fazemos hoje, pode n\u00e3o servir para amanh\u00e3. A crise exige dinamismo\u201d.<\/p>\n<p>O presidente ainda anunciou que o Sincor-SP vai disponibilizar todos os documentos das decis\u00f5es governamentais que afetam os corretores de seguros no site da entidade. \u201cAs Comiss\u00f5es t\u00e9cnicas do Sincor-SP, assim como as Assessorias T\u00e9cnica e Jur\u00eddica da entidade v\u00e3o prestar um atendimento aos corretores de seguros. Al\u00e9m disso, estamos atualizando constantemente nossos canais de comunica\u00e7\u00e3o (site, JCS, newsletter e redes sociais) com o objetivo de esclarecer as d\u00favidas e levar orienta\u00e7\u00e3o \u00e0 categoria\u201d.<\/p>\n<p>As atualiza\u00e7\u00f5es sobre a Medida Provis\u00f3ria 905, cujo relat\u00f3rio retoma a Lei 4.594 e foi aprovado pela comiss\u00e3o, Camillo diz que C\u00e2mara e Senado s\u00e3o capazes de votar, mesmo diante do cen\u00e1rio atual. \u201cEles possuem recursos para prosseguir com a vota\u00e7\u00e3o. No momento, a situa\u00e7\u00e3o \u00e9 favor\u00e1vel aos corretores, em rela\u00e7\u00e3o \u00e0 aprova\u00e7\u00e3o do relat\u00f3rio. Precisamos torcer para que v\u00e1 a vota\u00e7\u00e3o. Vencemos uma etapa. Mas temos que estar atentos \u00e0s pr\u00f3ximas\u201d.<\/p>\n<p>Camillo ainda tranquilizou a categoria com rela\u00e7\u00e3o \u00e0 Resolu\u00e7\u00e3o 382, da Susep, ressaltando que as lideran\u00e7as da categoria est\u00e3o avaliando os aspectos t\u00e9cnicos e jur\u00eddicos do documento. \u201cFenacor e Sincors est\u00e3o atentos a isso, assim como estivemos na MP.\u00a0Continue a nos dar apoio que produziremos resultados positivos\u201d.<br \/>\nAssista ao Direto &amp; Reto com Camillo.<\/p>\n<p><strong>Assessoria de Imprensa Sincor-SP<\/strong><\/p>\n","protected":false},"excerpt":{"rendered":"<p>Com o tema \u201cCorretores de seguros na luta contra o coronav\u00edrus\u201d, o presidente do Sindicato de Empres\u00e1rios e Profissionais Aut\u00f4nomos da Corretagem e da Distribui\u00e7\u00e3o de Seguros do Estado de S\u00e3o Paulo (Sincor-SP), Alexandre Camillo, apresentou a 14\u00aa edi\u00e7\u00e3o do Direto &amp; Reto com Camillo nesta quarta-feira (25\/03), pelo canal da TV Sincor-SP no YouTube. [&hellip;]<\/p>\n","protected":false},"author":2,"featured_media":14847,"comment_status":"open","ping_status":"open","sticky":false,"template":"","format":"standard","meta":[],"categories":[376],"tags":[],"jetpack_featured_media_url":"https:\/\/insurancecorp.com.br\/pt\/wp-content\/uploads\/2020\/03\/Foto-4-14.jpg","yoast_head":"<!-- This site is optimized with the Yoast SEO plugin v14.8 - https:\/\/yoast.com\/wordpress\/plugins\/seo\/ -->\n<title>Camillo atualiza categoria e refor\u00e7a papel do Sincor-SP | Revista Insurance Corp | PT-BR<\/title>\n<meta name=\"robots\" content=\"index, follow\" \/>\n<meta name=\"googlebot\" content=\"index, follow, max-snippet:-1, max-image-preview:large, max-video-preview:-1\" \/>\n<meta name=\"bingbot\" content=\"index, follow, max-snippet:-1, max-image-preview:large, max-video-preview:-1\" \/>\n<link rel=\"canonical\" href=\"https:\/\/insurancecorp.com.br\/pt\/2020\/03\/26\/camillo-atualiza-categoria-e-reforca-papel-do-sincor-sp\/\" \/>\n<meta property=\"og:locale\" content=\"pt_BR\" \/>\n<meta property=\"og:type\" content=\"article\" \/>\n<meta property=\"og:title\" content=\"Camillo atualiza categoria e refor\u00e7a papel do Sincor-SP | Revista Insurance Corp | PT-BR\" \/>\n<meta property=\"og:description\" content=\"Com o tema \u201cCorretores de seguros na luta contra o coronav\u00edrus\u201d, o presidente do Sindicato de Empres\u00e1rios e Profissionais Aut\u00f4nomos da Corretagem e da Distribui\u00e7\u00e3o de Seguros do Estado de S\u00e3o Paulo (Sincor-SP), Alexandre Camillo, apresentou a 14\u00aa edi\u00e7\u00e3o do Direto &amp; Reto com Camillo nesta quarta-feira (25\/03), pelo canal da TV Sincor-SP no YouTube. [&hellip;]\" \/>\n<meta property=\"og:url\" content=\"https:\/\/insurancecorp.com.br\/pt\/2020\/03\/26\/camillo-atualiza-categoria-e-reforca-papel-do-sincor-sp\/\" \/>\n<meta property=\"og:site_name\" content=\"Revista Insurance Corp | PT-BR\" \/>\n<meta property=\"article:publisher\" content=\"https:\/\/www.facebook.com\/RevistaInsuranceCorp\/\" \/>\n<meta property=\"article:published_time\" content=\"2020-03-27T00:37:52+00:00\" \/>\n<meta property=\"og:image\" content=\"https:\/\/insurancecorp.com.br\/pt\/wp-content\/uploads\/2020\/03\/Foto-4-14.jpg\" \/>\n\t<meta property=\"og:image:width\" content=\"2956\" \/>\n\t<meta property=\"og:image:height\" content=\"2166\" \/>\n<meta name=\"twitter:card\" content=\"summary\" \/>\n<script type=\"application\/ld+json\" class=\"yoast-schema-graph\">{\"@context\":\"https:\/\/schema.org\",\"@graph\":[{\"@type\":\"Organization\",\"@id\":\"https:\/\/insurancecorp.com.br\/pt\/#organization\",\"name\":\"Revista Insurance Corp\",\"url\":\"https:\/\/insurancecorp.com.br\/pt\/\",\"sameAs\":[\"https:\/\/www.facebook.com\/RevistaInsuranceCorp\/\"],\"logo\":{\"@type\":\"ImageObject\",\"@id\":\"https:\/\/insurancecorp.com.br\/pt\/#logo\",\"inLanguage\":\"pt-BR\",\"url\":\"\",\"caption\":\"Revista Insurance Corp\"},\"image\":{\"@id\":\"https:\/\/insurancecorp.com.br\/pt\/#logo\"}},{\"@type\":\"WebSite\",\"@id\":\"https:\/\/insurancecorp.com.br\/pt\/#website\",\"url\":\"https:\/\/insurancecorp.com.br\/pt\/\",\"name\":\"Revista Insurance Corp | PT-BR\",\"description\":\"A \\u00fanica revista bil\\u00edngue voltada ao mercado de seguro.\",\"publisher\":{\"@id\":\"https:\/\/insurancecorp.com.br\/pt\/#organization\"},\"potentialAction\":[{\"@type\":\"SearchAction\",\"target\":\"https:\/\/insurancecorp.com.br\/pt\/?s={search_term_string}\",\"query-input\":\"required name=search_term_string\"}],\"inLanguage\":\"pt-BR\"},{\"@type\":\"ImageObject\",\"@id\":\"https:\/\/insurancecorp.com.br\/pt\/2020\/03\/26\/camillo-atualiza-categoria-e-reforca-papel-do-sincor-sp\/#primaryimage\",\"inLanguage\":\"pt-BR\",\"url\":\"https:\/\/insurancecorp.com.br\/pt\/wp-content\/uploads\/2020\/03\/Foto-4-14.jpg\",\"width\":2956,\"height\":2166},{\"@type\":\"WebPage\",\"@id\":\"https:\/\/insurancecorp.com.br\/pt\/2020\/03\/26\/camillo-atualiza-categoria-e-reforca-papel-do-sincor-sp\/#webpage\",\"url\":\"https:\/\/insurancecorp.com.br\/pt\/2020\/03\/26\/camillo-atualiza-categoria-e-reforca-papel-do-sincor-sp\/\",\"name\":\"Camillo atualiza categoria e refor\\u00e7a papel do Sincor-SP | Revista Insurance Corp | PT-BR\",\"isPartOf\":{\"@id\":\"https:\/\/insurancecorp.com.br\/pt\/#website\"},\"primaryImageOfPage\":{\"@id\":\"https:\/\/insurancecorp.com.br\/pt\/2020\/03\/26\/camillo-atualiza-categoria-e-reforca-papel-do-sincor-sp\/#primaryimage\"},\"datePublished\":\"2020-03-27T00:37:52+00:00\",\"dateModified\":\"2020-03-27T00:37:52+00:00\",\"inLanguage\":\"pt-BR\",\"potentialAction\":[{\"@type\":\"ReadAction\",\"target\":[\"https:\/\/insurancecorp.com.br\/pt\/2020\/03\/26\/camillo-atualiza-categoria-e-reforca-papel-do-sincor-sp\/\"]}]},{\"@type\":\"Article\",\"@id\":\"https:\/\/insurancecorp.com.br\/pt\/2020\/03\/26\/camillo-atualiza-categoria-e-reforca-papel-do-sincor-sp\/#article\",\"isPartOf\":{\"@id\":\"https:\/\/insurancecorp.com.br\/pt\/2020\/03\/26\/camillo-atualiza-categoria-e-reforca-papel-do-sincor-sp\/#webpage\"},\"author\":{\"@id\":\"https:\/\/insurancecorp.com.br\/pt\/#\/schema\/person\/1b69c8cf325f0b7167f1b171f52df4af\"},\"headline\":\"Camillo atualiza categoria e refor\\u00e7a papel do Sincor-SP\",\"datePublished\":\"2020-03-27T00:37:52+00:00\",\"dateModified\":\"2020-03-27T00:37:52+00:00\",\"mainEntityOfPage\":{\"@id\":\"https:\/\/insurancecorp.com.br\/pt\/2020\/03\/26\/camillo-atualiza-categoria-e-reforca-papel-do-sincor-sp\/#webpage\"},\"commentCount\":0,\"publisher\":{\"@id\":\"https:\/\/insurancecorp.com.br\/pt\/#organization\"},\"image\":{\"@id\":\"https:\/\/insurancecorp.com.br\/pt\/2020\/03\/26\/camillo-atualiza-categoria-e-reforca-papel-do-sincor-sp\/#primaryimage\"},\"articleSection\":\"Programa Direto e Reto\",\"inLanguage\":\"pt-BR\",\"potentialAction\":[{\"@type\":\"CommentAction\",\"name\":\"Comment\",\"target\":[\"https:\/\/insurancecorp.com.br\/pt\/2020\/03\/26\/camillo-atualiza-categoria-e-reforca-papel-do-sincor-sp\/#respond\"]}]},{\"@type\":\"Person\",\"@id\":\"https:\/\/insurancecorp.com.br\/pt\/#\/schema\/person\/1b69c8cf325f0b7167f1b171f52df4af\",\"name\":\"Publica\\u00e7\\u00e3o\",\"image\":{\"@type\":\"ImageObject\",\"@id\":\"https:\/\/insurancecorp.com.br\/pt\/#personlogo\",\"inLanguage\":\"pt-BR\",\"url\":\"https:\/\/secure.gravatar.com\/avatar\/17226f1f60486eb25d4c6b301ffed37f?s=96&d=mm&r=g\",\"caption\":\"Publica\\u00e7\\u00e3o\"}}]}<\/script>\n<!-- \/ Yoast SEO plugin. -->","_links":{"self":[{"href":"https:\/\/insurancecorp.com.br\/pt\/wp-json\/wp\/v2\/posts\/14846"}],"collection":[{"href":"https:\/\/insurancecorp.com.br\/pt\/wp-json\/wp\/v2\/posts"}],"about":[{"href":"https:\/\/insurancecorp.com.br\/pt\/wp-json\/wp\/v2\/types\/post"}],"author":[{"embeddable":true,"href":"https:\/\/insurancecorp.com.br\/pt\/wp-json\/wp\/v2\/users\/2"}],"replies":[{"embeddable":true,"href":"https:\/\/insurancecorp.com.br\/pt\/wp-json\/wp\/v2\/comments?post=14846"}],"version-history":[{"count":2,"href":"https:\/\/insurancecorp.com.br\/pt\/wp-json\/wp\/v2\/posts\/14846\/revisions"}],"predecessor-version":[{"id":14849,"href":"https:\/\/insurancecorp.com.br\/pt\/wp-json\/wp\/v2\/posts\/14846\/revisions\/14849"}],"wp:featuredmedia":[{"embeddable":true,"href":"https:\/\/insurancecorp.com.br\/pt\/wp-json\/wp\/v2\/media\/14847"}],"wp:attachment":[{"href":"https:\/\/insurancecorp.com.br\/pt\/wp-json\/wp\/v2\/media?parent=14846"}],"wp:term":[{"taxonomy":"category","embeddable":true,"href":"https:\/\/insurancecorp.com.br\/pt\/wp-json\/wp\/v2\/categories?post=14846"},{"taxonomy":"post_tag","embeddable":true,"href":"https:\/\/insurancecorp.com.br\/pt\/wp-json\/wp\/v2\/tags?post=14846"}],"curies":[{"name":"wp","href":"https:\/\/api.w.org\/{rel}","templated":true}]}}