{"id":13162,"date":"2019-12-11T14:54:26","date_gmt":"2019-12-11T17:54:26","guid":{"rendered":"https:\/\/insurancecorp.com.br\/pt\/?p=13162"},"modified":"2019-12-11T14:54:26","modified_gmt":"2019-12-11T17:54:26","slug":"mais-de-300-mil-vitimas-ficarao-sem-seguro-dpvat-no-ano-que-vem","status":"publish","type":"post","link":"https:\/\/insurancecorp.com.br\/pt\/2019\/12\/11\/mais-de-300-mil-vitimas-ficarao-sem-seguro-dpvat-no-ano-que-vem\/","title":{"rendered":"Mais de 300 mil v\u00edtimas ficar\u00e3o sem Seguro DPVAT no ano que vem"},"content":{"rendered":"<p>Nos \u00faltimos 10 anos, cerca de 4 milh\u00f5es de v\u00edtimas de acidentes de tr\u00e2nsito foram indenizadas pelo Seguro DPVAT em todo o pa\u00eds. A partir do hist\u00f3rico de dados da Seguradora L\u00edder, \u00e9 poss\u00edvel projetar um cen\u00e1rio de como ser\u00e1 o pr\u00f3ximo ano sem a exist\u00eancia do seguro de acidente de tr\u00e2nsito, usando modelos estat\u00edsticos aplicados em previs\u00f5es de s\u00e9ries temporais. Caso seja extinto, mais de 300 mil pessoas perder\u00e3o o direito ao seguro apenas em 2020. O estudo indica, ainda, que ser\u00e3o mais de 38 mil casos de v\u00edtimas fatais no tr\u00e2nsito e mais de 205 mil pessoas que ficariam com alguma sequela permanente depois de um acidente.<\/p>\n<p>Para 2020, a maior incid\u00eancia de ocorr\u00eancias de tr\u00e2nsito n\u00e3o indenizadas projetadas \u00e9 para v\u00edtimas do sexo masculino, mantendo o mesmo comportamento dos anos anteriores na base indenizat\u00f3ria do Seguro DPVAT. A faixa et\u00e1ria mais atingida no per\u00edodo ser\u00e1 a de 18 a 34 anos, representando 46% do total das indeniza\u00e7\u00f5es, o que corresponde a cerca de 144 mil benef\u00edcios que poder\u00e3o n\u00e3o ser pagos. A proje\u00e7\u00e3o de ocorr\u00eancias para o pr\u00f3ximo ano tamb\u00e9m mostra que a motocicleta seria respons\u00e1vel pela maior parte das indeniza\u00e7\u00f5es, com cerca de 77% do total.<\/p>\n<p>No mesmo per\u00edodo, a maioria dos benef\u00edcios concedidos do Seguro DPVAT seria para motoristas (58%). Estes representariam 56% das indeniza\u00e7\u00f5es para acidentes fatais e 54% para ocorr\u00eancias com sequelas permanentes, predominando significativamente os motociclistas (91%). Os pedestres ficariam em segundo lugar nas indeniza\u00e7\u00f5es por acidentes fatais no per\u00edodo (28%), assim como nos sinistros envolvendo v\u00edtimas com invalidez permanente (35%).<\/p>\n<p>Num cen\u00e1rio sem o Seguro DPVAT, o Nordeste seria o mais atingido. Segundo o estudo, no ano que vem, a regi\u00e3o concentrar\u00e1 a maior parte das ocorr\u00eancias n\u00e3o indenizadas: 30% do total. Entre os estados, S\u00e3o Paulo, Minas Gerais, Cear\u00e1 e Santa Catarina apresentar\u00e3o o maior n\u00famero de v\u00edtimas que ficar\u00e3o sem a cobertura: 38.602, 36.118, 21.883 e 20.251, respectivamente.<\/p>\n<p>\u201cA indeniza\u00e7\u00e3o do Seguro DPVAT tem car\u00e1ter social e protege os mais de 210 milh\u00f5es de brasileiros em casos de acidentes de tr\u00e2nsito. O seguro \u00e9 o \u00fanico amparo econ\u00f4mico para grande parte da popula\u00e7\u00e3o de baixa renda depois de um acidente de tr\u00e2nsito\u201d,\u00a0afirma o diretor-presidente da Seguradora L\u00edder, Ismar T\u00f4rres.<\/p>\n<p>Dos recursos arrecadados pelo Seguro DPVAT, 50% v\u00e3o para a Uni\u00e3o, sendo 45% para o Sistema \u00danico de Sa\u00fade (SUS) para custeio da assist\u00eancia m\u00e9dico-hospitalar \u00e0s v\u00edtimas de acidentes de tr\u00e2nsito, e 5% s\u00e3o para o Denatran (Departamento Nacional de Tr\u00e2nsito), para investimento em programas de educa\u00e7\u00e3o e preven\u00e7\u00e3o de acidentes de tr\u00e2nsito. Os outros 50% s\u00e3o direcionados para despesas, reservas e pagamento de indeniza\u00e7\u00f5es \u00e0s v\u00edtimas. De janeiro a outubro deste ano, a parcela destinada ao SUS totalizou R$ 852,4 milh\u00f5es e, para o Denatran, R$\u00a094,7 milh\u00f5es. Nos \u00faltimos 11 anos, essa contribui\u00e7\u00e3o soma mais de R$ 37,1 bilh\u00f5es.<\/p>\n<p>O estudo leva em considera\u00e7\u00e3o vari\u00e1veis como frota, PIB, pol\u00edticas p\u00fablicas de preven\u00e7\u00e3o e educa\u00e7\u00e3o no tr\u00e2nsito, e tamb\u00e9m dados diretamente relacionados \u00e0 administra\u00e7\u00e3o do benef\u00edcio, como melhorias nos processos internos e maior divulga\u00e7\u00e3o de como ter acesso ao Seguro DPVAT.<\/p>\n<p>No dia 11 de novembro, foi editada uma medida provis\u00f3ria indicando o fim do DPVAT. A MP ser\u00e1 analisada pelo Congresso, que ter\u00e1 o per\u00edodo regimental para se posicionar, aprovando, rejeitando ou modificando o texto.<\/p>\n<p>&nbsp;<\/p>\n<table width=\"0\">\n<tbody>\n<tr>\n<td colspan=\"2\" width=\"269\"><strong>Proje\u00e7\u00e3o de ocorr\u00eancias n\u00e3o indenizadas em 2020 sem Seguro DPVAT<\/strong><\/td>\n<\/tr>\n<tr>\n<td width=\"135\"><strong>UF<\/strong><\/td>\n<td width=\"135\"><strong>Quantidade<\/strong><\/td>\n<\/tr>\n<tr>\n<td width=\"135\">SP<\/td>\n<td width=\"135\">38.602<\/td>\n<\/tr>\n<tr>\n<td width=\"135\">MG<\/td>\n<td width=\"135\">36.118<\/td>\n<\/tr>\n<tr>\n<td width=\"135\">CE<\/td>\n<td width=\"135\">21.883<\/td>\n<\/tr>\n<tr>\n<td width=\"135\">SC<\/td>\n<td width=\"135\">20.251<\/td>\n<\/tr>\n<tr>\n<td width=\"135\">PR<\/td>\n<td width=\"135\">18.162<\/td>\n<\/tr>\n<tr>\n<td width=\"135\">GO<\/td>\n<td width=\"135\">18.112<\/td>\n<\/tr>\n<tr>\n<td width=\"135\">RS<\/td>\n<td width=\"135\">17.869<\/td>\n<\/tr>\n<tr>\n<td width=\"135\">PE<\/td>\n<td width=\"135\">14.636<\/td>\n<\/tr>\n<tr>\n<td width=\"135\">BA<\/td>\n<td width=\"135\">14.059<\/td>\n<\/tr>\n<tr>\n<td width=\"135\">MA<\/td>\n<td width=\"135\">13.260<\/td>\n<\/tr>\n<tr>\n<td width=\"135\">RJ<\/td>\n<td width=\"135\">12.390<\/td>\n<\/tr>\n<tr>\n<td width=\"135\">PI<\/td>\n<td width=\"135\">8.725<\/td>\n<\/tr>\n<tr>\n<td width=\"135\">MT<\/td>\n<td width=\"135\">8.725<\/td>\n<\/tr>\n<tr>\n<td width=\"135\">PA<\/td>\n<td width=\"135\">8.352<\/td>\n<\/tr>\n<tr>\n<td width=\"135\">RN<\/td>\n<td width=\"135\">8.343<\/td>\n<\/tr>\n<tr>\n<td width=\"135\">PB<\/td>\n<td width=\"135\">8.012<\/td>\n<\/tr>\n<tr>\n<td width=\"135\">RO<\/td>\n<td width=\"135\">7.989<\/td>\n<\/tr>\n<tr>\n<td width=\"135\">ES<\/td>\n<td width=\"135\">6.292<\/td>\n<\/tr>\n<tr>\n<td width=\"135\">MS<\/td>\n<td width=\"135\">6.292<\/td>\n<\/tr>\n<tr>\n<td width=\"135\">TO<\/td>\n<td width=\"135\">5.157<\/td>\n<\/tr>\n<tr>\n<td width=\"135\">SE<\/td>\n<td width=\"135\">3.528<\/td>\n<\/tr>\n<tr>\n<td width=\"135\">AL<\/td>\n<td width=\"135\">3.146<\/td>\n<\/tr>\n<tr>\n<td width=\"135\">DF<\/td>\n<td width=\"135\">3.146<\/td>\n<\/tr>\n<tr>\n<td width=\"135\">AM<\/td>\n<td width=\"135\">3.012<\/td>\n<\/tr>\n<tr>\n<td width=\"135\">AP<\/td>\n<td width=\"135\">2.890<\/td>\n<\/tr>\n<tr>\n<td width=\"135\">AC<\/td>\n<td width=\"135\">2.849<\/td>\n<\/tr>\n<tr>\n<td width=\"135\">RR<\/td>\n<td width=\"135\">2.789<\/td>\n<\/tr>\n<tr>\n<td width=\"135\"><strong>Total<\/strong><\/td>\n<td width=\"135\"><strong>314.589<\/strong><\/td>\n<\/tr>\n<\/tbody>\n<\/table>\n<p><em>\u00a0<\/em><em>Fonte: Seguradora L\u00edder<\/em><\/p>\n<p><strong>Acesso o boletim completo <a href=\"https:\/\/www.seguradoralider.com.br\/Documents\/boletim-estatistico\/2020_SemDPVAT.pdf\">aqui<\/a>.<\/strong><\/p>\n<p><strong>CDN Comunica\u00e7\u00e3o<\/strong><\/p>\n","protected":false},"excerpt":{"rendered":"<p>Nos \u00faltimos 10 anos, cerca de 4 milh\u00f5es de v\u00edtimas de acidentes de tr\u00e2nsito foram indenizadas pelo Seguro DPVAT em todo o pa\u00eds. A partir do hist\u00f3rico de dados da Seguradora L\u00edder, \u00e9 poss\u00edvel projetar um cen\u00e1rio de como ser\u00e1 o pr\u00f3ximo ano sem a exist\u00eancia do seguro de acidente de tr\u00e2nsito, usando modelos estat\u00edsticos [&hellip;]<\/p>\n","protected":false},"author":2,"featured_media":13163,"comment_status":"open","ping_status":"open","sticky":false,"template":"","format":"standard","meta":[],"categories":[147],"tags":[],"jetpack_featured_media_url":"https:\/\/insurancecorp.com.br\/pt\/wp-content\/uploads\/2019\/12\/images-5.jpg","yoast_head":"<!-- This site is optimized with the Yoast SEO plugin v14.8 - https:\/\/yoast.com\/wordpress\/plugins\/seo\/ -->\n<title>Mais de 300 mil v\u00edtimas ficar\u00e3o sem Seguro DPVAT no ano que vem | Revista Insurance Corp | PT-BR<\/title>\n<meta name=\"robots\" content=\"index, follow\" \/>\n<meta name=\"googlebot\" content=\"index, follow, max-snippet:-1, max-image-preview:large, max-video-preview:-1\" \/>\n<meta name=\"bingbot\" content=\"index, follow, max-snippet:-1, max-image-preview:large, max-video-preview:-1\" \/>\n<link rel=\"canonical\" href=\"https:\/\/insurancecorp.com.br\/pt\/2019\/12\/11\/mais-de-300-mil-vitimas-ficarao-sem-seguro-dpvat-no-ano-que-vem\/\" \/>\n<meta property=\"og:locale\" content=\"pt_BR\" \/>\n<meta property=\"og:type\" content=\"article\" \/>\n<meta property=\"og:title\" content=\"Mais de 300 mil v\u00edtimas ficar\u00e3o sem Seguro DPVAT no ano que vem | Revista Insurance Corp | PT-BR\" \/>\n<meta property=\"og:description\" content=\"Nos \u00faltimos 10 anos, cerca de 4 milh\u00f5es de v\u00edtimas de acidentes de tr\u00e2nsito foram indenizadas pelo Seguro DPVAT em todo o pa\u00eds. A partir do hist\u00f3rico de dados da Seguradora L\u00edder, \u00e9 poss\u00edvel projetar um cen\u00e1rio de como ser\u00e1 o pr\u00f3ximo ano sem a exist\u00eancia do seguro de acidente de tr\u00e2nsito, usando modelos estat\u00edsticos [&hellip;]\" \/>\n<meta property=\"og:url\" content=\"https:\/\/insurancecorp.com.br\/pt\/2019\/12\/11\/mais-de-300-mil-vitimas-ficarao-sem-seguro-dpvat-no-ano-que-vem\/\" \/>\n<meta property=\"og:site_name\" content=\"Revista Insurance Corp | PT-BR\" \/>\n<meta property=\"article:publisher\" content=\"https:\/\/www.facebook.com\/RevistaInsuranceCorp\/\" \/>\n<meta property=\"article:published_time\" content=\"2019-12-11T17:54:26+00:00\" \/>\n<meta property=\"og:image\" content=\"https:\/\/insurancecorp.com.br\/pt\/wp-content\/uploads\/2019\/12\/images-5.jpg\" \/>\n\t<meta property=\"og:image:width\" content=\"701\" \/>\n\t<meta property=\"og:image:height\" content=\"438\" \/>\n<meta name=\"twitter:card\" content=\"summary\" \/>\n<script type=\"application\/ld+json\" class=\"yoast-schema-graph\">{\"@context\":\"https:\/\/schema.org\",\"@graph\":[{\"@type\":\"Organization\",\"@id\":\"https:\/\/insurancecorp.com.br\/pt\/#organization\",\"name\":\"Revista Insurance Corp\",\"url\":\"https:\/\/insurancecorp.com.br\/pt\/\",\"sameAs\":[\"https:\/\/www.facebook.com\/RevistaInsuranceCorp\/\"],\"logo\":{\"@type\":\"ImageObject\",\"@id\":\"https:\/\/insurancecorp.com.br\/pt\/#logo\",\"inLanguage\":\"pt-BR\",\"url\":\"\",\"caption\":\"Revista Insurance Corp\"},\"image\":{\"@id\":\"https:\/\/insurancecorp.com.br\/pt\/#logo\"}},{\"@type\":\"WebSite\",\"@id\":\"https:\/\/insurancecorp.com.br\/pt\/#website\",\"url\":\"https:\/\/insurancecorp.com.br\/pt\/\",\"name\":\"Revista Insurance Corp | PT-BR\",\"description\":\"A \\u00fanica revista bil\\u00edngue voltada ao mercado de seguro.\",\"publisher\":{\"@id\":\"https:\/\/insurancecorp.com.br\/pt\/#organization\"},\"potentialAction\":[{\"@type\":\"SearchAction\",\"target\":\"https:\/\/insurancecorp.com.br\/pt\/?s={search_term_string}\",\"query-input\":\"required name=search_term_string\"}],\"inLanguage\":\"pt-BR\"},{\"@type\":\"ImageObject\",\"@id\":\"https:\/\/insurancecorp.com.br\/pt\/2019\/12\/11\/mais-de-300-mil-vitimas-ficarao-sem-seguro-dpvat-no-ano-que-vem\/#primaryimage\",\"inLanguage\":\"pt-BR\",\"url\":\"https:\/\/insurancecorp.com.br\/pt\/wp-content\/uploads\/2019\/12\/images-5.jpg\",\"width\":701,\"height\":438},{\"@type\":\"WebPage\",\"@id\":\"https:\/\/insurancecorp.com.br\/pt\/2019\/12\/11\/mais-de-300-mil-vitimas-ficarao-sem-seguro-dpvat-no-ano-que-vem\/#webpage\",\"url\":\"https:\/\/insurancecorp.com.br\/pt\/2019\/12\/11\/mais-de-300-mil-vitimas-ficarao-sem-seguro-dpvat-no-ano-que-vem\/\",\"name\":\"Mais de 300 mil v\\u00edtimas ficar\\u00e3o sem Seguro DPVAT no ano que vem | Revista Insurance Corp | PT-BR\",\"isPartOf\":{\"@id\":\"https:\/\/insurancecorp.com.br\/pt\/#website\"},\"primaryImageOfPage\":{\"@id\":\"https:\/\/insurancecorp.com.br\/pt\/2019\/12\/11\/mais-de-300-mil-vitimas-ficarao-sem-seguro-dpvat-no-ano-que-vem\/#primaryimage\"},\"datePublished\":\"2019-12-11T17:54:26+00:00\",\"dateModified\":\"2019-12-11T17:54:26+00:00\",\"inLanguage\":\"pt-BR\",\"potentialAction\":[{\"@type\":\"ReadAction\",\"target\":[\"https:\/\/insurancecorp.com.br\/pt\/2019\/12\/11\/mais-de-300-mil-vitimas-ficarao-sem-seguro-dpvat-no-ano-que-vem\/\"]}]},{\"@type\":\"Article\",\"@id\":\"https:\/\/insurancecorp.com.br\/pt\/2019\/12\/11\/mais-de-300-mil-vitimas-ficarao-sem-seguro-dpvat-no-ano-que-vem\/#article\",\"isPartOf\":{\"@id\":\"https:\/\/insurancecorp.com.br\/pt\/2019\/12\/11\/mais-de-300-mil-vitimas-ficarao-sem-seguro-dpvat-no-ano-que-vem\/#webpage\"},\"author\":{\"@id\":\"https:\/\/insurancecorp.com.br\/pt\/#\/schema\/person\/1b69c8cf325f0b7167f1b171f52df4af\"},\"headline\":\"Mais de 300 mil v\\u00edtimas ficar\\u00e3o sem Seguro DPVAT no ano que vem\",\"datePublished\":\"2019-12-11T17:54:26+00:00\",\"dateModified\":\"2019-12-11T17:54:26+00:00\",\"mainEntityOfPage\":{\"@id\":\"https:\/\/insurancecorp.com.br\/pt\/2019\/12\/11\/mais-de-300-mil-vitimas-ficarao-sem-seguro-dpvat-no-ano-que-vem\/#webpage\"},\"commentCount\":0,\"publisher\":{\"@id\":\"https:\/\/insurancecorp.com.br\/pt\/#organization\"},\"image\":{\"@id\":\"https:\/\/insurancecorp.com.br\/pt\/2019\/12\/11\/mais-de-300-mil-vitimas-ficarao-sem-seguro-dpvat-no-ano-que-vem\/#primaryimage\"},\"articleSection\":\"L\\u00edder\",\"inLanguage\":\"pt-BR\",\"potentialAction\":[{\"@type\":\"CommentAction\",\"name\":\"Comment\",\"target\":[\"https:\/\/insurancecorp.com.br\/pt\/2019\/12\/11\/mais-de-300-mil-vitimas-ficarao-sem-seguro-dpvat-no-ano-que-vem\/#respond\"]}]},{\"@type\":\"Person\",\"@id\":\"https:\/\/insurancecorp.com.br\/pt\/#\/schema\/person\/1b69c8cf325f0b7167f1b171f52df4af\",\"name\":\"Publica\\u00e7\\u00e3o\",\"image\":{\"@type\":\"ImageObject\",\"@id\":\"https:\/\/insurancecorp.com.br\/pt\/#personlogo\",\"inLanguage\":\"pt-BR\",\"url\":\"https:\/\/secure.gravatar.com\/avatar\/17226f1f60486eb25d4c6b301ffed37f?s=96&d=mm&r=g\",\"caption\":\"Publica\\u00e7\\u00e3o\"}}]}<\/script>\n<!-- \/ Yoast SEO plugin. -->","_links":{"self":[{"href":"https:\/\/insurancecorp.com.br\/pt\/wp-json\/wp\/v2\/posts\/13162"}],"collection":[{"href":"https:\/\/insurancecorp.com.br\/pt\/wp-json\/wp\/v2\/posts"}],"about":[{"href":"https:\/\/insurancecorp.com.br\/pt\/wp-json\/wp\/v2\/types\/post"}],"author":[{"embeddable":true,"href":"https:\/\/insurancecorp.com.br\/pt\/wp-json\/wp\/v2\/users\/2"}],"replies":[{"embeddable":true,"href":"https:\/\/insurancecorp.com.br\/pt\/wp-json\/wp\/v2\/comments?post=13162"}],"version-history":[{"count":1,"href":"https:\/\/insurancecorp.com.br\/pt\/wp-json\/wp\/v2\/posts\/13162\/revisions"}],"predecessor-version":[{"id":13164,"href":"https:\/\/insurancecorp.com.br\/pt\/wp-json\/wp\/v2\/posts\/13162\/revisions\/13164"}],"wp:featuredmedia":[{"embeddable":true,"href":"https:\/\/insurancecorp.com.br\/pt\/wp-json\/wp\/v2\/media\/13163"}],"wp:attachment":[{"href":"https:\/\/insurancecorp.com.br\/pt\/wp-json\/wp\/v2\/media?parent=13162"}],"wp:term":[{"taxonomy":"category","embeddable":true,"href":"https:\/\/insurancecorp.com.br\/pt\/wp-json\/wp\/v2\/categories?post=13162"},{"taxonomy":"post_tag","embeddable":true,"href":"https:\/\/insurancecorp.com.br\/pt\/wp-json\/wp\/v2\/tags?post=13162"}],"curies":[{"name":"wp","href":"https:\/\/api.w.org\/{rel}","templated":true}]}}